{"id":6447,"date":"2022-01-05T20:10:16","date_gmt":"2022-01-06T02:10:16","guid":{"rendered":"https:\/\/www.aquilaguna.com\/?p=6447"},"modified":"2022-01-05T20:10:29","modified_gmt":"2022-01-06T02:10:29","slug":"aqui-laguna-95","status":"publish","type":"post","link":"https:\/\/www.aquilaguna.com\/index.php\/2022\/01\/05\/aqui-laguna-95\/","title":{"rendered":"Aqu\u00ed Laguna."},"content":{"rendered":"\n<p>\u00a1Escaramuzas medi\u00e1ticas! Es&nbsp; por ahora, el saldo que arroja la presentaci\u00f3n de quienes&nbsp; conforman el equipo de trabajo del Licenciado Rom\u00e1n Alberto Cepeda Gonz\u00e1lez, como&nbsp; cabeza de la administraci\u00f3n publica en el municipio de Torre\u00f3n, cual s\u00edmil de la&nbsp; &#8220;rep\u00fablica restaurada&#8221;&nbsp; al detectar&nbsp; en&nbsp; tal listado&nbsp; sus miembros hecho publico y oficial el pasado&nbsp; lunes y sometido sus integrantes&nbsp; ipso facto a &nbsp; investigaci\u00f3n de su procedencia, de la construcci\u00f3n del perfil mencionado en el acto de&nbsp; presentaci\u00f3n y entrega de&nbsp; nombramientos&nbsp; que tuvo como escenario, en uno de los espacios del Centro de Convenciones de Torre\u00f3n. Los se\u00f1alamientos van desde el hecho de que algunos, por lo menos dos de sus principales colaboradores, siguen apareciendo aun en el Padr\u00f3n de Proveedores del Ayuntamiento de Torre\u00f3n, lo que genera la existencia de obvio conflicto de inter\u00e9s, que &#8220;antes&#8221; solo era un pecado mas en el mundillo oficial, pero que hoy, constituye&nbsp; un delito punible. De ah\u00ed que tales&nbsp; detalles deben de ser resueltos&nbsp; y&nbsp; &nbsp; luego, que&nbsp; una de las directoras, la de Desarrollo Econ\u00f3mico, resulta&nbsp; que en su pasado laboral&nbsp; como ex funcionaria del gobierno del vecino Estado de Nuevo Le\u00f3n,&nbsp; result\u00f3&nbsp; en tal trayecto&nbsp; inhabilitada por una d\u00e9cada&nbsp; para ejercer cualquier cargo publico, si bien tal&nbsp; situaci\u00f3n&nbsp; ha sido ya superada en el tiempo -2017-, pas\u00f3 a &#8220;tiznar&#8221; la impoluta imagen institucional, con la que el&nbsp; nuevo alcalde&nbsp; pretendi\u00f3 iniciar su mandato.<\/p>\n\n\n\n<p>Hay que decirlo, que con ello, los funcionarios&nbsp; designados y colocados en tales entredichos, resultan ser los responsables de que hoy, tal &#8220;descuido&#8221; se le cobre &nbsp; al alcalde, y mas aun, al&nbsp; fin&nbsp; la cuenta de tal da\u00f1o,&nbsp; se acumule a la cuenta&nbsp; del Partido Revolucionario Institucional,&nbsp; &nbsp; y a&nbsp; ver si no resulta que los involucrados&nbsp; ni tan siquiera&nbsp; son&nbsp;militantes del tricolor. En estos tiempos de aguzada competencia &nbsp; pol\u00edtica partidista, de que todo espacio publico de poder est\u00e1 en disputa permanente, tales hechos no abonan para nada, a la administraci\u00f3n&nbsp; que arranca, sino que da elementos para que&nbsp; inicien se\u00f1alamientos, como si Torre\u00f3n no tuviera cantera de donde seleccionar a sus mejores hombres y mujeres&nbsp; para el ejercicio de alg\u00fan cargo publico por importante que este sea&#8230;<\/p>\n\n\n\n<p>Nada bien fue recibida la informaci\u00f3n esa de que se someter\u00e1 &#8220;a consulta&#8221;&nbsp; la vigencia de la&nbsp; controversial ciclov\u00eda instalada en la Calzada Col\u00f3n, cual signo de m\u00e1xima modernizaci\u00f3n&nbsp; y movilidad que dej\u00f3 la&nbsp; pasada&nbsp; administraci\u00f3n y que encabez\u00f3 el alcalde Jorge Zerme\u00f1o Infante&nbsp; ya disfrutando de&nbsp; &nbsp; espl\u00e9ndidas vacaciones, ya parece, que surgi\u00f3 por ah\u00ed alguna&nbsp; vocaci\u00f3n &nbsp; plebiscitaria &nbsp; que pretende, mediante &#8220;encuesta&#8221; definir&nbsp; si la ciclo v\u00eda de la Calzada Col\u00f3n&nbsp; se suprime o se conserva, utilizando as\u00ed el m\u00e9todo puesto de modo y moda por el Presidente L\u00f3pez Obrador&nbsp; como m\u00e9todo de legitimar&nbsp; sus caprichos&nbsp; encubiertos de&nbsp; decisiones&nbsp; pol\u00edticas o administrativas. Cierto es aquello de &#8220;bienvenidos nuestros imitadores, que de ellos&nbsp; ser\u00e1n nuestros errores&#8221;&#8230;<\/p>\n\n\n\n<p>Y ahora en la lista de&nbsp; buenas, pero muy buenas intenciones,&nbsp; es decir, el Plan de&nbsp; Trabajo a desarrollar en los tres a\u00f1os pr\u00f3ximos&nbsp; y&nbsp; que ayer presentara el Licenciado Antonio M\u00e9ndez Vigat\u00e1,&nbsp; miembros de una conocida familia de&nbsp; educadores y&nbsp; artistas &nbsp; como titular del &#8220;resucitado&#8221; Instituto Municipal de Cultura &nbsp; y a quien &nbsp; en la pasada administraci\u00f3n baj\u00f3 de &nbsp; rango&nbsp; para ser solo una Direcci\u00f3n, dej\u00f3 a quienes estuvieron presentes, &nbsp; al menos&nbsp; con un buen sabor de boca, pues&nbsp; al menos&nbsp; el nuevo funcionario publico, surgido de las filas de la iniciativa privada trae proyecto cultural y plan de trabajo en mano ambicioso&nbsp; para muchos con \u00edmpetu&nbsp; y ganas de que sus contenidos sean un realidad y la cultura sea, como es, elemento indispensable para elevar la condici\u00f3n y calidad de vida de&nbsp; nuestra poblaci\u00f3n, ayuna de estos bienes, que permitan, definir y forjar la identidad diluida por ahora&nbsp; de los torreonenses y con ella tambi\u00e9n la de los laguneros todos. Para eso,&nbsp; el se\u00f1or M\u00e9ndez Vigat\u00e1 pretende&nbsp; hacer uso de los patrimonios tangibles e intangibles que han generado&nbsp; los laguneros en su mas de cien a\u00f1os de historia enalteciendo a todos aquellos artistas y creadores surgidos &nbsp; o que arribaron a esta regi\u00f3n a la que dieron lustre en condiciones&nbsp; iguales o m\u00e1s dif\u00edciles de las que hoy se enfrentan, as\u00ed tambi\u00e9n a enaltecer los bienes&nbsp; que otorg\u00f3 la naturaleza a la comarca, y como en el caso del Sitol, hacer en &nbsp; torno a esta&nbsp; m\u00e1gica poci\u00f3n, un Festival , o bien detectar y conducir &nbsp; a nuevos talentos, en especial entre los ni\u00f1os y los j\u00f3venes, que los hay que establecer un sistema de becas que permitan a los beneficiarios de estas, dedicarse de manera sostenida y profesional en sus oficios y artes, etc., etc.<\/p>\n\n\n\n<p>Y vaya que&nbsp; sus palabras &nbsp; &nbsp; generaron&nbsp; al menos&nbsp; entusiasmo entre los asistentes, que vieron en ellas reflejadas sus ilusiones, que se espera, no se desvanezcan&nbsp; al paso de la realidad que representa, en no saber aun cuanto del presupuesto anual de Torre\u00f3n estar\u00e1 destinado a estas actividades. Veremos y diremos&#8230;<\/p>\n\n\n\n<p>Y eso mismo se har\u00e1 con los funcionarios&nbsp; que por primera ocasi\u00f3n ingresan al servicio p\u00fablico, procedentes como son en su mayor\u00eda, de la iniciativa privada. La mayor\u00eda de estos,&nbsp; portan abultados&nbsp; curriculums, lo que resulta muy bueno saber que son&nbsp; profesionales, pero diremos que en el servicio p\u00fablico esto no basta,&nbsp; pues habr\u00e1 de trabajar en equipo, con visi\u00f3n social donde la ganancia econ\u00f3mica&nbsp; no pinta, sino&nbsp; el reto es crear&nbsp; servicios y bienes sociales con las herramientas con las que cuentan&nbsp; y en pos de un objetivo estrictamente pol\u00edtico,&nbsp; que no es otro que abultar con su eficiencia el capital pol\u00edtico del alcalde para sostenerse y poder as\u00ed pensar en futuro alguno&#8230;<\/p>\n\n\n\n<p>Por poco y pasa totalmente desapercibido&nbsp; el cambio que registr\u00f3&nbsp; la&nbsp; Recaudaci\u00f3n de Rentas de Torre\u00f3n que por muchos, muchos a\u00f1os estuviera&nbsp; al frente, el Licenciado Francisco D\u00e1vila Rodriguez &nbsp; quien&nbsp; termina as\u00ed un tramo&nbsp; de su larga trayectoria en la vida p\u00fablica&nbsp; de la regi\u00f3n, &nbsp; realizada bajo&nbsp; las banderas del PRI, &nbsp; mismas que dej\u00f3 por alg\u00fan tiempo, pero tras lograr el perd\u00f3n por el desliz, retorn\u00f3 a las filas del&nbsp; Institucional, donde termina este &nbsp; tramo&nbsp; de su vida p\u00fablica. Lo suple en el cargo, la Licenciada Leticia Casta\u00f1os, y diremos que es&nbsp; mas que merecido tal encargo, luego de que la hoy nueva funcionaria destacara como&nbsp; militante y&nbsp; esforzada dirigente partidista. Cuenta adem\u00e1s con experiencia en el servicio publico federal, como titular la que fuera de la Delegaci\u00f3n&nbsp; de la PROFECO en esta ciudad, donde present\u00f3 buenas&nbsp; cuentas&nbsp; de su desempe\u00f1o como tal&nbsp;, las mismas que se esperan en su&nbsp; nueva encomienda,&nbsp; con todo y que esas oficinas dejaron de ser, hace mucho tiempo ya,&nbsp; el sitio desde donde se&nbsp; instal\u00f3&nbsp; virtual&nbsp; cementerio de elefantes&#8230;<\/p>\n\n\n\n<p>Y este mismo lunes, si bien no se ha oficializado&nbsp; el nombramiento, &nbsp; a la Licenciada Cristina G\u00f3mez de D\u00e1vila,&nbsp; fue designada como nueva titular del Centro de Justicia&nbsp; de la Mujer en \u00e9sta ciudad, uno de los cinco &nbsp; existentes y operando en Coahuila. Llega a tal cargo luego que quien fuera su titular&nbsp; licenciada&nbsp; Martha Rodriguez&nbsp; Romero, &nbsp; fuera inclu\u00edda en el nuevo gabinete del municipio de Torre\u00f3n como titular de Tribunales Administrativos&nbsp;donde se espera se ejerza&nbsp; una din\u00e1mica de&nbsp; trabajo y servicio&nbsp; a favor de la poblaci\u00f3n que requiera sus servicios\u2026<\/p>\n\n\n\n<p>Para el pr\u00f3ximo lunes 10&nbsp; el Gobernador de Durango Jos\u00e9 Rosas Aispuru&nbsp; informa que habr\u00e1 de reunirse con el Gobernador de Coahuila, para conocer&nbsp; y definir los temas en torno al cambio de inicio del proyecto Agua Saludable para la Laguna, teni\u00e9ndose como testigo al senador con licencia&nbsp; Gabriel L\u00f3pez,&nbsp; por lo que se anticipa&nbsp; que mas bien &nbsp; definir&nbsp; un punto&nbsp; &nbsp; en el curso del R\u00edo Nazas, el tema ser\u00e1&nbsp; en cu\u00e1nto se modifica la inversi\u00f3n inicial para la ejecuci\u00f3n de&nbsp; tal cambio, y sobre todo, quien estar\u00e1 aportando los recursos necesarios para ello. Ese es el quid&nbsp; del a caso&#8230;<\/p>\n\n\n\n<p>Y&nbsp; &nbsp; vaya, hay que advertirlo,&nbsp; ya tenemos entre nosotros, desagradable visitante, pues no bast\u00f3&nbsp; que el Covid-19 no acabe de irse, tras casi dos a\u00f1os de &#8220;visita&#8221; que ha generado alteraci\u00f3n a fondo de nuestra cotidianeidad y muertes, sino que ahora se nos aparece,&nbsp; otra de sus variantes, la temida Omicron, que hace&nbsp; temblar de nueva cuenta al mundo por su alta capacidad de infestaci\u00f3n que registra, con todo y que se afirme que es menos letal que otras variantes. Sin embargo y con todo ello, la decisi\u00f3n del Gobernador Miguel&nbsp; Angel Riquelme, es firme,&nbsp; pues&nbsp; habr\u00e1n de reanudarse las clases presenciales&nbsp; el pr\u00f3ximo lunes 10 del presente, se reanudan las clases presenciales&nbsp; el d\u00eda 10 del presente, y no hay freno alguno para la reactivaci\u00f3n econ\u00f3mica. El gobernante asume&nbsp; tal riesgo, y una vez que el sector salud&nbsp; hace los preparativos&nbsp; para enfrentar su presencia&nbsp; y sus da\u00f1os.<\/p>\n\n\n\n<p>De ah\u00ed la&nbsp;necesidad de extremar las medidas de prevenci\u00f3n vigentes, sea hoy por hoy ya no una obligaci\u00f3n, sino una exigencia, para conservar&nbsp; salud y con ello nuestras vidas\u2026<\/p>\n","protected":false},"excerpt":{"rendered":"<p>\u00a1Escaramuzas medi\u00e1ticas! Es&nbsp; por ahora, el saldo que arroja la presentaci\u00f3n de quienes&nbsp; conforman el equipo de trabajo del Licenciado Rom\u00e1n Alberto Cepeda Gonz\u00e1lez, como&nbsp; cabeza de la administraci\u00f3n publica en el municipio de Torre\u00f3n, cual s\u00edmil de la&nbsp; &#8220;rep\u00fablica restaurada&#8221;&nbsp; al detectar&nbsp; en&nbsp; tal listado&nbsp; sus miembros hecho publico y oficial el pasado&nbsp; lunes y sometido sus integrantes&nbsp; ipso facto a &nbsp; investigaci\u00f3n de su procedencia, de la construcci\u00f3n&#8230;<\/p>\n","protected":false},"author":2,"featured_media":0,"comment_status":"closed","ping_status":"","sticky":false,"template":"","format":"standard","meta":{"footnotes":""},"categories":[8],"tags":[],"class_list":["post-6447","post","type-post","status-publish","format-standard","hentry","category-aqui-laguna","wpcat-8-id"],"_links":{"self":[{"href":"https:\/\/www.aquilaguna.com\/index.php\/wp-json\/wp\/v2\/posts\/6447","targetHints":{"allow":["GET"]}}],"collection":[{"href":"https:\/\/www.aquilaguna.com\/index.php\/wp-json\/wp\/v2\/posts"}],"about":[{"href":"https:\/\/www.aquilaguna.com\/index.php\/wp-json\/wp\/v2\/types\/post"}],"author":[{"embeddable":true,"href":"https:\/\/www.aquilaguna.com\/index.php\/wp-json\/wp\/v2\/users\/2"}],"replies":[{"embeddable":true,"href":"https:\/\/www.aquilaguna.com\/index.php\/wp-json\/wp\/v2\/comments?post=6447"}],"version-history":[{"count":2,"href":"https:\/\/www.aquilaguna.com\/index.php\/wp-json\/wp\/v2\/posts\/6447\/revisions"}],"predecessor-version":[{"id":6455,"href":"https:\/\/www.aquilaguna.com\/index.php\/wp-json\/wp\/v2\/posts\/6447\/revisions\/6455"}],"wp:attachment":[{"href":"https:\/\/www.aquilaguna.com\/index.php\/wp-json\/wp\/v2\/media?parent=6447"}],"wp:term":[{"taxonomy":"category","embeddable":true,"href":"https:\/\/www.aquilaguna.com\/index.php\/wp-json\/wp\/v2\/categories?post=6447"},{"taxonomy":"post_tag","embeddable":true,"href":"https:\/\/www.aquilaguna.com\/index.php\/wp-json\/wp\/v2\/tags?post=6447"}],"curies":[{"name":"wp","href":"https:\/\/api.w.org\/{rel}","templated":true}]}}