{"id":6466,"date":"2022-01-06T18:48:15","date_gmt":"2022-01-07T00:48:15","guid":{"rendered":"https:\/\/www.aquilaguna.com\/?p=6466"},"modified":"2022-01-06T18:48:15","modified_gmt":"2022-01-07T00:48:15","slug":"festeja-uadec-a-las-y-los-enfermeros-en-su-dia","status":"publish","type":"post","link":"https:\/\/www.aquilaguna.com\/index.php\/2022\/01\/06\/festeja-uadec-a-las-y-los-enfermeros-en-su-dia\/","title":{"rendered":"Festeja UAdeC a las y los Enfermeros en su D\u00eda."},"content":{"rendered":"\n<p>SALTILLO, Coahuila. 6 de enero de 2022.- Durante la celebraci\u00f3n del D\u00eda de la<br>Enfermera, la Universidad Aut\u00f3noma de Coahuila a trav\u00e9s del Hospital<br>Universitario de Saltillo, reconoci\u00f3 el trabajo y dedicaci\u00f3n de las y los enfermeros,<br>quienes d\u00eda con d\u00eda velan por la salud y el bienestar de la sociedad.<\/p>\n\n\n\n<p>La ceremonia se llev\u00f3 a cabo en los jardines del Hospital Universitario, contando<br>con la presencia del director del nosocomio, Dr. Lauro Cort\u00e9s Hern\u00e1ndez, el<br>subdirector administrativo, Alfredo Contreras, el l\u00edder sindical, Roman Delgado<br>Andrade y las y los enfermeros que conforman dicha instituci\u00f3n de salud.<\/p>\n\n\n\n<p>En su mensaje, el Dr. Lauro Cort\u00e9s Hern\u00e1ndez, agradeci\u00f3 a las y los enfermeros<br>por su entrega al laborar en el Hospital Universitario y recalc\u00f3 que espera que la<br>vocaci\u00f3n que tienen al d\u00eda de hoy continu\u00e9 creciendo, pues los profesionales de la<br>enfermer\u00eda son vitales.<\/p>\n\n\n\n<p>As\u00ed mismo, resalt\u00f3 el trabajo realizado durante la pandemia por covid-19, pues,<br>se\u00f1al\u00f3 que, aunque se han tenido tiempos dif\u00edciles, el personal de enfermer\u00eda no<br>se ha dado por vencido.<\/p>\n\n\n\n<p>Por otro lado, durante el evento se entreg\u00f3 el nombramiento al nuevo Jefe de<br>Enfermeras, puesto que ser\u00e1 desempe\u00f1ado por Jorge Antonio L\u00f3pez Contreras,<br>por lo que el director del Hospital Universitario, Dr. Lauro Cort\u00e9s Hern\u00e1ndez, le<br>dese\u00f3 el mejor de los \u00e9xitos en esta nueva etapa.<\/p>\n\n\n\n<p>Mientras tanto Jorge Antonio L\u00f3pez Contreras, agradeci\u00f3 el nombramiento y se<br>comprometi\u00f3 a trabajar arduamente para continuar ofreciendo a la comunidad una<br>atenci\u00f3n de calidad.<\/p>\n\n\n\n<p>Como parte del festejo, los colaboradores del Hospital Universitario partieron la<br>Rosca de Reyes y celebraron con mariachi; cada 6 de enero se celebra en M\u00e9xico<br>el \u201cD\u00eda de la Enfermera\u201d, en virtud de que el m\u00e9dico Jos\u00e9 Castro Villagrana,<br>director del Hospital Ju\u00e1rez de M\u00e9xico, lo instituy\u00f3 en 1931; quien en ese entonces<br>calific\u00f3 la presencia de las enfermeras como un \u201cregalo de reyes\u201d para los<br>pacientes.<\/p>\n","protected":false},"excerpt":{"rendered":"<p>SALTILLO, Coahuila. 6 de enero de 2022.- Durante la celebraci\u00f3n del D\u00eda de laEnfermera, la Universidad Aut\u00f3noma de Coahuila a trav\u00e9s del HospitalUniversitario de Saltillo, reconoci\u00f3 el trabajo y dedicaci\u00f3n de las y los enfermeros,quienes d\u00eda con d\u00eda velan por la salud y el bienestar de la sociedad. La ceremonia se llev\u00f3 a cabo en los jardines del Hospital Universitario, contandocon la presencia del director del nosocomio, Dr. Lauro Cort\u00e9s&#8230;<\/p>\n","protected":false},"author":1,"featured_media":6467,"comment_status":"closed","ping_status":"closed","sticky":false,"template":"","format":"standard","meta":{"footnotes":""},"categories":[2],"tags":[],"class_list":["post-6466","post","type-post","status-publish","format-standard","has-post-thumbnail","hentry","category-uadec","wpcat-2-id"],"_links":{"self":[{"href":"https:\/\/www.aquilaguna.com\/index.php\/wp-json\/wp\/v2\/posts\/6466","targetHints":{"allow":["GET"]}}],"collection":[{"href":"https:\/\/www.aquilaguna.com\/index.php\/wp-json\/wp\/v2\/posts"}],"about":[{"href":"https:\/\/www.aquilaguna.com\/index.php\/wp-json\/wp\/v2\/types\/post"}],"author":[{"embeddable":true,"href":"https:\/\/www.aquilaguna.com\/index.php\/wp-json\/wp\/v2\/users\/1"}],"replies":[{"embeddable":true,"href":"https:\/\/www.aquilaguna.com\/index.php\/wp-json\/wp\/v2\/comments?post=6466"}],"version-history":[{"count":1,"href":"https:\/\/www.aquilaguna.com\/index.php\/wp-json\/wp\/v2\/posts\/6466\/revisions"}],"predecessor-version":[{"id":6468,"href":"https:\/\/www.aquilaguna.com\/index.php\/wp-json\/wp\/v2\/posts\/6466\/revisions\/6468"}],"wp:featuredmedia":[{"embeddable":true,"href":"https:\/\/www.aquilaguna.com\/index.php\/wp-json\/wp\/v2\/media\/6467"}],"wp:attachment":[{"href":"https:\/\/www.aquilaguna.com\/index.php\/wp-json\/wp\/v2\/media?parent=6466"}],"wp:term":[{"taxonomy":"category","embeddable":true,"href":"https:\/\/www.aquilaguna.com\/index.php\/wp-json\/wp\/v2\/categories?post=6466"},{"taxonomy":"post_tag","embeddable":true,"href":"https:\/\/www.aquilaguna.com\/index.php\/wp-json\/wp\/v2\/tags?post=6466"}],"curies":[{"name":"wp","href":"https:\/\/api.w.org\/{rel}","templated":true}]}}