{"id":6469,"date":"2022-01-06T18:49:35","date_gmt":"2022-01-07T00:49:35","guid":{"rendered":"https:\/\/www.aquilaguna.com\/?p=6469"},"modified":"2022-01-06T18:49:36","modified_gmt":"2022-01-07T00:49:36","slug":"detienen-a-presunto-homicida-en-piedras-negras-por-motivos-personales-privo-de-la-vida-a-su-victima","status":"publish","type":"post","link":"https:\/\/www.aquilaguna.com\/index.php\/2022\/01\/06\/detienen-a-presunto-homicida-en-piedras-negras-por-motivos-personales-privo-de-la-vida-a-su-victima\/","title":{"rendered":"DETIENEN A PRESUNTO HOMICIDA EN PIEDRAS NEGRAS; POR MOTIVOS PERSONALES PRIV\u00d3 DE LA VIDA A SU V\u00cdCTIMA."},"content":{"rendered":"\n<p>Piedras Negras, Coahuila de Zaragoza; a 6 de Enero de 2022.- La Secretar\u00eda de Seguridad P\u00fablica de Coahuila (SSP) informa que elementos de la Agencia de Investigaci\u00f3n Criminal (AIC) adscritos a la Regi\u00f3n Norte del Estado detuvieron a Omar \u201cN\u201d, como probable responsable de los hechos en los que perdi\u00f3 la vida \u00c1ngel \u201cN\u201d el pasado 4 de enero, en este municipio.<\/p>\n\n\n\n<p>De acuerdo a las indagatorias, los hechos derivaron de problemas de car\u00e1cter personal, por lo que se descarta la participaci\u00f3n de bandas delincuenciales.<\/p>\n\n\n\n<p>A Omar \u201cN\u201d se le aseguraron un veh\u00edculo y un arma de fuego, as\u00ed como cartuchos h\u00e1biles, que tambi\u00e9n quedaron a disposici\u00f3n de las autoridades correspondientes.<\/p>\n","protected":false},"excerpt":{"rendered":"<p>Piedras Negras, Coahuila de Zaragoza; a 6 de Enero de 2022.- La Secretar\u00eda de Seguridad P\u00fablica de Coahuila (SSP) informa que elementos de la Agencia de Investigaci\u00f3n Criminal (AIC) adscritos a la Regi\u00f3n Norte del Estado detuvieron a Omar \u201cN\u201d, como probable responsable de los hechos en los que perdi\u00f3 la vida \u00c1ngel \u201cN\u201d el pasado 4 de enero, en este municipio. De acuerdo a las indagatorias, los hechos derivaron&#8230;<\/p>\n","protected":false},"author":1,"featured_media":0,"comment_status":"closed","ping_status":"closed","sticky":false,"template":"","format":"standard","meta":{"footnotes":""},"categories":[5,15,24],"tags":[],"class_list":["post-6469","post","type-post","status-publish","format-standard","hentry","category-coahuila","category-gobierno-de-coahuila","category-seguridad","wpcat-5-id","wpcat-15-id","wpcat-24-id"],"_links":{"self":[{"href":"https:\/\/www.aquilaguna.com\/index.php\/wp-json\/wp\/v2\/posts\/6469","targetHints":{"allow":["GET"]}}],"collection":[{"href":"https:\/\/www.aquilaguna.com\/index.php\/wp-json\/wp\/v2\/posts"}],"about":[{"href":"https:\/\/www.aquilaguna.com\/index.php\/wp-json\/wp\/v2\/types\/post"}],"author":[{"embeddable":true,"href":"https:\/\/www.aquilaguna.com\/index.php\/wp-json\/wp\/v2\/users\/1"}],"replies":[{"embeddable":true,"href":"https:\/\/www.aquilaguna.com\/index.php\/wp-json\/wp\/v2\/comments?post=6469"}],"version-history":[{"count":1,"href":"https:\/\/www.aquilaguna.com\/index.php\/wp-json\/wp\/v2\/posts\/6469\/revisions"}],"predecessor-version":[{"id":6470,"href":"https:\/\/www.aquilaguna.com\/index.php\/wp-json\/wp\/v2\/posts\/6469\/revisions\/6470"}],"wp:attachment":[{"href":"https:\/\/www.aquilaguna.com\/index.php\/wp-json\/wp\/v2\/media?parent=6469"}],"wp:term":[{"taxonomy":"category","embeddable":true,"href":"https:\/\/www.aquilaguna.com\/index.php\/wp-json\/wp\/v2\/categories?post=6469"},{"taxonomy":"post_tag","embeddable":true,"href":"https:\/\/www.aquilaguna.com\/index.php\/wp-json\/wp\/v2\/tags?post=6469"}],"curies":[{"name":"wp","href":"https:\/\/api.w.org\/{rel}","templated":true}]}}