{"id":6474,"date":"2022-01-06T18:54:59","date_gmt":"2022-01-07T00:54:59","guid":{"rendered":"https:\/\/www.aquilaguna.com\/?p=6474"},"modified":"2022-01-06T18:54:59","modified_gmt":"2022-01-07T00:54:59","slug":"alcalde-de-torreon-otorga-reconocimientos-al-personal-de-enfermeria","status":"publish","type":"post","link":"https:\/\/www.aquilaguna.com\/index.php\/2022\/01\/06\/alcalde-de-torreon-otorga-reconocimientos-al-personal-de-enfermeria\/","title":{"rendered":"Alcalde de Torre\u00f3n otorga reconocimientos al personal de enfermer\u00eda."},"content":{"rendered":"\n<p>Torre\u00f3n, Coahuila. A 06 de enero de 2022.<\/p>\n\n\n\n<p>En el marco del d\u00eda de la enfermera, esta ma\u00f1ana el alcalde de Torre\u00f3n, Rom\u00e1n<br>Alberto Cepeda, entreg\u00f3 reconocimientos al personal de enfermer\u00eda de diferentes<br>centros hospitalarios y cl\u00ednicas del municipio.<\/p>\n\n\n\n<p>El alcalde expres\u00f3 su reconocimiento al personal presente ya que mencion\u00f3 que le<br>ha tocado vivir en carne propia el trato y atenci\u00f3n de enfermeras y enfermeros, y<br>record\u00f3 que durante 2020 le toc\u00f3 hacerle frente a la pandemia provocada por la<br>COVID 19, en el Subcomit\u00e9 T\u00e9cnico COVID 19, por lo que conoce tambi\u00e9n las<br>adversidades a las que se enfrentan las y los enfermeros.<\/p>\n\n\n\n<p>Record\u00f3 como el personal de enfermer\u00eda, as\u00ed como el dem\u00e1s personal m\u00e9dico<br>hizo frente y sigue trabajando todos los d\u00edas para hacer fuerte a Torre\u00f3n y a<br>Coahuila frente a la contingencia sanitaria, sabiendo que estaban arriesgando su<br>vida, por lo que hoy m\u00e1s que nunca es importante reconocer su labor.<\/p>\n\n\n\n<p>Rom\u00e1n Alberto Cepeda se\u00f1al\u00f3 que el personal de enfermer\u00eda demostr\u00f3 que<br>prevaleci\u00f3 la voluntad y el compromiso de salvar vidas, por ello su deseo de<br>hacerles el reconocimiento en este d\u00eda y les manifest\u00f3 su respaldo y apoyo<br>permanente.<\/p>\n\n\n\n<p>En el municipio se cuenta con 1232 enfermeros y enfermeras, que con su trabajo<br>diario a la par del trabajo del personal m\u00e9dico, contribuyen al cuidado de la salud<br>de la ciudadan\u00eda de Torre\u00f3n.<\/p>\n\n\n\n<p>Es por ello por lo que, en el momento que actualmente est\u00e1 viviendo la<br>humanidad, amerita que se reconozca la moble labor del personal de enfermer\u00eda<br>ya sea por su lucha contra la COVID 19 en sus diferentes variantes o bien por su<br>trayectoria y entrega.<\/p>\n\n\n\n<p>En el evento se entregaron reconocimientos de manera representativa a Patricia<br>Garc\u00eda Vel\u00f3z, Francisca Reyes Mancha, Mar\u00eda Elia Rodr\u00edguez Aguirre, Ren\u00e9<br>Lazar\u00edn Muro, Beatriz Mart\u00ednez Ram\u00edrez y Mar\u00eda Eugenia Ibarra Ram\u00edrez.<\/p>\n\n\n\n<p>El alcalde Torre\u00f3n Rom\u00e1n Alberto Cepeda, estuvo acompa\u00f1ado por el DR. Jorge<br>Mario Galv\u00e1n Zerme\u00f1o, Director de Salud Municipal; Dr. Juan P\u00e9rez Ortega, Jefe de la Jurisdicci\u00f3n Sanitaria n\u00famero VI; Dr. Juan Antonio Ramos Mart\u00ednez, Director<br>General de Programas Especiales; Dr. Jos\u00e9 Manuel Riveroll, Presidente de la<br>Comisi\u00f3n de Salud en el Ayuntamiento de Torre\u00f3n, y la enfermera Beatr\u00edz<br>Mart\u00ednez Ram\u00edrez, Jefa de Enfermeras de la Cruz Roja Mexicana.<\/p>\n","protected":false},"excerpt":{"rendered":"<p>Torre\u00f3n, Coahuila. A 06 de enero de 2022. En el marco del d\u00eda de la enfermera, esta ma\u00f1ana el alcalde de Torre\u00f3n, Rom\u00e1nAlberto Cepeda, entreg\u00f3 reconocimientos al personal de enfermer\u00eda de diferentescentros hospitalarios y cl\u00ednicas del municipio. El alcalde expres\u00f3 su reconocimiento al personal presente ya que mencion\u00f3 que leha tocado vivir en carne propia el trato y atenci\u00f3n de enfermeras y enfermeros, yrecord\u00f3 que durante 2020 le toc\u00f3 hacerle&#8230;<\/p>\n","protected":false},"author":1,"featured_media":6475,"comment_status":"closed","ping_status":"closed","sticky":false,"template":"","format":"standard","meta":{"footnotes":""},"categories":[5,28,7],"tags":[],"class_list":["post-6474","post","type-post","status-publish","format-standard","has-post-thumbnail","hentry","category-coahuila","category-la-laguna","category-torreon","wpcat-5-id","wpcat-28-id","wpcat-7-id"],"_links":{"self":[{"href":"https:\/\/www.aquilaguna.com\/index.php\/wp-json\/wp\/v2\/posts\/6474","targetHints":{"allow":["GET"]}}],"collection":[{"href":"https:\/\/www.aquilaguna.com\/index.php\/wp-json\/wp\/v2\/posts"}],"about":[{"href":"https:\/\/www.aquilaguna.com\/index.php\/wp-json\/wp\/v2\/types\/post"}],"author":[{"embeddable":true,"href":"https:\/\/www.aquilaguna.com\/index.php\/wp-json\/wp\/v2\/users\/1"}],"replies":[{"embeddable":true,"href":"https:\/\/www.aquilaguna.com\/index.php\/wp-json\/wp\/v2\/comments?post=6474"}],"version-history":[{"count":1,"href":"https:\/\/www.aquilaguna.com\/index.php\/wp-json\/wp\/v2\/posts\/6474\/revisions"}],"predecessor-version":[{"id":6476,"href":"https:\/\/www.aquilaguna.com\/index.php\/wp-json\/wp\/v2\/posts\/6474\/revisions\/6476"}],"wp:featuredmedia":[{"embeddable":true,"href":"https:\/\/www.aquilaguna.com\/index.php\/wp-json\/wp\/v2\/media\/6475"}],"wp:attachment":[{"href":"https:\/\/www.aquilaguna.com\/index.php\/wp-json\/wp\/v2\/media?parent=6474"}],"wp:term":[{"taxonomy":"category","embeddable":true,"href":"https:\/\/www.aquilaguna.com\/index.php\/wp-json\/wp\/v2\/categories?post=6474"},{"taxonomy":"post_tag","embeddable":true,"href":"https:\/\/www.aquilaguna.com\/index.php\/wp-json\/wp\/v2\/tags?post=6474"}],"curies":[{"name":"wp","href":"https:\/\/api.w.org\/{rel}","templated":true}]}}