{"id":6531,"date":"2022-01-10T19:13:09","date_gmt":"2022-01-11T01:13:09","guid":{"rendered":"https:\/\/www.aquilaguna.com\/?p=6531"},"modified":"2022-01-10T19:13:10","modified_gmt":"2022-01-11T01:13:10","slug":"secretario-de-educacion-coahuila-visita-la-unidad-del-personal-operativo-y-enlace-para-la-emergencia-sanitaria-covid","status":"publish","type":"post","link":"https:\/\/www.aquilaguna.com\/index.php\/2022\/01\/10\/secretario-de-educacion-coahuila-visita-la-unidad-del-personal-operativo-y-enlace-para-la-emergencia-sanitaria-covid\/","title":{"rendered":"SECRETARIO DE EDUCACI\u00d3N COAHUILA VISITA LA UNIDAD DEL PERSONAL OPERATIVO Y ENLACE PARA LA EMERGENCIA SANITARIA COVID."},"content":{"rendered":"\n<p>Saltillo, Coahuila de Zaragoza; a 10 de Enero de 2022.- Para constatar que la atenci\u00f3n que se brinda a los trabajadores de la educaci\u00f3n, con la informaci\u00f3n y orientaci\u00f3n en referencia al Covid 19, sea eficaz y se lleve a cabo sin contratiempo, el titular de la dependencia, Francisco Saracho Navarro, visit\u00f3 el m\u00f3dulo ubicado en el estacionamiento de la Secretar\u00eda de Educaci\u00f3n.<\/p>\n\n\n\n<p>En la unidad m\u00f3vil, el Secretario de Educaci\u00f3n recogi\u00f3 las inquietudes de quienes son parte de la&nbsp; estructura educativa y acuden a este m\u00f3dulo para recibir orientaci\u00f3n y aclarar dudas al respecto de la pandemia.<\/p>\n\n\n\n<p>La unidad del personal operativo y enlace para la emergencia sanitaria Covid 19, en la que labora el Comit\u00e9 de Salud y seguridad de la Secretar\u00eda de Educaci\u00f3n durante la contingencia, se ha encargado de la vigilancia de la aplicaci\u00f3n del&nbsp; protocolo sanitario, para garantizar jornadas laborales seguras tanto en oficinas centrales como en las escuelas, y adem\u00e1s es el enlace con las instancias de salud.<\/p>\n\n\n\n<p>En el correo&nbsp;<a href=\"mailto:emergenciascovid@seducoahuila.gobmx\" target=\"_blank\" rel=\"noreferrer noopener\">emergenciascovid@seducoahuila.gobmx<\/a>&nbsp;la Direcci\u00f3n General M\u00e9dica Administrativa brindar\u00e1 la asesor\u00eda correspondiente al personal educativo que presente dudas.<\/p>\n","protected":false},"excerpt":{"rendered":"<p>Saltillo, Coahuila de Zaragoza; a 10 de Enero de 2022.- Para constatar que la atenci\u00f3n que se brinda a los trabajadores de la educaci\u00f3n, con la informaci\u00f3n y orientaci\u00f3n en referencia al Covid 19, sea eficaz y se lleve a cabo sin contratiempo, el titular de la dependencia, Francisco Saracho Navarro, visit\u00f3 el m\u00f3dulo ubicado en el estacionamiento de la Secretar\u00eda de Educaci\u00f3n. En la unidad m\u00f3vil, el Secretario de&#8230;<\/p>\n","protected":false},"author":1,"featured_media":6532,"comment_status":"closed","ping_status":"closed","sticky":false,"template":"","format":"standard","meta":{"footnotes":""},"categories":[5,4,9],"tags":[],"class_list":["post-6531","post","type-post","status-publish","format-standard","has-post-thumbnail","hentry","category-coahuila","category-covid","category-educacion","wpcat-5-id","wpcat-4-id","wpcat-9-id"],"_links":{"self":[{"href":"https:\/\/www.aquilaguna.com\/index.php\/wp-json\/wp\/v2\/posts\/6531","targetHints":{"allow":["GET"]}}],"collection":[{"href":"https:\/\/www.aquilaguna.com\/index.php\/wp-json\/wp\/v2\/posts"}],"about":[{"href":"https:\/\/www.aquilaguna.com\/index.php\/wp-json\/wp\/v2\/types\/post"}],"author":[{"embeddable":true,"href":"https:\/\/www.aquilaguna.com\/index.php\/wp-json\/wp\/v2\/users\/1"}],"replies":[{"embeddable":true,"href":"https:\/\/www.aquilaguna.com\/index.php\/wp-json\/wp\/v2\/comments?post=6531"}],"version-history":[{"count":1,"href":"https:\/\/www.aquilaguna.com\/index.php\/wp-json\/wp\/v2\/posts\/6531\/revisions"}],"predecessor-version":[{"id":6533,"href":"https:\/\/www.aquilaguna.com\/index.php\/wp-json\/wp\/v2\/posts\/6531\/revisions\/6533"}],"wp:featuredmedia":[{"embeddable":true,"href":"https:\/\/www.aquilaguna.com\/index.php\/wp-json\/wp\/v2\/media\/6532"}],"wp:attachment":[{"href":"https:\/\/www.aquilaguna.com\/index.php\/wp-json\/wp\/v2\/media?parent=6531"}],"wp:term":[{"taxonomy":"category","embeddable":true,"href":"https:\/\/www.aquilaguna.com\/index.php\/wp-json\/wp\/v2\/categories?post=6531"},{"taxonomy":"post_tag","embeddable":true,"href":"https:\/\/www.aquilaguna.com\/index.php\/wp-json\/wp\/v2\/tags?post=6531"}],"curies":[{"name":"wp","href":"https:\/\/api.w.org\/{rel}","templated":true}]}}