{"id":6590,"date":"2022-01-12T20:43:40","date_gmt":"2022-01-13T02:43:40","guid":{"rendered":"https:\/\/www.aquilaguna.com\/?p=6590"},"modified":"2022-01-12T20:43:40","modified_gmt":"2022-01-13T02:43:40","slug":"aqui-laguna-97","status":"publish","type":"post","link":"https:\/\/www.aquilaguna.com\/index.php\/2022\/01\/12\/aqui-laguna-97\/","title":{"rendered":"Aqu\u00ed Laguna."},"content":{"rendered":"\n<p>\u00a1En\u00a0 la cresta!\u00a0 De la cuarta ola, de \u00e9sta prolongada pandemia que registra el mundo\u00a0 desde hace\u00a0 ya 23 meses y suma miles y miles de fallecidos y muchos, pero muchos mas los infestados si bien en esta ocasi\u00f3n,\u00a0 la\u00a0 letalidad que registra es Gracias a Dios, mas que disminu\u00edda comparada con la cifra letal que registr\u00f3 en el inicio de su aparici\u00f3n\u00a0 como especie que lucha por tener un lugar\u00a0 de &#8220;dominancia&#8221; en nuestro mundo. Con todo y ello,\u00a0 en la Laguna, \u00e9ste d\u00eda\u00a0 se reporta la muerte de un menor de solo once a\u00f1os,\u00a0 en el municipio de Matamoros, a consecuencia del virus y ello, resulta mas que lamentable y pone un importante, interesante signo\u00a0 a la decisi\u00f3n de reiniciar clases presenciales el pr\u00f3ximo lunes 17, considerando que el segmento de la poblaci\u00f3n infantil\u00a0 no est\u00e1 cubierta en un porcentaje de consideraci\u00f3n con la vacuna, en cualquiera de sus marcas. Cierto es que el sector educativo es uno de lo que registra la mayor afectaci\u00f3n por el ausentismo generado por el virus y ello genera no solo retrasos en el plan de ense\u00f1anza b\u00e1sica y resto de los grados de educaci\u00f3n vigentes, pues para nada, el sistema a distancia\u00a0 logra, hasta hoy, ser panacea para toda la poblaci\u00f3n\u00a0 estudiantil,\u00a0 ni para el sistema educativo vigente en nuestro pa\u00eds.<\/p>\n\n\n\n<p>La pandemia revel\u00f3, cual placa de rayos X\u00a0 la dimensi\u00f3n\u00a0 de la pobreza de recursos para poder transitar con \u00e9xito y bajo presi\u00f3n \u00a0 dejar atr\u00e1s, por necesidad el irremplazable sistema\u00a0 educativo maestro\/alumno con todo\u00a0 y los esfuerzos que no solo el gobierno, maestros y dem\u00e1s actores en este tema han realizado,\u00a0 pues es sobre los hombros de los padres de familia en quien finalmente recay\u00f3 la tarea principal, que \u00a0 mitigue\u00a0 siquiera a \u00a0 la incipiente\u00a0 generaci\u00f3n que habr\u00e1 de sucedernos en el mundo un pa\u00eds de\u00a0 ser analfabetos funcionales,\u00a0 que apenas sepamos\u00a0 leer y escribir. Y ni que hablar de quienes se encontraban ya en las etapas de la formaci\u00f3n\u00a0 media y superior, t\u00e9cnica o universitaria, donde\u00a0 el rigor draconiano que recet\u00f3 la mayor\u00eda del Congreso que dominan los\u00a0 legisladores surgidos de MORENA, carentes de visi\u00f3n de futuro alguna cercenando importantes montos de recursos destinados a la educaci\u00f3n, para ser\u00a0 sumados, a los controversiales programas sociales y obras fara\u00f3nicas, con las cuales\u00a0 el nuevo r\u00e9gimen pretende accesar el altar patrio, como\u00a0 nuevo h\u00e9roe \u00a0 de su\u00a0 Cuarta Transformaci\u00f3n\u2026<\/p>\n\n\n\n<p>Uno de los primeros efectos en este tema, los tenemos ya aqu\u00ed, en Coahuila,\u00a0 con el cese de mas de mil contratos de trabajadores eventuales al servicio de la UAdeC, que exigen la permanencia en sus puestos\u00a0 y as\u00ed iremos viendo, la suspensi\u00f3n\u00a0 temporal o cancelaci\u00f3n permanente\u00a0 de actividades sustanciales para\u00a0 las universidades y tecnol\u00f3gicos \u00a0 p\u00fablicos a donde acuden modestos estudiantes surgidos de las\u00a0 denominadas clases populares o medias, aspiracionistas, seg\u00fan las califica el\u00a0 Se\u00f1or Presidente. En fin que el 2022 llega r\u00e1pido\u00a0 y arroja \u00a0 su carga de problemas y dificultades que habr\u00e1n de\u00a0 procesarse, no se sabe porque v\u00eda,\u00a0 en este mismo\u00a0 desde los primeros d\u00edas de su inicio, pues a\u00a0 las instituciones de nivel superior, tienen frente\u00a0 a si, no solo los retos cotidianos que atender como son\u00a0 la demanda\u00a0 de inscripciones,\u00a0 de cada vez mayor demanda \u00a0 estudiantil, sino los que implica recursos, ahora generar nuevo conocimiento\u00a0 \u00a0 adem\u00e1s el fantasma real del pago a sus trabajadores pensionados y\u00a0 jubilados, que no puede costearse\u00a0 a costo de su futuro, sino con recursos asignados\u00a0 de manera sostenida en sus prepuestos, tener como  las universidades privadas, \u00a0 un sistema\u00a0 ininterrumpido de sorteos millonarios, esos que el Presidente\u00a0 sabe bien que en estos tiempos \u00a0 fracasan, sino ve\u00e1lo en su propio espejo, que en tres a\u00f1os no ha podido &#8220;vender&#8221; el famoso avi\u00f3n presidencial\u00a0 ya rifado,\u00a0 tema que parece haber ya olvidado, ocupado como est\u00e1 en alcanzar la realizaci\u00f3n de su pretendida, innecesaria \u00a0 revocaci\u00f3n de mandato en el cargo para el que fuera electo por seis a\u00f1os&#8230;<\/p>\n\n\n\n<p>Y en el municipio de Torre\u00f3n\u00a0 sigue el proceso de asentamiento de la nueva administraci\u00f3n a cargo del Licenciado Rom\u00e1n Alberto Cepeda Gonz\u00e1lez \u00a0 y\u00a0 con el el rescate del proyecto \u00a0 de ciudad, del municipio que dejara en suspenso, \u00a0 luego de\u00a0 solicitar licencia como alcalde de Torre\u00f3n para buscar la nominaci\u00f3n\u00a0 a Gobernador, cargo\u00a0 que finalmente logr\u00f3 el\u00a0 ingeniero Angel Riquelme Solis y que\u00a0 dejara, mas que estropeado en algunas de sus obras mas\u00a0 reconocidas, el r\u00e9gimen del panista Jorge Zerme\u00f1o Infante, acciones sobre las cuales, el\u00a0 hoy alcalde Cepeda Gonz\u00e1lez, deber\u00e1 tambi\u00e9n estampar su marca. Tal conjunci\u00f3n que tiene como objetivo el mejoramiento integral de Torre\u00f3n,\u00a0 de que renueve\u00a0 su pretensi\u00f3n de ser una urbe limpia, moderna, atractiva para la inversi\u00f3n y generaci\u00f3n de empleos, con identidad \u00a0 de la cual nos\u00a0 sintamos\u00a0 orgullosos\u00a0 quienes la habitamos, sin duda es bueno y ya veremos lo que se vaya alcanzando al paso de los d\u00edas en este reto&#8230;<\/p>\n\n\n\n<p>Por cierto,\u00a0 designado ya un nuevo Consejo de Administraci\u00f3n\u00a0 de\u00a0 la empresa paramunicipal Simas-Torre\u00f3n, resta\u00a0 conocer la terna\u00a0 bajo la que ser\u00e1 designado su \u00a0 titular con capacidad\u00a0 ejecutiva, pues el alcalde\u00a0 Rom\u00e1n Cepeda Gonz\u00e1lez, ser\u00e1 quien presida el\u00a0 \u00f3rgano de direcci\u00f3n, seleccionado de antemano y antes de conocer cualquier terna,\u00a0 trasciende\u00a0 el nombre del elegido para tan controversial y complejo encargo, no siendo otro que el Ingeniero\u00a0 Lauro\u00a0 Villarreal Navarro, quien retorn\u00f3 as\u00ed a los espacios del organigrama municipal, record\u00e1ndose su paso como Contralor\u00a0 municipal durante la administraci\u00f3n que presidi\u00f3 Eduardo Olmos Castro, a quien por cierto, seg\u00fan versiones se le anota, con todo y que\u00a0 ejerce como diputado local y como tal l\u00edder\u00a0 del Congreso del Estado, como pr\u00f3ximo dirigente del PRI\u00a0 en el Estado, ya que en el municipio de Torre\u00f3n\u00a0 lo ejerce \u00a0 tambi\u00e9n \u00a0 y en sucesi\u00f3n del Ingeniero Rodrigo Fuentes Avila\u00a0 quien \u00a0 registra, con su trabajo,\u00a0 list\u00f3n muy alto de alcanzar para quien lo suceda. De ser as\u00ed\u00a0 a Olmos Castro, quiz\u00e1s \u00a0 resulte solicitando licencia al cargo de diputado local\u00a0 pues \u00a0 la funci\u00f3n \u00a0 \u00a0 que implica tal dirigencia\u00a0 ocupa\u00a0 tiempo mas que completo, toda vez que corresponder\u00e1 dirigir y presidir las acciones tendientes primero a conjuntar las voluntades de todos los sujetos pol\u00edticos que en Coahuila tienen fuerza y representaci\u00f3n, es decir, capacidad para generar\u00a0 votos y llevar a estos a la\u00a0 urna para el candidato designado por\u00a0 tal organismo pol\u00edtico en la pr\u00f3xima sucesi\u00f3n gubernamental, cosa nada f\u00e1cil, por cierto, pero que contar\u00e1\u00a0 a favor, sin duda, con el peso pol\u00edtico generado por\u00a0 el gobierno del Ingeniero Miguel\u00a0 Angel Riquelme Solis a quien hasta hoy no se le registra insubordinaci\u00f3n alguna, entre los capistostes \u00a0 tricolores, en especial los que tienen\u00a0 sus dominios territoriales en la zona sureste del Estado, de ah\u00ed que los acomodos \u00a0 registrados en estos d\u00edas en el gabinete estatal, dicen, tengan como origen la estrategia de futuro y entre estos, sin duda se anota la salida del ingeniero Mario Cepeda Villarreal, de la direcci\u00f3n del Instituto Nacional\u00a0 para los Adultos \u00a0 para ocupar la Subdirecci\u00f3n de la Secretar\u00eda de Desarrollo Social e Inclusi\u00f3n Social, a cargo de Manolo Jim\u00e9nez Salinas\u00a0 perfilado como\u00a0 indiscutible delfin&#8230;<\/p>\n\n\n\n<p>Pero, diremos que en la acera de enfrente, la oposici\u00f3n\u00a0 que conform\u00f3 MORENA\u00a0 no andan vendiendo\u00a0 pi\u00f1as y con todo y\u00a0 el divisionismo que la singulariza, tendr\u00e1 tambi\u00e9n su candidato, a quien le llover\u00e1n votos\u00a0 de a gratis,\u00a0 pues el pago\u00a0 es el piso de\u00a0 beneficiarios de los m\u00faltiples programas sociales, asistenciales\u00a0 del gobierno federal\u00a0 y el singular\u00a0 rencor que acumulan\u00a0 al pasado pol\u00edtico del pa\u00eds, entre\u00a0 los contendientes a participar en sus misteriosas encuestas designatorias,\u00a0 cuente\u00a0 usted,\u00a0 no solo a\u00a0 Armando Guadiana Tijerina, y a su ya cada d\u00eda mas distante amigo, el lagunero Reyes Flores Hurtado, y\u00a0 menos a\u00a0 Luis Fernando Salazar Fern\u00e1ndez, o a su doble,\u00a0 del mismo nombre\u00a0 por si le hiciera\u00a0 de nuevo falta, y ni como dejar atr\u00e1s a Javier Guerrero Garc\u00eda, que\u00a0 fiel a su estilo, no hace visible aun\u00a0 ni presencia ni objetivo\u2026<\/p>\n\n\n\n<p>Por cierto, la edici\u00f3n del ENGALEC, evento anual con el que los ganaderos lecheros de la zona lagunera, presentaban\u00a0 o presum\u00edan, seg\u00fan\u00a0 se vea\u00a0 al pa\u00eds y al mundo, sus \u00e9xitos como productores de leche en\u00a0 el yermo semidesierto lagunero no tendr\u00e1\u00a0 lugar este a\u00f1o y con ello, el anunciado objetivo de\u00a0 destinar sus ganancias -que las hay-, para integra el fondo\u00a0 de destinado a becarios del Instituto Tecnol\u00f3gico y de Estudios Superiores,\u00a0 no habr\u00e1 de registrarlos. No se conocen aun las causas de tal suspensi\u00f3n, pues el evento se registra tradicionalmente en el mes de marzo, se espera pues la confirmaci\u00f3n oficial de tal versi\u00f3n&#8230;<\/p>\n\n\n\n<p>Y en tanto, para conservar\u00a0 no solo la salud, sino tambi\u00e9n la vida de Usted, la de los suyos y\u00a0 la nuestra, es indispensable extremar medidas de prevenci\u00f3n, mas de las que en alg\u00fan momento sintamos que hacen\u00a0 falta, como es la de evitar salir\u00a0 a lugares concurridos, cuando no haya necesidad o asunto de fuerza mayor.<\/p>\n","protected":false},"excerpt":{"rendered":"<p>\u00a1En\u00a0 la cresta!\u00a0 De la cuarta ola, de \u00e9sta prolongada pandemia que registra el mundo\u00a0 desde hace\u00a0 ya 23 meses y suma miles y miles de fallecidos y muchos, pero muchos mas los infestados si bien en esta ocasi\u00f3n,\u00a0 la\u00a0 letalidad que registra es Gracias a Dios, mas que disminu\u00edda comparada con la cifra letal que registr\u00f3 en el inicio de su aparici\u00f3n\u00a0 como especie que lucha por tener un&#8230;<\/p>\n","protected":false},"author":2,"featured_media":0,"comment_status":"closed","ping_status":"","sticky":false,"template":"","format":"standard","meta":{"footnotes":""},"categories":[8],"tags":[],"class_list":["post-6590","post","type-post","status-publish","format-standard","hentry","category-aqui-laguna","wpcat-8-id"],"_links":{"self":[{"href":"https:\/\/www.aquilaguna.com\/index.php\/wp-json\/wp\/v2\/posts\/6590","targetHints":{"allow":["GET"]}}],"collection":[{"href":"https:\/\/www.aquilaguna.com\/index.php\/wp-json\/wp\/v2\/posts"}],"about":[{"href":"https:\/\/www.aquilaguna.com\/index.php\/wp-json\/wp\/v2\/types\/post"}],"author":[{"embeddable":true,"href":"https:\/\/www.aquilaguna.com\/index.php\/wp-json\/wp\/v2\/users\/2"}],"replies":[{"embeddable":true,"href":"https:\/\/www.aquilaguna.com\/index.php\/wp-json\/wp\/v2\/comments?post=6590"}],"version-history":[{"count":1,"href":"https:\/\/www.aquilaguna.com\/index.php\/wp-json\/wp\/v2\/posts\/6590\/revisions"}],"predecessor-version":[{"id":6591,"href":"https:\/\/www.aquilaguna.com\/index.php\/wp-json\/wp\/v2\/posts\/6590\/revisions\/6591"}],"wp:attachment":[{"href":"https:\/\/www.aquilaguna.com\/index.php\/wp-json\/wp\/v2\/media?parent=6590"}],"wp:term":[{"taxonomy":"category","embeddable":true,"href":"https:\/\/www.aquilaguna.com\/index.php\/wp-json\/wp\/v2\/categories?post=6590"},{"taxonomy":"post_tag","embeddable":true,"href":"https:\/\/www.aquilaguna.com\/index.php\/wp-json\/wp\/v2\/tags?post=6590"}],"curies":[{"name":"wp","href":"https:\/\/api.w.org\/{rel}","templated":true}]}}