{"id":6592,"date":"2022-01-13T18:10:27","date_gmt":"2022-01-14T00:10:27","guid":{"rendered":"https:\/\/www.aquilaguna.com\/?p=6592"},"modified":"2022-01-13T18:10:28","modified_gmt":"2022-01-14T00:10:28","slug":"sector-salud-de-coahuila-refuerza-con-vacuna-moderna-a-docentes-del-estado","status":"publish","type":"post","link":"https:\/\/www.aquilaguna.com\/index.php\/2022\/01\/13\/sector-salud-de-coahuila-refuerza-con-vacuna-moderna-a-docentes-del-estado\/","title":{"rendered":"SECTOR SALUD DE COAHUILA REFUERZA CON VACUNA MODERNA A DOCENTES DEL ESTADO."},"content":{"rendered":"\n<p>Saltillo, Coahuila de Zaragoza; a 12 de Enero de 2022.- Profesores y personal administrativo del sector educativo de Coahuila acudieron este 12 de enero a la aplicaci\u00f3n del refuerzo anticovid con la vacuna de la farmac\u00e9utica Moderna, en las diversas instalaciones designadas a lo largo de todo el estado.<\/p>\n\n\n\n<p>En coordinaci\u00f3n con autoridades federales, la Secretar\u00eda de Salud del Gobierno de Coahuila inici\u00f3 la jornada intensiva de vacunaci\u00f3n a docentes del sector p\u00fablico y privado, en instalaciones previamente designadas y en las que se cuenta personal m\u00e9dico para evitar alg\u00fan tipo de riesgo.<\/p>\n\n\n\n<p>As\u00ed, en las 8 Jurisdicciones Sanitarias de Coahuila, trabajadores al servicio de la educaci\u00f3n en la entidad recibieron la dosis de refuerzo de la vacuna Moderna contra la enfermedad Covid-19, luego que en abril de 2021 se les aplicara una dosis de la vacuna CanSino, tambi\u00e9n en coordinaci\u00f3n entre el Gobierno del Estado y la Federaci\u00f3n.<\/p>\n\n\n\n<p>Bernal G\u00f3mez inform\u00f3 que todo transcurri\u00f3 en completa calma durante esta jornada de vacunaci\u00f3n a lo largo de todo el estado, en la que profesores, administrativos y personal de apoyo acudieron de manera ordenada desde las 08:00 horas a las instalaciones ubicadas en las cinco regiones.<\/p>\n\n\n\n<p>\u201cEsta jornada intensiva de vacunaci\u00f3n contra Covid-19 es para personal que pertenecen a los planteles educativos del sector p\u00fablico y privado en la entidad, por lo que se continuar\u00e1 realizando hasta el domingo 16 de enero hasta concluir con el personal educativo en Coahuila y las dosis enviadas por la Federaci\u00f3n\u201d, refiri\u00f3.<\/p>\n\n\n\n<p><strong>POR REGIONES<\/strong><\/p>\n\n\n\n<p>As\u00ed, en la Regi\u00f3n Laguna se tienen contemplado la inoculaci\u00f3n de este biol\u00f3gico a cerca de 15 mil docentes, y a los que se les ha aplicado en el primer d\u00eda un total de 3 mil 766 dosis en las sedes ubicadas en el Centro de Convenciones, y la Universidad Tecnol\u00f3gica de Torre\u00f3n (UTT), por lo que el Jefe de la Jurisdicci\u00f3n Sanitaria 6, Juan P\u00e9rez Ortega, asegur\u00f3 que se cuenta con personal especializado de la Secretar\u00eda de Salud de Coahuila.<\/p>\n\n\n\n<p>En los municipios de San Pedro y Parras de la Fuente se habilitaron como sedes el Tecnol\u00f3gico de San Pedro y el Hospital General, y en las que se aplicaron mil 204 dosis y 854 dosis a docentes, respectivamente.<\/p>\n\n\n\n<p>Para Piedras Negras y Allende se aplicaron mil 582 dosis de las 5 mil 90 vacunas a aplicar como meta; mientras que en Monclova se avanz\u00f3 un 77 por ciento, al inocular a 2 mil 310 profesores, de los 3 mil inscritos en esta jornada.<\/p>\n\n\n\n<p>Adem\u00e1s de inocular a 6 mil 51 personas de las 37 mil 670 que se tienen contempladas para la Regi\u00f3n Sureste, que comprende a los municipios de Saltillo, General Cepeda, Parras de la Fuente y Arteaga.<\/p>\n\n\n\n<p>De esta manera, al cierre del mi\u00e9rcoles 12 de enero, se logr\u00f3 la aplicaci\u00f3n de la vacuna Moderna a 17 mil 670 docentes, administrativos y personal de apoyo, y continuara la aplicaci\u00f3n durante estos pr\u00f3ximos d\u00edas en todas las Jurisdicciones del Coahuila.<\/p>\n\n\n\n<p>Bernal G\u00f3mez hizo un llamado a los docentes para acudir a aplicarse la vacuna de acuerdo a la hora y d\u00eda de su cita, esto como medida de prevenci\u00f3n y control a la pandemia por el virus SARS-CoV-2, y el incremento en el n\u00famero de casos en los \u00faltimos d\u00edas.<\/p>\n\n\n\n<p>Los requisitos para la aplicaci\u00f3n de este refuerzo, son: comprobante del pre-registro, copia de CURP y credencial de elector.<\/p>\n","protected":false},"excerpt":{"rendered":"<p>Saltillo, Coahuila de Zaragoza; a 12 de Enero de 2022.- Profesores y personal administrativo del sector educativo de Coahuila acudieron este 12 de enero a la aplicaci\u00f3n del refuerzo anticovid con la vacuna de la farmac\u00e9utica Moderna, en las diversas instalaciones designadas a lo largo de todo el estado. En coordinaci\u00f3n con autoridades federales, la Secretar\u00eda de Salud del Gobierno de Coahuila inici\u00f3 la jornada intensiva de vacunaci\u00f3n a docentes&#8230;<\/p>\n","protected":false},"author":1,"featured_media":6593,"comment_status":"closed","ping_status":"closed","sticky":false,"template":"","format":"standard","meta":{"footnotes":""},"categories":[5,4,15,14,22],"tags":[],"class_list":["post-6592","post","type-post","status-publish","format-standard","has-post-thumbnail","hentry","category-coahuila","category-covid","category-gobierno-de-coahuila","category-salud","category-vacunas","wpcat-5-id","wpcat-4-id","wpcat-15-id","wpcat-14-id","wpcat-22-id"],"_links":{"self":[{"href":"https:\/\/www.aquilaguna.com\/index.php\/wp-json\/wp\/v2\/posts\/6592","targetHints":{"allow":["GET"]}}],"collection":[{"href":"https:\/\/www.aquilaguna.com\/index.php\/wp-json\/wp\/v2\/posts"}],"about":[{"href":"https:\/\/www.aquilaguna.com\/index.php\/wp-json\/wp\/v2\/types\/post"}],"author":[{"embeddable":true,"href":"https:\/\/www.aquilaguna.com\/index.php\/wp-json\/wp\/v2\/users\/1"}],"replies":[{"embeddable":true,"href":"https:\/\/www.aquilaguna.com\/index.php\/wp-json\/wp\/v2\/comments?post=6592"}],"version-history":[{"count":1,"href":"https:\/\/www.aquilaguna.com\/index.php\/wp-json\/wp\/v2\/posts\/6592\/revisions"}],"predecessor-version":[{"id":6594,"href":"https:\/\/www.aquilaguna.com\/index.php\/wp-json\/wp\/v2\/posts\/6592\/revisions\/6594"}],"wp:featuredmedia":[{"embeddable":true,"href":"https:\/\/www.aquilaguna.com\/index.php\/wp-json\/wp\/v2\/media\/6593"}],"wp:attachment":[{"href":"https:\/\/www.aquilaguna.com\/index.php\/wp-json\/wp\/v2\/media?parent=6592"}],"wp:term":[{"taxonomy":"category","embeddable":true,"href":"https:\/\/www.aquilaguna.com\/index.php\/wp-json\/wp\/v2\/categories?post=6592"},{"taxonomy":"post_tag","embeddable":true,"href":"https:\/\/www.aquilaguna.com\/index.php\/wp-json\/wp\/v2\/tags?post=6592"}],"curies":[{"name":"wp","href":"https:\/\/api.w.org\/{rel}","templated":true}]}}