{"id":6609,"date":"2022-01-13T19:16:54","date_gmt":"2022-01-14T01:16:54","guid":{"rendered":"https:\/\/www.aquilaguna.com\/?p=6609"},"modified":"2022-01-13T19:16:54","modified_gmt":"2022-01-14T01:16:54","slug":"canirac-enfrentara-con-optimismo-2022","status":"publish","type":"post","link":"https:\/\/www.aquilaguna.com\/index.php\/2022\/01\/13\/canirac-enfrentara-con-optimismo-2022\/","title":{"rendered":"CANIRAC enfrentar\u00e1 con optimismo 2022."},"content":{"rendered":"\n<p>Torre\u00f3n, Coahuila.- Enfrentar\u00e1 con optimismo el sector restaurantero de Torre\u00f3n, sector de la econom\u00eda regional que ha registrado auge\u00a0 en su crecimiento a lo largo del a\u00f1o\u00a0 que concluy\u00f3 y que se espera contin\u00fae\u00a0 en el presente, estima su dirigente, el se\u00f1or Guillermo Mart\u00ednez Avila.<\/p>\n\n\n\n<p>As\u00ed\u00a0 lo estima el\u00a0 l\u00edder local de la C\u00e1mara Nacional de Restaurantes y Alimentos Condimentados -CANIRAC- a pesar de las\u00a0 complicadas condiciones de operaci\u00f3n que viene imponiendo la pandemia desde hace ya casi dos a\u00f1os.<\/p>\n\n\n\n<p>Expres\u00f3 que si bien en el pasado\u00a0 per\u00edodo decembrino y de a\u00f1o nuevo, no se logr\u00f3 alcanzar el monto econ\u00f3mico\u00a0 que sum\u00f3\u00a0 ese mismo periodo del a\u00f1o\u00a0 2020, &#8220;los n\u00fameros fueron\u00a0 muy buenos en general&#8221;.\u00a0<\/p>\n\n\n\n<p>&#8220;Tambi\u00e9n\u00a0 hay que resaltar, que no pudimos alcanzar las metas que nos dejo el a\u00f1o del 2019 pues \u00a0 todav\u00eda sigue la presencia del virus, pero en el inicio de este 2022, tenemos ante\u00a0 nuestros negocios, el aumento de ciertos insumos, ciertos productos, que nos va a pegar sin duda en nuestros costos y en nuestras utilidades&#8221;.<\/p>\n\n\n\n<p>Entonces, afirm\u00f3 el dirigente, &#8220;vamos a esperar como pinta este mes, que de entrada la denominada y tradicional  Cuesta de Enero, si nos pega y muy fuerte al sector restaurantero&#8221;.<\/p>\n\n\n\n<p>Inform\u00f3 que\u00a0 este proceso inflacionario, &#8220;lo registramos nosotros desde el pasado mes de septiembre, cuando se presentaron en el mercado,\u00a0 incrementos muy fuertes&#8221;, citando por la v\u00eda de ejemplo, el que registr\u00f3 el\u00a0 kilogramo de tomate que alcanz\u00f3\u00a0 de golpe 55 pesos, &#8220;si bien al d\u00eda \u00e9ste cuesta solo 14 pesos  kilogramo!, citando que, &#8220;tales picos\u00a0 nos \u00a0 pegan y fuerte, pues\u00a0 resulta que tenemos\u00a0 platillos \u00a0 en los que definitivamente no tenemos ganancias, pero seguimos\u00a0 ofreciendo al publico para satisfacer su demanda&#8221;.<\/p>\n\n\n\n<p>&#8220;Debemos pues en este marco, buscar\u00a0 la forma de ofrecer nuevos platillos en los que tengamos el equilibrio entre su costo y\u00a0 su precio al publico, sin demeritar\u00a0 su calidad y que nos deje una ganancia razonable y\u00a0 el cliente no\u00a0 afecte tanto al bolsillo de nuestros comensales&#8221;.<\/p>\n\n\n\n<p>Por fortuna, estim\u00f3 que\u00a0 a la fecha, &#8220;no registramos cierre de alguno de un los negocios de nuestros afiliados, y\u00a0 diremos que a lo largo del 2021, los transcurrimos sin esta medida extrema de cerrar las puertas\u00a0 de alg\u00fan restaurante en Torre\u00f3n&#8221;.<\/p>\n\n\n\n<p>La verdad, afirm\u00f3, &#8220;al contrario, tenemos anunciadas nuevas aperturas\u00a0 que est\u00e1n ya a programadas y durante los meses\u00a0 de marzo y abril, estar\u00e1\u00a0 llegando nuevas ofertas gastron\u00f3micas \u00a0 y eso lo vemos muy positivo&#8221;.<\/p>\n\n\n\n<p>Analiz\u00f3 que en \u00e9sta regi\u00f3n, &#8220;la industria\u00a0 gastron\u00f3mica\u00a0 ha tomado un dinamismo que no se registraba en ella con anterioridad  y la verdad\u00a0 hay que destacar que\u00a0 entre la causa de efectos que genera esta pandemia, tambi\u00e9n tuvo la de sacar\u00a0 talentos y habilidades\u00a0 de la poblaci\u00f3n, pues\u00a0 a lo largo del primer confinamiento la gente\u00a0 tuvo que analizar \u00a0 que actividades realizar o mejorar, sacando la mesa, su\u00a0 herencia gastron\u00f3mica\u00a0 generada en las generaciones que\u00a0 han conformado a la Laguna, para ofrecer\u00a0 a la mesa y ello llevo tambi\u00e9n de\u00a0 paso, a la gestaci\u00f3n de los servicios que acompa\u00f1an a esta actividad&#8221;.<\/p>\n\n\n\n<p>&#8220;Creo que esto ha sido algo nuevo pues surgi\u00f3 como una medida que impon\u00eda la necesidad de\u00a0 crear autoempleo y esto vino a ayudar en mucho \u00a0 a rescatar a muchas familias de la situaci\u00f3n econ\u00f3mica que se nos vino encima&#8221;.<\/p>\n\n\n\n<p>Reflexion\u00f3 que con ello, &#8220;ser \u00a0 cocinero, es hoy un oficio reconocido, pues\u00a0 de contarse con insumos\u00a0 de calidad\u00a0 y con esmero,\u00a0 elaboras\u00a0 productos\u00a0 que\u00a0 ofertas y comercializas\u00a0 f\u00e1cilmente&#8221;.<\/p>\n","protected":false},"excerpt":{"rendered":"<p>Torre\u00f3n, Coahuila.- Enfrentar\u00e1 con optimismo el sector restaurantero de Torre\u00f3n, sector de la econom\u00eda regional que ha registrado auge\u00a0 en su crecimiento a lo largo del a\u00f1o\u00a0 que concluy\u00f3 y que se espera contin\u00fae\u00a0 en el presente, estima su dirigente, el se\u00f1or Guillermo Mart\u00ednez Avila. As\u00ed\u00a0 lo estima el\u00a0 l\u00edder local de la C\u00e1mara Nacional de Restaurantes y Alimentos Condimentados -CANIRAC- a pesar de las\u00a0 complicadas condiciones de operaci\u00f3n que&#8230;<\/p>\n","protected":false},"author":2,"featured_media":0,"comment_status":"closed","ping_status":"","sticky":false,"template":"","format":"standard","meta":{"footnotes":""},"categories":[5,29,28,7],"tags":[],"class_list":["post-6609","post","type-post","status-publish","format-standard","hentry","category-coahuila","category-economia","category-la-laguna","category-torreon","wpcat-5-id","wpcat-29-id","wpcat-28-id","wpcat-7-id"],"_links":{"self":[{"href":"https:\/\/www.aquilaguna.com\/index.php\/wp-json\/wp\/v2\/posts\/6609","targetHints":{"allow":["GET"]}}],"collection":[{"href":"https:\/\/www.aquilaguna.com\/index.php\/wp-json\/wp\/v2\/posts"}],"about":[{"href":"https:\/\/www.aquilaguna.com\/index.php\/wp-json\/wp\/v2\/types\/post"}],"author":[{"embeddable":true,"href":"https:\/\/www.aquilaguna.com\/index.php\/wp-json\/wp\/v2\/users\/2"}],"replies":[{"embeddable":true,"href":"https:\/\/www.aquilaguna.com\/index.php\/wp-json\/wp\/v2\/comments?post=6609"}],"version-history":[{"count":1,"href":"https:\/\/www.aquilaguna.com\/index.php\/wp-json\/wp\/v2\/posts\/6609\/revisions"}],"predecessor-version":[{"id":6610,"href":"https:\/\/www.aquilaguna.com\/index.php\/wp-json\/wp\/v2\/posts\/6609\/revisions\/6610"}],"wp:attachment":[{"href":"https:\/\/www.aquilaguna.com\/index.php\/wp-json\/wp\/v2\/media?parent=6609"}],"wp:term":[{"taxonomy":"category","embeddable":true,"href":"https:\/\/www.aquilaguna.com\/index.php\/wp-json\/wp\/v2\/categories?post=6609"},{"taxonomy":"post_tag","embeddable":true,"href":"https:\/\/www.aquilaguna.com\/index.php\/wp-json\/wp\/v2\/tags?post=6609"}],"curies":[{"name":"wp","href":"https:\/\/api.w.org\/{rel}","templated":true}]}}