{"id":6622,"date":"2022-01-14T18:00:46","date_gmt":"2022-01-15T00:00:46","guid":{"rendered":"https:\/\/www.aquilaguna.com\/?p=6622"},"modified":"2022-01-14T18:00:46","modified_gmt":"2022-01-15T00:00:46","slug":"escuelas-normales-de-coahuila-tienen-nuevo-coordinador","status":"publish","type":"post","link":"https:\/\/www.aquilaguna.com\/index.php\/2022\/01\/14\/escuelas-normales-de-coahuila-tienen-nuevo-coordinador\/","title":{"rendered":"ESCUELAS NORMALES DE COAHUILA TIENEN NUEVO COORDINADOR."},"content":{"rendered":"\n<p>\u00b7\u00a0\u00a0\u00a0\u00a0\u00a0\u00a0<strong><em>Se entrega nombramiento a Ra\u00fal Humberto Cepeda Garza\u00a0\u00a0\u00a0\u00a0\u00a0\u00a0\u00a0\u00a0<\/em><\/strong><\/p>\n\n\n\n<p>Saltillo, Coahuila de Zaragoza; a 14 de Enero de 2022.- Con el compromiso de contribuir y mantener la m\u00e1xima calidad educativa del nivel y a consolidar los sistemas estatales de educaci\u00f3n normal, Ra\u00fal Humberto Cepeda Garza recibi\u00f3 su nombramiento como Coordinador General de Educaci\u00f3n Normal y Actualizaci\u00f3n Docente.<\/p>\n\n\n\n<p>El Secretario de Educaci\u00f3n de Coahuila, Francisco Saracho Navarro, entreg\u00f3, a nombre del gobernador Miguel \u00c1ngel Riquelme Sol\u00eds,&nbsp; la designaci\u00f3n al nuevo funcionario dentro de la estructura educativa de Coahuila, para coordinar y administrar la Educaci\u00f3n Normal en la entidad, mediante el desarrollo de programas y estrategias que incrementen la eficiencia y eficacia en los procesos de ense\u00f1anza-aprendizaje de los futuros docentes y continuar brindando una educaci\u00f3n de calidad&nbsp; a los coahuilenses.<\/p>\n\n\n\n<p>Cepeda Garza, originario de Allende, Coahuila, es Licenciado en Educaci\u00f3n Media B\u00e1sica por la Escuela Normal Superior, con la especialidad de F\u00edsica-Matem\u00e1ticas, e&nbsp; Ingeniero Agr\u00f3nomo en Irrigaci\u00f3n por la UAAAN.<\/p>\n\n\n\n<p>Cuenta con la Maestr\u00eda en Educaci\u00f3n con Especialidad en Matem\u00e1ticas por ITESM,&nbsp; as\u00ed mismo, es candidato para la Maestr\u00eda en Estad\u00edstica Experimental&nbsp; por la UAAAN y para el&nbsp; Doctorado en Tecnolog\u00eda Educativa por el Centro Escolar Mar de Cort\u00e9s.<\/p>\n\n\n\n<p>Ha laborado frente a grupo a partir 1988 desde el nivel Secundaria, Normal, Tecnol\u00f3gico y la Universidad, impartiendo la materia de Matem\u00e1ticas; en el \u00e1mbito sindical ha respondido y cumplido con eficiencia a las diferentes encomiendas dentro del Comit\u00e9 Ejecutivo Seccional.<\/p>\n\n\n\n<p>Desde 2017 estuvo al frente de la Direcci\u00f3n de Administraci\u00f3n, Recursos Humanos y Servicios Generales de la DIPETRE.<\/p>\n\n\n\n<p>El nuevo coordinador se comprometi\u00f3 a cumplir con su encomienda cabalmente y a trabajar con cada uno de los directores de las Escuelas Normales de Coahuila en las \u00e1reas de oportunidad que se tienen, y que el Estado contin\u00fae siendo el formador de los mejores docentes de M\u00e9xico.<\/p>\n","protected":false},"excerpt":{"rendered":"<p>\u00b7\u00a0\u00a0\u00a0\u00a0\u00a0\u00a0Se entrega nombramiento a Ra\u00fal Humberto Cepeda Garza\u00a0\u00a0\u00a0\u00a0\u00a0\u00a0\u00a0\u00a0 Saltillo, Coahuila de Zaragoza; a 14 de Enero de 2022.- Con el compromiso de contribuir y mantener la m\u00e1xima calidad educativa del nivel y a consolidar los sistemas estatales de educaci\u00f3n normal, Ra\u00fal Humberto Cepeda Garza recibi\u00f3 su nombramiento como Coordinador General de Educaci\u00f3n Normal y Actualizaci\u00f3n Docente. El Secretario de Educaci\u00f3n de Coahuila, Francisco Saracho Navarro, entreg\u00f3, a nombre del gobernador&#8230;<\/p>\n","protected":false},"author":1,"featured_media":0,"comment_status":"closed","ping_status":"closed","sticky":false,"template":"","format":"standard","meta":{"footnotes":""},"categories":[5,9,15],"tags":[],"class_list":["post-6622","post","type-post","status-publish","format-standard","hentry","category-coahuila","category-educacion","category-gobierno-de-coahuila","wpcat-5-id","wpcat-9-id","wpcat-15-id"],"_links":{"self":[{"href":"https:\/\/www.aquilaguna.com\/index.php\/wp-json\/wp\/v2\/posts\/6622","targetHints":{"allow":["GET"]}}],"collection":[{"href":"https:\/\/www.aquilaguna.com\/index.php\/wp-json\/wp\/v2\/posts"}],"about":[{"href":"https:\/\/www.aquilaguna.com\/index.php\/wp-json\/wp\/v2\/types\/post"}],"author":[{"embeddable":true,"href":"https:\/\/www.aquilaguna.com\/index.php\/wp-json\/wp\/v2\/users\/1"}],"replies":[{"embeddable":true,"href":"https:\/\/www.aquilaguna.com\/index.php\/wp-json\/wp\/v2\/comments?post=6622"}],"version-history":[{"count":1,"href":"https:\/\/www.aquilaguna.com\/index.php\/wp-json\/wp\/v2\/posts\/6622\/revisions"}],"predecessor-version":[{"id":6623,"href":"https:\/\/www.aquilaguna.com\/index.php\/wp-json\/wp\/v2\/posts\/6622\/revisions\/6623"}],"wp:attachment":[{"href":"https:\/\/www.aquilaguna.com\/index.php\/wp-json\/wp\/v2\/media?parent=6622"}],"wp:term":[{"taxonomy":"category","embeddable":true,"href":"https:\/\/www.aquilaguna.com\/index.php\/wp-json\/wp\/v2\/categories?post=6622"},{"taxonomy":"post_tag","embeddable":true,"href":"https:\/\/www.aquilaguna.com\/index.php\/wp-json\/wp\/v2\/tags?post=6622"}],"curies":[{"name":"wp","href":"https:\/\/api.w.org\/{rel}","templated":true}]}}