{"id":6632,"date":"2022-01-14T18:11:50","date_gmt":"2022-01-15T00:11:50","guid":{"rendered":"https:\/\/www.aquilaguna.com\/?p=6632"},"modified":"2022-01-14T18:11:51","modified_gmt":"2022-01-15T00:11:51","slug":"firma-uadec-convenio-de-colaboracion-con-canacintra-delegacion-torreon","status":"publish","type":"post","link":"https:\/\/www.aquilaguna.com\/index.php\/2022\/01\/14\/firma-uadec-convenio-de-colaboracion-con-canacintra-delegacion-torreon\/","title":{"rendered":"Firma UAdeC Convenio de Colaboraci\u00f3n con CANACINTRA Delegaci\u00f3n Torre\u00f3n."},"content":{"rendered":"\n<p>TORRE\u00d3N, Coahuila. 14 de enero de 2022.- Con el fin de fortalecer la<br>vinculaci\u00f3n de la comunidad estudiantil y docente de la Universidad Aut\u00f3noma de<br>Coahuila con el sector productivo, este viernes el rector Salvador Hern\u00e1ndez V\u00e9lez<br>firm\u00f3 un convenio de colaboraci\u00f3n y asistencia con la C\u00e1mara Nacional de la<br>Industria de la Transformaci\u00f3n (CANACINTRA) Delegaci\u00f3n Torre\u00f3n.<\/p>\n\n\n\n<p>En la Infoteca de Ciudad Universitaria de Torre\u00f3n, el documento fue signado por el<br>Rector de la m\u00e1xima casa de estudios y el presidente de CANACINTRA Torre\u00f3n,<br>Carlos Gonz\u00e1lez Silva, en presencia de la coordinadora de la Unidad Torre\u00f3n,<br>Sandra L\u00f3pez Chavarr\u00eda, directoras y directores de los distintos planteles de la<br>UAdeC, as\u00ed como integrantes del Consejo Directivo del organismo empresarial.<\/p>\n\n\n\n<p>En su mensaje, el Rector expres\u00f3 que, gracias a la Reforma Estatutaria en la<br>Universidad, luego de permanecer inamovible durante 44 a\u00f1os, hoy se puede<br>avanzar en la transformaci\u00f3n acad\u00e9mica de las 59 Escuelas, Facultades e<br>Institutos de la UAdeC en el estado, gracias al impulso de convenios de<br>colaboraci\u00f3n y apoyo con los sectores productivos, como en este caso, con el<br>industrial lagunero, que beneficiar\u00e1 tanto a estudiantes como a egresados.<\/p>\n\n\n\n<p>Hern\u00e1ndez V\u00e9lez, puntualiz\u00f3 que, los estudiantes adem\u00e1s de ostentar un t\u00edtulo<br>universitario pueden garantizar la certificaci\u00f3n de sus habilidades y competencias<br>laborales a los empleadores, quienes, en beneficio, pueden acrecentar sus niveles<br>productivos con una mano de obra m\u00e1s globalizada, preparada y responsable.<\/p>\n\n\n\n<p>Sostuvo ante los empresarios presentes que la Universidad es un organismo<br>reconocido dentro del programa federal promovido por la Secretar\u00eda de Educaci\u00f3n<br>P\u00fablica (SEP), denominado CONOCER (Consejo Nacional de Normalizaci\u00f3n y<br>Certificaci\u00f3n de Competencias Laborales), el cual permite la acreditaci\u00f3n de<br>nuevos recursos humanos, fortalece la mano de obra y sirve a la sociedad en<br>general.<\/p>\n\n\n\n<p>Por su parte, el presidente de CANACINTRA Torre\u00f3n, Carlos Gonz\u00e1lez Silva,<br>agradeci\u00f3 la confianza de las autoridades universitarias por promover este<br>convenio que beneficia a ambas partes, al tiempo de refrendar el apoyo del sector<br>industrial a los alumnos y futuros profesionistas, quienes podr\u00e1n estar capacitados<br>con el m\u00e1s alto nivel.<\/p>\n\n\n\n<p>En representaci\u00f3n de los directores de la Unidad Torre\u00f3n, la titular de la Escuela<br>de Arquitectura, Paola de la Campa P\u00e1ez, expres\u00f3 que la visi\u00f3n del rector<br>Salvador Hern\u00e1ndez V\u00e9lez, considera de manera importante y primordial el futuro<br>de los universitarios, al vincularse y promover acciones que coadyuven en la<br>formaci\u00f3n integral del alumnado.<\/p>\n","protected":false},"excerpt":{"rendered":"<p>TORRE\u00d3N, Coahuila. 14 de enero de 2022.- Con el fin de fortalecer lavinculaci\u00f3n de la comunidad estudiantil y docente de la Universidad Aut\u00f3noma deCoahuila con el sector productivo, este viernes el rector Salvador Hern\u00e1ndez V\u00e9lezfirm\u00f3 un convenio de colaboraci\u00f3n y asistencia con la C\u00e1mara Nacional de laIndustria de la Transformaci\u00f3n (CANACINTRA) Delegaci\u00f3n Torre\u00f3n. En la Infoteca de Ciudad Universitaria de Torre\u00f3n, el documento fue signado por elRector de la m\u00e1xima&#8230;<\/p>\n","protected":false},"author":1,"featured_media":6633,"comment_status":"closed","ping_status":"closed","sticky":false,"template":"","format":"standard","meta":{"footnotes":""},"categories":[76,7,2],"tags":[],"class_list":["post-6632","post","type-post","status-publish","format-standard","has-post-thumbnail","hentry","category-canacintra","category-torreon","category-uadec","wpcat-76-id","wpcat-7-id","wpcat-2-id"],"_links":{"self":[{"href":"https:\/\/www.aquilaguna.com\/index.php\/wp-json\/wp\/v2\/posts\/6632","targetHints":{"allow":["GET"]}}],"collection":[{"href":"https:\/\/www.aquilaguna.com\/index.php\/wp-json\/wp\/v2\/posts"}],"about":[{"href":"https:\/\/www.aquilaguna.com\/index.php\/wp-json\/wp\/v2\/types\/post"}],"author":[{"embeddable":true,"href":"https:\/\/www.aquilaguna.com\/index.php\/wp-json\/wp\/v2\/users\/1"}],"replies":[{"embeddable":true,"href":"https:\/\/www.aquilaguna.com\/index.php\/wp-json\/wp\/v2\/comments?post=6632"}],"version-history":[{"count":1,"href":"https:\/\/www.aquilaguna.com\/index.php\/wp-json\/wp\/v2\/posts\/6632\/revisions"}],"predecessor-version":[{"id":6634,"href":"https:\/\/www.aquilaguna.com\/index.php\/wp-json\/wp\/v2\/posts\/6632\/revisions\/6634"}],"wp:featuredmedia":[{"embeddable":true,"href":"https:\/\/www.aquilaguna.com\/index.php\/wp-json\/wp\/v2\/media\/6633"}],"wp:attachment":[{"href":"https:\/\/www.aquilaguna.com\/index.php\/wp-json\/wp\/v2\/media?parent=6632"}],"wp:term":[{"taxonomy":"category","embeddable":true,"href":"https:\/\/www.aquilaguna.com\/index.php\/wp-json\/wp\/v2\/categories?post=6632"},{"taxonomy":"post_tag","embeddable":true,"href":"https:\/\/www.aquilaguna.com\/index.php\/wp-json\/wp\/v2\/tags?post=6632"}],"curies":[{"name":"wp","href":"https:\/\/api.w.org\/{rel}","templated":true}]}}