{"id":6642,"date":"2022-01-14T18:51:41","date_gmt":"2022-01-15T00:51:41","guid":{"rendered":"https:\/\/www.aquilaguna.com\/?p=6642"},"modified":"2022-01-14T18:51:41","modified_gmt":"2022-01-15T00:51:41","slug":"valora-gobierno-del-estado-fecha-de-reinicio-de-clases","status":"publish","type":"post","link":"https:\/\/www.aquilaguna.com\/index.php\/2022\/01\/14\/valora-gobierno-del-estado-fecha-de-reinicio-de-clases\/","title":{"rendered":"Valora Gobierno del Estado fecha de reinicio de clases."},"content":{"rendered":"\n<p>Torre\u00f3n, Coahuila.- El Gobierno del Estado, estar\u00e1 valorando\u00a0 el reinicio de clases\u00a0 el lunes pr\u00f3ximo, o si tal retorno se realiza de manera paulatina \u00a0 seg\u00fan sea el caso de cada plantel educativo ante\u00a0 la oleada\u00a0 de contagios que ha desatado el Virus Covid-19 y algunas de sus mutaciones. Adem\u00e1s\u00a0 quienes integran el  sector magisterial en Coahuila \u00a0 culminan su per\u00edodo de vacunaci\u00f3n este domingo y algunos de ellos\u00a0 pudieran\u00a0 registrar\u00a0 algunas reacciones\u00a0a la misma.\u00a0<\/p>\n\n\n\n<p>De ah\u00ed que afirm\u00f3 luego que\u00a0 el retorno,\u00a0 consider\u00f3\u00a0 el gobernador Miguel\u00a0 Angel Riquelme Solis,\u00a0 &#8220;va a ser paulatino. Vamos a retornar con los maestros que se pueda,\u00a0 y a otros lo har\u00e1n\u00a0 a trav\u00e9s del m\u00e9todo virtual, y vamos a recorrer la entrada, pero estaremos valorando cada escuela y cada regi\u00f3n&#8221;.<\/p>\n\n\n\n<p>Revel\u00f3\u00a0 que, &#8220;no hab\u00edamos\u00a0 valorado que la vacunaci\u00f3n\u00a0 al magisterio,\u00a0 empez\u00f3 el mi\u00e9rcoles y estar\u00e1 concluyendo el pr\u00f3ximo domingo, algunos maestros pudieran registrar alguna reacci\u00f3n y eso, si hay que contemplarlo, es justo&#8221;.<\/p>\n\n\n\n<p>En cuanto a la expectativa de que la vacunaci\u00f3n finalmente se aplique a la poblaci\u00f3n infantil, que parece ser por ahora uno de los segmentos de la poblaci\u00f3n\u00a0 bajo el embate del virus,\u00a0 el gobernante indic\u00f3 que, &#8220;eso ya se ha solicitado al gobierno federal y\u00a0 vamos avanzando&#8221;.<\/p>\n\n\n\n<p>Indic\u00f3 luego preguntando, &#8220;que las vacunas destinadas a la poblaci\u00f3n\u00a0 cuyas edades se encuentran entre los 15 y 18 a\u00f1os, si siguen llegando a Coahuila, pero muy lento&#8221;.<\/p>\n\n\n\n<p>&#8220;En el resto de los segmentos\u00a0 de poblaci\u00f3n que recibe vacunaci\u00f3n, vamos muy bien, vamos casi\u00a0 al 80% con esquema doble entre toda la poblaci\u00f3n mayor de 18 a\u00f1os&#8221;.<\/p>\n\n\n\n<p>&#8220;Ah\u00ed si vamos bien, prueba de ello es que el incremento del\u00a0 Omicron\u00a0 entre los vacunados no necesariamente se traduce en hospitalizaci\u00f3n y menos en lamentables fallecimientos&#8221;.<\/p>\n\n\n\n<p>&#8220;Vamos en el par\u00e1metro\u00a0 normal, no tenemos gr\u00e1ficas\u00a0 que cambien nuestros Indicadores&#8221;. Sin embargo,\u00a0 no dejo de mencionar que, &#8220;en\u00a0 Coahuila ya se registran mas de 15 casos positivos diarios&#8221;.<\/p>\n\n\n\n<p>&#8220;Va muy r\u00e1pido el contagio, pero aqu\u00ed tenemos que seguir cuidando cuidando a quienes tienen \u00a0 una morbilidad y sobre todo a quienes no est\u00e9n lamentablemente vacunados por alguna causa&#8221;.<\/p>\n\n\n\n<p>Acept\u00f3 que en el \u00e1rea laboral, &#8220;s\u00ed hay sectores afectados&#8221;, pero externo que, &#8220;creo que est\u00e1n controlados, ahorita la mayor problem\u00e1tica\u00a0 se est\u00e1 dando en Saltillo\u00a0 y ah\u00ed el contagio se\u00a0 da de manera muy \u00e1gil, en ese sentido, ahorita se est\u00e1n implementando, cubriendo turnos\u00a0 para evitar retrocesos\u00a0 sobre todo, en la industria automotriz&#8221;.<\/p>\n","protected":false},"excerpt":{"rendered":"<p>Torre\u00f3n, Coahuila.- El Gobierno del Estado, estar\u00e1 valorando\u00a0 el reinicio de clases\u00a0 el lunes pr\u00f3ximo, o si tal retorno se realiza de manera paulatina \u00a0 seg\u00fan sea el caso de cada plantel educativo ante\u00a0 la oleada\u00a0 de contagios que ha desatado el Virus Covid-19 y algunas de sus mutaciones. Adem\u00e1s\u00a0 quienes integran el sector magisterial en Coahuila \u00a0 culminan su per\u00edodo de vacunaci\u00f3n este domingo y algunos de ellos\u00a0 pudieran\u00a0&#8230;<\/p>\n","protected":false},"author":2,"featured_media":0,"comment_status":"closed","ping_status":"","sticky":false,"template":"","format":"standard","meta":{"footnotes":""},"categories":[5,9,15],"tags":[],"class_list":["post-6642","post","type-post","status-publish","format-standard","hentry","category-coahuila","category-educacion","category-gobierno-de-coahuila","wpcat-5-id","wpcat-9-id","wpcat-15-id"],"_links":{"self":[{"href":"https:\/\/www.aquilaguna.com\/index.php\/wp-json\/wp\/v2\/posts\/6642","targetHints":{"allow":["GET"]}}],"collection":[{"href":"https:\/\/www.aquilaguna.com\/index.php\/wp-json\/wp\/v2\/posts"}],"about":[{"href":"https:\/\/www.aquilaguna.com\/index.php\/wp-json\/wp\/v2\/types\/post"}],"author":[{"embeddable":true,"href":"https:\/\/www.aquilaguna.com\/index.php\/wp-json\/wp\/v2\/users\/2"}],"replies":[{"embeddable":true,"href":"https:\/\/www.aquilaguna.com\/index.php\/wp-json\/wp\/v2\/comments?post=6642"}],"version-history":[{"count":1,"href":"https:\/\/www.aquilaguna.com\/index.php\/wp-json\/wp\/v2\/posts\/6642\/revisions"}],"predecessor-version":[{"id":6643,"href":"https:\/\/www.aquilaguna.com\/index.php\/wp-json\/wp\/v2\/posts\/6642\/revisions\/6643"}],"wp:attachment":[{"href":"https:\/\/www.aquilaguna.com\/index.php\/wp-json\/wp\/v2\/media?parent=6642"}],"wp:term":[{"taxonomy":"category","embeddable":true,"href":"https:\/\/www.aquilaguna.com\/index.php\/wp-json\/wp\/v2\/categories?post=6642"},{"taxonomy":"post_tag","embeddable":true,"href":"https:\/\/www.aquilaguna.com\/index.php\/wp-json\/wp\/v2\/tags?post=6642"}],"curies":[{"name":"wp","href":"https:\/\/api.w.org\/{rel}","templated":true}]}}