{"id":6644,"date":"2022-01-14T19:40:32","date_gmt":"2022-01-15T01:40:32","guid":{"rendered":"https:\/\/www.aquilaguna.com\/?p=6644"},"modified":"2022-01-14T19:40:32","modified_gmt":"2022-01-15T01:40:32","slug":"lauro-villarreal-navarro-toma-protesta-como-gerente-general-del-simas-torreon","status":"publish","type":"post","link":"https:\/\/www.aquilaguna.com\/index.php\/2022\/01\/14\/lauro-villarreal-navarro-toma-protesta-como-gerente-general-del-simas-torreon\/","title":{"rendered":"LAURO VILLARREAL NAVARRO TOMA PROTESTA COMO GERENTE GENERAL DEL SIMAS TORRE\u00d3N."},"content":{"rendered":"\n<p>Torre\u00f3n, Coahuila. A 14 de enero de 2022<\/p>\n\n\n\n<p>Por unanimidad del Consejo Directivo del SIMAS Torre\u00f3n 2022 \u2013 2023 \u2013 2024, la tarde de este<br>viernes el Alcalde Rom\u00e1n Alberto Cepeda Gonz\u00e1lez, tom\u00f3 protesta a Lauro Villarreal Navarro como<br>Gerente General del Sistema Municipal de Aguas y Saneamiento de Torre\u00f3n (SIMAS).<\/p>\n\n\n\n<p>El Alcalde de Torre\u00f3n tambi\u00e9n tom\u00f3 protesta a los integrantes del Consejo Directivo del SIMAS y lo<br>declar\u00f3 legalmente constituido para posteriormente someter a votaci\u00f3n la terna propuesta por el<br>Presidente Municipal para ocupar la Gerencia General del SIMAS Torre\u00f3n, integrada por: Lauro<br>Villarreal Navarro, Rogelio Vizuett Fragoso y Everardo Facio L\u00f3pez.<\/p>\n\n\n\n<p>Por unanimidad del Consejo Directivo, Lauro Villarreal Navarro fue designado como Gerente<br>General para el periodo 22 -23 -24, y le otorgaron poderes generales y especiales para pleitos y<br>cobranzas y actos de administraci\u00f3n con todas las facultades, aun las que requieran poder especial<br>conforme a la ley, en los t\u00e9rminos del art\u00edculo 2554 del C\u00f3digo Civil Federal y su correlativo, el<br>art\u00edculo 3008, del C\u00f3digo Civil del Estado de Coahuila, en t\u00e9rminos del art\u00edculo 28 fracci\u00f3n V de la<br>Ley de Aguas Para los Municipios del Estado de Zaragoza, y art\u00edculo 9 fracci\u00f3n VI del Reglamento<br>Interior del SIMAS Torre\u00f3n.<\/p>\n\n\n\n<p>El Alcalde se\u00f1al\u00f3 ante el Consejo que el nuevo gerente Lauro Villarreal Navarro, habr\u00e1 de<br>encabezar no solo un proyecto del SIMAS Torre\u00f3n, sino un plan de trabajo que ver\u00e1 por el<br>bienestar de Torre\u00f3n, un compromiso que tiene tiempo pendiente.<\/p>\n\n\n\n<p>\u201cNo quiero dejar pasar este momento para decirles a los Consejeros que van a contar siempre con<br>mi apoyo como Presidente del Consejo del SIMAS, pero como Alcalde de Torre\u00f3n les pido su<br>participaci\u00f3n en el cumplimento de los 1637 compromisos que firm\u00e9 en mi campa\u00f1a como<br>candidato a la alcald\u00eda\u201d.<\/p>\n\n\n\n<p>Rom\u00e1n Alberto Cepeda a\u00f1adi\u00f3 \u201cno lo abordo como un tema del orden pol\u00edtico, lo digo como un<br>asunto relacionado con una necesidad social, que no debi\u00f3 convertirse en una oferta pol\u00edtica, pero<br>lo es por la gran problem\u00e1tica del agua\u201d.<\/p>\n\n\n\n<p>El alcalde dio su voto de confianza a los integrantes del Consejo y al Gerente General, para cumplir<br>con el compromiso social por Torre\u00f3n, y los felicit\u00f3 e invit\u00f3 a trabajar de manera conjunta en una<br>de las acciones m\u00e1s importantes como lo es el suministro de agua potable a la ciudadan\u00eda.<\/p>\n\n\n\n<p>\u201cCuando hacemos el trabajo de manera coordinada, con un solo equipo, una sola ruta y una sola<br>meta, no tengo duda que en Torre\u00f3n se resolver\u00e1 el problema del agua, en nuestras manos est\u00e1 el poder regresarle a la ciudad, la dignidad con un buen servicio y un buen trato a un Torre\u00f3n como<br>el que todos queremos\u201d.<\/p>\n\n\n\n<p>El Consejo Directivo del SIMAS Torre\u00f3n est\u00e1 integrado por: Rom\u00e1n Alberto Cepeda Gonz\u00e1lez,<br>Presidente del Consejo, Susana Estens de la Garza, Directora General de Medio Ambiente, Juan<br>Adolfo Von Bertrab Saracho, Director General de Obras P\u00fablicas, Francisco Jos\u00e9 Torres, Director<br>General de Ordenamiento y Urbanismo, Luis Jorge Cuerda Serna, Primer Regidor del<br>Ayuntamiento, Jes\u00fas Javier G\u00f3mez Ledezma, D\u00e9cimo Segundo Regidor del Ayuntamiento, Alberto<br>Allegre del Cueto, empresario, Julio Armando Fischer Almar\u00e1z, representante del sector social,<br>Nohem\u00ed Vega Rubio, representante del sector social, Luis Alberto Dur\u00e1n D\u00e9vora, comisario, Carlos<br>Gonz\u00e1lez Silva, de CANACINTRA, Sandra Chavarr\u00eda L\u00f3pez, de la Universidad Aut\u00f3noma de Coahuila,<br>Humberto Rodr\u00edguez Garc\u00eda, de la CMIC, Mariano Serna Mu\u00f1oz, de la CANACO, Jorge Reyes Casas,<br>de la COPARMEX, Jes\u00fas de la Garza Acosta, de la CANDEVI y Jos\u00e9 P\u00e9rez Garza, del CCIL.<\/p>\n","protected":false},"excerpt":{"rendered":"<p>Torre\u00f3n, Coahuila. A 14 de enero de 2022 Por unanimidad del Consejo Directivo del SIMAS Torre\u00f3n 2022 \u2013 2023 \u2013 2024, la tarde de esteviernes el Alcalde Rom\u00e1n Alberto Cepeda Gonz\u00e1lez, tom\u00f3 protesta a Lauro Villarreal Navarro comoGerente General del Sistema Municipal de Aguas y Saneamiento de Torre\u00f3n (SIMAS). El Alcalde de Torre\u00f3n tambi\u00e9n tom\u00f3 protesta a los integrantes del Consejo Directivo del SIMAS y lodeclar\u00f3 legalmente constituido para posteriormente&#8230;<\/p>\n","protected":false},"author":1,"featured_media":6645,"comment_status":"closed","ping_status":"closed","sticky":false,"template":"","format":"standard","meta":{"footnotes":""},"categories":[5,28,7],"tags":[],"class_list":["post-6644","post","type-post","status-publish","format-standard","has-post-thumbnail","hentry","category-coahuila","category-la-laguna","category-torreon","wpcat-5-id","wpcat-28-id","wpcat-7-id"],"_links":{"self":[{"href":"https:\/\/www.aquilaguna.com\/index.php\/wp-json\/wp\/v2\/posts\/6644","targetHints":{"allow":["GET"]}}],"collection":[{"href":"https:\/\/www.aquilaguna.com\/index.php\/wp-json\/wp\/v2\/posts"}],"about":[{"href":"https:\/\/www.aquilaguna.com\/index.php\/wp-json\/wp\/v2\/types\/post"}],"author":[{"embeddable":true,"href":"https:\/\/www.aquilaguna.com\/index.php\/wp-json\/wp\/v2\/users\/1"}],"replies":[{"embeddable":true,"href":"https:\/\/www.aquilaguna.com\/index.php\/wp-json\/wp\/v2\/comments?post=6644"}],"version-history":[{"count":1,"href":"https:\/\/www.aquilaguna.com\/index.php\/wp-json\/wp\/v2\/posts\/6644\/revisions"}],"predecessor-version":[{"id":6646,"href":"https:\/\/www.aquilaguna.com\/index.php\/wp-json\/wp\/v2\/posts\/6644\/revisions\/6646"}],"wp:featuredmedia":[{"embeddable":true,"href":"https:\/\/www.aquilaguna.com\/index.php\/wp-json\/wp\/v2\/media\/6645"}],"wp:attachment":[{"href":"https:\/\/www.aquilaguna.com\/index.php\/wp-json\/wp\/v2\/media?parent=6644"}],"wp:term":[{"taxonomy":"category","embeddable":true,"href":"https:\/\/www.aquilaguna.com\/index.php\/wp-json\/wp\/v2\/categories?post=6644"},{"taxonomy":"post_tag","embeddable":true,"href":"https:\/\/www.aquilaguna.com\/index.php\/wp-json\/wp\/v2\/tags?post=6644"}],"curies":[{"name":"wp","href":"https:\/\/api.w.org\/{rel}","templated":true}]}}