{"id":6647,"date":"2022-01-14T19:59:21","date_gmt":"2022-01-15T01:59:21","guid":{"rendered":"https:\/\/www.aquilaguna.com\/?p=6647"},"modified":"2022-01-14T19:59:21","modified_gmt":"2022-01-15T01:59:21","slug":"uadec-recorta-a-personal-interino","status":"publish","type":"post","link":"https:\/\/www.aquilaguna.com\/index.php\/2022\/01\/14\/uadec-recorta-a-personal-interino\/","title":{"rendered":"UAdeC recorta a personal interino."},"content":{"rendered":"\n<p>Torre\u00f3n, Coahuila.- Definitivo, la UAdeC\u00a0 ces\u00f3 ya\u00a0 la\u00a0 contrataci\u00f3n de\u00a0 personal alguno de forma interina sin otra justificaci\u00f3n que no sea la de no contar con partida presupuestal\u00a0 de orden federal alguna para el pago de tal n\u00f3mina, al tiempo que hace esfuerzos destinados a generar\u00a0 los fondos que se estar\u00e1n destinando al pago de sus jubilados y pensionados,\u00a0 que tampoco incluye el\u00a0 presupuesto asignado y que contemplan\u00a0 posible\u00a0 incremento\u00a0 a sus cuotas de inscripci\u00f3n,\u00a0 en tanto\u00a0 el segmento de sus\u00a0 directivos de primer nivel, han accedido ya a bajar hasta en un 10%\u00a0 sus\u00a0 sueldos u honorarios, medida que se espera\u00a0 replique el resto de la plantilla laboral de\u00a0 esta casa universitaria.\u00a0\u00a0\u00a0<\/p>\n\n\n\n<p>El Rector\u00a0 Salvador Hern\u00e1ndez Velez, hizo las anteriores consideraciones al termino de la\u00a0 reuni\u00f3n sostenida esta ma\u00f1ana con\u00a0 directivos de escuelas y facultades de la Unidad Torre\u00f3n, al igual que con el resto \u00a0 de cada una de las Unidades de la Universidad Aut\u00f3noma de Coahuila, como lo hizo esta ma\u00f1ana, para darles a conocer la situaci\u00f3n financiera que \u00e9sta\u00a0 guarda\u00a0y las estrategias que se contemplan, que incluye \u00a0 no solo\u00a0 obligada austeridad para\u00a0 hacer viable la vida institucional de la M\u00e1xima Casa\u00a0 de Estudios con la eficacia y calidad que la sociedad\u00a0 exige de la educaci\u00f3n superior que en ella se\u00a0 imparte.\u00a0\u00a0<\/p>\n\n\n\n<p>Explic\u00f3 que el problema financiero de la Universidad\u00a0 es un problema\u00a0 que empez\u00f3 en 1994, cuando \u00a0 un Estudio Actuarial sobre las Pensiones, dictamin\u00f3 que se venia un problema muy serio y que no se pod\u00eda mantener el Fondo de Pensiones.<\/p>\n\n\n\n<p>En ese mismo a\u00f1o se toma la determinaci\u00f3n con una medida parcial, pues no resolv\u00eda la situaci\u00f3n\u00a0 ya que todo trabajador\u00a0 que ingresara a la Universidad\u00a0 deb\u00eda hacerlo por la v\u00eda del Seguro Social.<\/p>\n\n\n\n<p>&#8220;Nosotros tenemos en este momento, 7,700 trabajadores, de los cuales 530 son activos en el DIPTRIE\u00a0 pero lo otros\u00a0 mas de 7,200 est\u00e1n en el Seguro Social y esos, tienen dos circunstancias&#8221;.<\/p>\n\n\n\n<p>&#8220;Unos, los que se est\u00e1n rigiendo por la ley del IMSS\u00a0 de 1973\u00a0 y otros por la Ley del IMSS\u00a0 de 1993, que son\u00a0 las Afores,\u00a0 que estas, no resuelven el problema\u00a0 ya que est\u00e1n peor que la soluci\u00f3n que la Universidad le dio en el 1994 al pasarlos al IMSS\u00a0 y que los pas\u00f3 en dif\u00edciles circunstancias, pues en esas fechas el DIPETRIE, ya tra\u00eda problemas&#8221;.<\/p>\n\n\n\n<p>De tal suerte, dijo, &#8220;que de acuerdo a los estudios citados, \u00a0 la carga que registra\u00a0 la UAdeC, bajo ese sistema de pensiones, se podr\u00eda resolver hasta el a\u00f1o 2064&#8221;.<\/p>\n\n\n\n<p>&#8220;El problema es que nosotros, recibimos dos tipos de recursos en la Universidad, unos son los recursos ordinarios, a trav\u00e9s del Convenio Tripartita, esos son\u00a0 de donde se\u00a0 paga la n\u00f3mina y los Recursos Extraordinarios, son los que \u00a0 entrega el Estado y las cuotas de\u00a0 recuperaci\u00f3n, y de esos casi el 95%\u00a0 se aplica a N\u00f3mina&#8221;.<\/p>\n\n\n\n<p>&#8220;Pero\u00a0 los pensionados no est\u00e1n ah\u00ed&#8221;,  recordando que, &#8220;cuando estos eran poquitos se pagaban de dos formas,\u00a0 una, con\u00a0 una Partida extraordinaria\u00a0 que la C\u00e1mara \u00a0 de Diputados \u00a0 destinaba para la soluci\u00f3n de los problemas estructurales de la Universidades, que era la Partida 0-81, pero\u00a0 la diputaci\u00f3n anterior a esta, la del 2018 la dejo en ceros&#8221;.<\/p>\n\n\n\n<p>&#8220;Del 2018 hacia atr\u00e1s, de ah\u00ed se tomaban los recursos para el pago de los pensionados y la otra, \u00a0 se tomaba uno poco de los recursos que generaban las cuotas de los estudiantes, pero resulta que ahora\u00a0 nos indican que la\u00a0 educaci\u00f3n universitaria debe de ser gratuita y los estudiantes, ya no quieren pagar&#8221;.<\/p>\n\n\n\n<p>Record\u00f3 que \u00a0como Rector de la UAdeC, &#8220;a mi me tocaron de tales fondos,\u00a0 300 millones de pesos, a Blas -su antecesor en el cargo-,\u00a0 le han de ver tocado\u00a0 como 280 millones, en su ultimo a\u00f1o y luego quiz\u00e1s en otro a\u00f1o, 200 millones, pero hab\u00eda una\u00a0 Partida Extraordinaria -la 081-, y de ah\u00ed se pod\u00eda acceder a tales recursos&#8221;.<\/p>\n\n\n\n<p>A\u00a0 mi me toc\u00f3, record\u00f3, &#8220;recibir todav\u00eda un poco\u00a0 de esa din\u00e1mica, pero ya la hab\u00edan dejado en ceros, sin embargo la Secretar\u00eda de Hacienda,\u00a0 nos dio recursos y entonces\u00a0 a nosotros nos toco en los primeros tres a\u00f1os, aunque ya no hab\u00eda tal partida, el gobierno federal aport\u00f3\u00a0 cien millones de pesos por a\u00f1o, pero el a\u00f1o pasado nos dijo ya no tengo y este a\u00f1o menos&#8221;.<\/p>\n\n\n\n<p>Inform\u00f3 que por ello, no se pudo pagar a ning\u00fan trabajador, en\u00a0 activo, pensionado o jubilado \u00a0 la nomina que correspondi\u00f3 a la ultima quincena del pasado mes de diciembre del 2021.<\/p>\n\n\n\n<p>Eso trae un problema, dijo, &#8220;que necesitamos que esas cuestiones se discutan bien porque no es un problema solo de la Universidad Aut\u00f3noma de Coahuila sino de todas las universidades p\u00fablicas del pa\u00eds&#8221;, dice.<\/p>\n\n\n\n<p>Resumi\u00f3\u00a0 diciendo que, &#8220;el gobierno \u00a0 federal no retras\u00f3\u00a0 partida alguna\u00a0 a la UAdeC durante el a\u00f1o 2021 la\u00a0 partida extraordinaria\u00a0 a la\u00a0 UAdeC, lo que hizo, es dejar en ceros\u00a0 el Presupuesto Extraordinario, no hay un solo cinco, pero por otra parte, la Ley Federal del Trabajo nos obliga a pagarle a los pensionados, puesto que no es una d\u00e1diva, ya se lo ganaron&#8221;.<\/p>\n\n\n\n<p>Adem\u00e1s, explic\u00f3,\u00a0 &#8220;las cuotas que pagan los trabajadores para recibir \u00a0 alg\u00fan d\u00eda su pensi\u00f3n, es baja. Nosotros tenemos 2,230 jubilados y pensionados contra 530 trabajadores activos en el Fondo de Pensiones y se requieren\u00a0 de 3.5 trabajadores en activo para\u00a0 alcanzar\u00a0 el pago de un pensionado,\u00a0 de ah\u00ed que para 2,180  pensionados\u00a0 no alcancemos \u00a0 manera de\u00a0 pagarles, pues no hay partida alguna para ello&#8221;.<\/p>\n\n\n\n<p>Reconoci\u00f3 luego\u00a0 que, &#8220;quien pago el cien por ciento\u00a0 del d\u00e9ficit que registra la UAdeC, fue el\u00a0 Gobernador Riquelme Solis&#8221;.<\/p>\n\n\n\n<p><strong>NO NOS VA A QUEDAR DE OTRA.<\/strong><\/p>\n\n\n\n<p>En tal escenario,\u00a0 afirm\u00f3 que, &#8220;hay muchas cosas que tenemos que hacer&#8221;,\u00a0 citando que la UAdeC, registra \u00a0 una n\u00f3mina de 7,800. &#8220;La idea es bajar tal n\u00famero, con mil\u00a0 trabajadores eventuales. No nos va a quedar otra&#8221;.\u00a0<\/p>\n\n\n\n<p>A tal grupo, &#8220;ya se les acab\u00f3 su contrato de trabajo, \u00a0 no se les dio de baja, solo que\u00a0 ya\u00a0 no se les recontrat\u00f3&#8221;, indic\u00f3 entorno al grupo de trabajadores eventuales que en \u00e9sta Unidad\u00a0 se encontraban en esta situaci\u00f3n,\u00a0 afirmando luego que, &#8220;adem\u00e1s, no\u00a0 vamos a renovar contratos que vayan termin\u00e1ndose,\u00a0 son algunos mil en toda la Universidad que est\u00e1n en esas circunstancias&#8221;.<\/p>\n\n\n\n<p>Estim\u00f3 que tal sangr\u00eda de trabajadores, &#8220;va a representar  alrededor de 130 millones de pesos anuales \u00a0 mas o menos una vez que sepamos\u00a0 el termino del proceso que ir\u00e1 d\u00e1ndose catorcena por catorcena&#8221;.<\/p>\n\n\n\n<p><strong>ESPERANZAS.<\/strong><\/p>\n\n\n\n<p>Indico\u00a0 luego que la C\u00e1mara de Diputados, &#8220;ya acept\u00f3 que nos sentemos a discutir el volver a poner la Partida 0-81\u00a0 y eso,\u00a0 nos puede ayudar mucho, as\u00ed como nosotros, deberemos\u00a0 hacer un an\u00e1lisis de toda la\u00a0 estructura\u00a0 financiera de la Universidad\u00a0 sobre todo en los sueldos de todo el mundo, desde el Rector hasta abajo&#8221;.<\/p>\n\n\n\n<p>Nosotros, afirm\u00f3, &#8220;ya decidimos que en el caso de los directivos nos vamos a recortar nuestro sueldo,\u00a0 \u00a0 estimado esta disminuci\u00f3n a partir de la pr\u00f3xima catorcena hasta de un 15%&#8221;.<\/p>\n\n\n\n<p>&#8220;No somos muchos, solo 21 funcionarios para empezar, pero si no damos\u00a0 el ejemplo nosotros, no lo van a dar los dem\u00e1s&#8221;.<\/p>\n\n\n\n<p>&#8220;Y la otra, el Gobierno del Estado, que hasta hoy\u00a0 le ha entrado al problema, seguimos platicando para\u00a0 conocer hasta donde, pero si \u00a0 este no ve que nosotros nos hacemos esfuerzo alguno, pues tampoco ellos nos van a seguir ayudando&#8221;, dijo.<\/p>\n\n\n\n<p>Adem\u00e1s, no dej\u00f3 de informar que desde hace tres a\u00f1os las cuotas de inscripci\u00f3n y otros servicios no han tenido aumento alguno, de ah\u00ed que\u00a0 el Consejo Universitario deber\u00e1n decidir, una vez conocida la si situaci\u00f3n\u00a0 aprueba o rechaza\u00a0 el aumento\u00a0 \u00a0 en tales cobros.<\/p>\n\n\n\n<p>Y mencion\u00f3 tambi\u00e9n la carga que para la UAdeC, registra el sostenimiento de los Hospitales Universitarios, \u00a0 que dijo, &#8220;registran ocupaci\u00f3n de solo el 40%, hay una situaci\u00f3n ah\u00ed que\u00a0 se debe revisar a fondo, incluyendo el seguir haciendo recortes&#8221;.<\/p>\n\n\n\n<p>Cito para\u00a0 conclu\u00edr\u00a0 la inequidad en la distribuci\u00f3n del Presupuesto federal destinado a las universidades citando que,\u00a0 &#8220;la Universidad Aut\u00f3noma de Zacatecas recibe el 88 % de su gasto, en tanto que la\u00a0 \u00a0 Universidad de Nuevo Le\u00f3n\u00a0 55%, en tanto que la UAdeC , solo un 50%&#8221;.<\/p>\n","protected":false},"excerpt":{"rendered":"<p>Torre\u00f3n, Coahuila.- Definitivo, la UAdeC\u00a0 ces\u00f3 ya\u00a0 la\u00a0 contrataci\u00f3n de\u00a0 personal alguno de forma interina sin otra justificaci\u00f3n que no sea la de no contar con partida presupuestal\u00a0 de orden federal alguna para el pago de tal n\u00f3mina, al tiempo que hace esfuerzos destinados a generar\u00a0 los fondos que se estar\u00e1n destinando al pago de sus jubilados y pensionados,\u00a0 que tampoco incluye el\u00a0 presupuesto asignado y que contemplan\u00a0 posible\u00a0 incremento\u00a0&#8230;<\/p>\n","protected":false},"author":2,"featured_media":0,"comment_status":"closed","ping_status":"","sticky":false,"template":"","format":"standard","meta":{"footnotes":""},"categories":[5,2],"tags":[],"class_list":["post-6647","post","type-post","status-publish","format-standard","hentry","category-coahuila","category-uadec","wpcat-5-id","wpcat-2-id"],"_links":{"self":[{"href":"https:\/\/www.aquilaguna.com\/index.php\/wp-json\/wp\/v2\/posts\/6647","targetHints":{"allow":["GET"]}}],"collection":[{"href":"https:\/\/www.aquilaguna.com\/index.php\/wp-json\/wp\/v2\/posts"}],"about":[{"href":"https:\/\/www.aquilaguna.com\/index.php\/wp-json\/wp\/v2\/types\/post"}],"author":[{"embeddable":true,"href":"https:\/\/www.aquilaguna.com\/index.php\/wp-json\/wp\/v2\/users\/2"}],"replies":[{"embeddable":true,"href":"https:\/\/www.aquilaguna.com\/index.php\/wp-json\/wp\/v2\/comments?post=6647"}],"version-history":[{"count":1,"href":"https:\/\/www.aquilaguna.com\/index.php\/wp-json\/wp\/v2\/posts\/6647\/revisions"}],"predecessor-version":[{"id":6648,"href":"https:\/\/www.aquilaguna.com\/index.php\/wp-json\/wp\/v2\/posts\/6647\/revisions\/6648"}],"wp:attachment":[{"href":"https:\/\/www.aquilaguna.com\/index.php\/wp-json\/wp\/v2\/media?parent=6647"}],"wp:term":[{"taxonomy":"category","embeddable":true,"href":"https:\/\/www.aquilaguna.com\/index.php\/wp-json\/wp\/v2\/categories?post=6647"},{"taxonomy":"post_tag","embeddable":true,"href":"https:\/\/www.aquilaguna.com\/index.php\/wp-json\/wp\/v2\/tags?post=6647"}],"curies":[{"name":"wp","href":"https:\/\/api.w.org\/{rel}","templated":true}]}}