{"id":6696,"date":"2022-01-18T17:06:12","date_gmt":"2022-01-18T23:06:12","guid":{"rendered":"https:\/\/www.aquilaguna.com\/?p=6696"},"modified":"2022-01-18T17:06:13","modified_gmt":"2022-01-18T23:06:13","slug":"uadec-dara-a-conocer-su-oferta-educativa-de-manera-virtual-en-perspectiva-universitaria-2022","status":"publish","type":"post","link":"https:\/\/www.aquilaguna.com\/index.php\/2022\/01\/18\/uadec-dara-a-conocer-su-oferta-educativa-de-manera-virtual-en-perspectiva-universitaria-2022\/","title":{"rendered":"UAdeC Dar\u00e1 a Conocer su Oferta Educativa de Manera Virtual en \u201cPerspectiva Universitaria 2022\u201d."},"content":{"rendered":"\n<p>SALTILLO, Coahuila. 18 de enero de 2022.- Para proporcionar a los estudiantes<br>de bachillerato informaci\u00f3n sobre la oferta educativa profesional en la regi\u00f3n<br>sureste, la Universidad Aut\u00f3noma de Coahuila a trav\u00e9s de la Coordinaci\u00f3n de<br>Unidad Saltillo, convoca a \u201cPerspectiva Universitaria 2022\u201d disponible de manera<br>virtual en el portal web <a href=\"http:\/\/www.cus.uadec.mx\/\" target=\"_blank\" rel=\"noreferrer noopener\">http:\/\/www.cus.uadec.mx\/<\/a> y por medio del canal de<br>Youtube \u201cCoordinaci\u00f3n Unidad Saltillo\u201d.<\/p>\n\n\n\n<p>En conferencia de prensa, el coordinador de la Unidad Saltillo, Julio Saucedo Zul y<br>el titular de Difusi\u00f3n Cultural y Comunicaci\u00f3n de la Coordinaci\u00f3n, Alfonso<br>Gonz\u00e1lez Ram\u00edrez, dieron a conocer los detalles de la iniciativa que consiste en<br>mostrar a los estudiantes que egresar\u00e1n de bachillerato, la oferta educativa de 19<br>Escuelas y Facultades pertenecientes a la CUS, con 40 programas de Licenciatura<br>e Ingenier\u00eda.<\/p>\n\n\n\n<p>En ese sentido, el coordinador destac\u00f3 el inter\u00e9s de la m\u00e1xima casa de estudios<br>para que los alumnos de Bachillerato cuenten con un amplio panorama para su<br>preparaci\u00f3n profesional antes de iniciar el registro de aspirantes a la Universidad y<br>selecci\u00f3n de ficha que se llevar\u00e1 a cabo del 31 de enero al 11 de febrero de 2022,<br>adem\u00e1s de apoyarlos para seleccionar de manera adecuada la carrera que<br>desean cursar, con el fin de evitar la deserci\u00f3n y el rezago.<\/p>\n\n\n\n<p>Saucedo Zul, inform\u00f3 que la UAdeC ofrece carreras de las distintas \u00e1reas del<br>conocimiento, tales como Ingenier\u00eda, Humanidades, Ciencias Sociales, Exactas,<br>Salud y Administrativas, de igual forma, cuenta con otros servicios que contribuyen<br>a la formaci\u00f3n integral de los estudiantes, como el deporte y cultura, as\u00ed como<br>programas de extensi\u00f3n y movilidad estudiantil.<\/p>\n\n\n\n<p>Mientras que Alfonso Gonz\u00e1lez Ram\u00edrez, agreg\u00f3 que Perspectiva Universitaria en<br>esta edici\u00f3n 2022, ofrece un panorama general de las distintas carreras resaltando<br>el perfil de ingreso, el desarrollo acad\u00e9mico y los campos laborales a nivel<br>profesional, todo esto a trav\u00e9s de videos posteados en el canal de Youtube de la<br>CUS, en su portal web <a href=\"http:\/\/www.cus.uadec.mx\/\" target=\"_blank\" rel=\"noreferrer noopener\">http:\/\/www.cus.uadec.mx\/<\/a> y en las p\u00e1ginas de Facebook:<br>\u201cCoordinaci\u00f3n Unidad Saltillo\u201d, \u201cUniversidad Aut\u00f3noma de Coahuila Oficial\u201d y las<br>cuentas de las Escuelas y Facultades.<\/p>\n\n\n\n<p>Por su parte, la directora del IDEA Saltillo, Luz Mar\u00eda Gil Ramos, convoc\u00f3 a los<br>j\u00f3venes interesados en cursar su carrera profesional en la m\u00e1xima casa de<br>estudios, a aprovechar esta oportunidad para conocer m\u00e1s de cerca la oferta<br>educativa, asimismo, record\u00f3 que, los estudiantes de los Bachilleratos UAdeC<br>reciben durante su formaci\u00f3n apoyo a trav\u00e9s de la materia de Orientaci\u00f3n<br>Profesiogr\u00e1fica, que al identificar sus intereses y habilidades, les ayuda a definir el<br>campo de conocimiento de su preferencia.<\/p>\n\n\n\n<p>\u201cPerspectiva Universitaria 2022\u201d ya se encuentra disponible en la siguiente lista de<br>reproducci\u00f3n de videos alojada en el canal \u201cCoordinaci\u00f3n Unidad Saltillo\u201d:<br><a href=\"https:\/\/www.youtube.com\/playlist?list=PL-8uumk1DYsmpDOF-\nZ8uAu20Plxd_k2LQ\">https:\/\/www.youtube.com\/playlist?list=PL-8uumk1DYsmpDOF-<br>Z8uAu20Plxd_k2LQ<\/a>; para m\u00e1s informaci\u00f3n, visita <a href=\"http:\/\/www.cus.uadec.mx\/\" target=\"_blank\" rel=\"noreferrer noopener\">http:\/\/www.cus.uadec.mx\/<\/a> o<br>h<a href=\"\/\/www.facebook.com\/CUSUAdeC\" target=\"_blank\" rel=\"noreferrer noopener\">ttps:\/\/www.facebook.com\/CUSUAdeC<\/a>, o bien, comunicarse a los tel\u00e9fonos de la<br>dependencia: (844) 414 99 36 y (844) 414 99 37.<\/p>\n","protected":false},"excerpt":{"rendered":"<p>SALTILLO, Coahuila. 18 de enero de 2022.- Para proporcionar a los estudiantesde bachillerato informaci\u00f3n sobre la oferta educativa profesional en la regi\u00f3nsureste, la Universidad Aut\u00f3noma de Coahuila a trav\u00e9s de la Coordinaci\u00f3n deUnidad Saltillo, convoca a \u201cPerspectiva Universitaria 2022\u201d disponible de maneravirtual en el portal web http:\/\/www.cus.uadec.mx\/ y por medio del canal deYoutube \u201cCoordinaci\u00f3n Unidad Saltillo\u201d. En conferencia de prensa, el coordinador de la Unidad Saltillo, Julio Saucedo Zul yel&#8230;<\/p>\n","protected":false},"author":1,"featured_media":6697,"comment_status":"closed","ping_status":"closed","sticky":false,"template":"","format":"standard","meta":{"footnotes":""},"categories":[59,2],"tags":[],"class_list":["post-6696","post","type-post","status-publish","format-standard","has-post-thumbnail","hentry","category-tecnologia","category-uadec","wpcat-59-id","wpcat-2-id"],"_links":{"self":[{"href":"https:\/\/www.aquilaguna.com\/index.php\/wp-json\/wp\/v2\/posts\/6696","targetHints":{"allow":["GET"]}}],"collection":[{"href":"https:\/\/www.aquilaguna.com\/index.php\/wp-json\/wp\/v2\/posts"}],"about":[{"href":"https:\/\/www.aquilaguna.com\/index.php\/wp-json\/wp\/v2\/types\/post"}],"author":[{"embeddable":true,"href":"https:\/\/www.aquilaguna.com\/index.php\/wp-json\/wp\/v2\/users\/1"}],"replies":[{"embeddable":true,"href":"https:\/\/www.aquilaguna.com\/index.php\/wp-json\/wp\/v2\/comments?post=6696"}],"version-history":[{"count":1,"href":"https:\/\/www.aquilaguna.com\/index.php\/wp-json\/wp\/v2\/posts\/6696\/revisions"}],"predecessor-version":[{"id":6698,"href":"https:\/\/www.aquilaguna.com\/index.php\/wp-json\/wp\/v2\/posts\/6696\/revisions\/6698"}],"wp:featuredmedia":[{"embeddable":true,"href":"https:\/\/www.aquilaguna.com\/index.php\/wp-json\/wp\/v2\/media\/6697"}],"wp:attachment":[{"href":"https:\/\/www.aquilaguna.com\/index.php\/wp-json\/wp\/v2\/media?parent=6696"}],"wp:term":[{"taxonomy":"category","embeddable":true,"href":"https:\/\/www.aquilaguna.com\/index.php\/wp-json\/wp\/v2\/categories?post=6696"},{"taxonomy":"post_tag","embeddable":true,"href":"https:\/\/www.aquilaguna.com\/index.php\/wp-json\/wp\/v2\/tags?post=6696"}],"curies":[{"name":"wp","href":"https:\/\/api.w.org\/{rel}","templated":true}]}}