{"id":6714,"date":"2022-01-19T19:11:24","date_gmt":"2022-01-20T01:11:24","guid":{"rendered":"https:\/\/www.aquilaguna.com\/?p=6714"},"modified":"2022-01-19T19:11:24","modified_gmt":"2022-01-20T01:11:24","slug":"fortalecen-consejos-de-vinculacion-de-instituciones-del-nivel-superior-de-coahuila","status":"publish","type":"post","link":"https:\/\/www.aquilaguna.com\/index.php\/2022\/01\/19\/fortalecen-consejos-de-vinculacion-de-instituciones-del-nivel-superior-de-coahuila\/","title":{"rendered":"FORTALECEN CONSEJOS DE VINCULACI\u00d3N DE INSTITUCIONES DEL NIVEL SUPERIOR DE COAHUILA."},"content":{"rendered":"\n<p>\u00b7\u00a0\u00a0\u00a0\u00a0\u00a0\u00a0<strong><em>\u00a0Se agrega carrera de Ganader\u00eda al Tecnol\u00f3gico de Muzquiz<\/em><\/strong><\/p>\n\n\n\n<p>Saltillo, Coahuila de Zaragoza; a 19 de Enero de 2022.- Al integrarse al 100 por ciento los Consejos de Vinculaci\u00f3n, en los que participan 17 instituciones educativas del nivel superior en la entidad, se fortalecer\u00e1 la relaci\u00f3n con el sector productivo de cada regi\u00f3n, beneficiando a aproximadamente nueve mil estudiantes, se\u00f1al\u00f3 el Director de Vinculaci\u00f3n de la Secretar\u00eda de Educaci\u00f3n de Coahuila, Eduardo Jos\u00e9 Hochmann.<\/p>\n\n\n\n<p>Es inter\u00e9s del gobernador Miguel \u00c1ngel Riquelme Sol\u00eds instalar y tener activos los consejos de vinculaci\u00f3n en 2022, con la opini\u00f3n e integraci\u00f3n de los empresarios, lo que favorecer\u00e1 a los estudiantes, al sector empresarial y a la sociedad.<\/p>\n\n\n\n<p>Jos\u00e9 Hochmann destac\u00f3 la importancia para los directores de Tecnol\u00f3gicos Regionales, descentralizados, adscritos o sectorizados a esta Subsecretar\u00eda, as\u00ed como universidades tecnol\u00f3gicas y polit\u00e9cnicos, empresarios, y representantes de las mismas, tener un acercamiento porque con ello se define la alineaci\u00f3n de las materias y carreras de las instituciones con las necesidades del sector productivo, porque cada regi\u00f3n tiene sus propias vocaciones.<\/p>\n\n\n\n<p>Para este a\u00f1o se contempla la integraci\u00f3n de la carrera de Ganader\u00eda en el Tecnol\u00f3gico de Muzquiz, proyecto en el que se est\u00e1 trabajando con la instituci\u00f3n y el sector productivo.<\/p>\n\n\n\n<p>Al integrar al estudiante al medio laboral, le permitir\u00e1 egresar con mayor preparaci\u00f3n, la empresa se beneficia con el conocimiento y competitividad e impacta a la sociedad o comunidad con ingresos econ\u00f3micos, en un c\u00edrculo virtual de bienestar de las regiones.<\/p>\n\n\n\n<p>Adem\u00e1s del acompa\u00f1amiento se da seguimiento a los egresados en el campo laboral donde se encuentren.<\/p>\n","protected":false},"excerpt":{"rendered":"<p>\u00b7\u00a0\u00a0\u00a0\u00a0\u00a0\u00a0\u00a0Se agrega carrera de Ganader\u00eda al Tecnol\u00f3gico de Muzquiz Saltillo, Coahuila de Zaragoza; a 19 de Enero de 2022.- Al integrarse al 100 por ciento los Consejos de Vinculaci\u00f3n, en los que participan 17 instituciones educativas del nivel superior en la entidad, se fortalecer\u00e1 la relaci\u00f3n con el sector productivo de cada regi\u00f3n, beneficiando a aproximadamente nueve mil estudiantes, se\u00f1al\u00f3 el Director de Vinculaci\u00f3n de la Secretar\u00eda de Educaci\u00f3n de&#8230;<\/p>\n","protected":false},"author":1,"featured_media":6715,"comment_status":"closed","ping_status":"closed","sticky":false,"template":"","format":"standard","meta":{"footnotes":""},"categories":[5,9,15],"tags":[],"class_list":["post-6714","post","type-post","status-publish","format-standard","has-post-thumbnail","hentry","category-coahuila","category-educacion","category-gobierno-de-coahuila","wpcat-5-id","wpcat-9-id","wpcat-15-id"],"_links":{"self":[{"href":"https:\/\/www.aquilaguna.com\/index.php\/wp-json\/wp\/v2\/posts\/6714","targetHints":{"allow":["GET"]}}],"collection":[{"href":"https:\/\/www.aquilaguna.com\/index.php\/wp-json\/wp\/v2\/posts"}],"about":[{"href":"https:\/\/www.aquilaguna.com\/index.php\/wp-json\/wp\/v2\/types\/post"}],"author":[{"embeddable":true,"href":"https:\/\/www.aquilaguna.com\/index.php\/wp-json\/wp\/v2\/users\/1"}],"replies":[{"embeddable":true,"href":"https:\/\/www.aquilaguna.com\/index.php\/wp-json\/wp\/v2\/comments?post=6714"}],"version-history":[{"count":1,"href":"https:\/\/www.aquilaguna.com\/index.php\/wp-json\/wp\/v2\/posts\/6714\/revisions"}],"predecessor-version":[{"id":6716,"href":"https:\/\/www.aquilaguna.com\/index.php\/wp-json\/wp\/v2\/posts\/6714\/revisions\/6716"}],"wp:featuredmedia":[{"embeddable":true,"href":"https:\/\/www.aquilaguna.com\/index.php\/wp-json\/wp\/v2\/media\/6715"}],"wp:attachment":[{"href":"https:\/\/www.aquilaguna.com\/index.php\/wp-json\/wp\/v2\/media?parent=6714"}],"wp:term":[{"taxonomy":"category","embeddable":true,"href":"https:\/\/www.aquilaguna.com\/index.php\/wp-json\/wp\/v2\/categories?post=6714"},{"taxonomy":"post_tag","embeddable":true,"href":"https:\/\/www.aquilaguna.com\/index.php\/wp-json\/wp\/v2\/tags?post=6714"}],"curies":[{"name":"wp","href":"https:\/\/api.w.org\/{rel}","templated":true}]}}