{"id":6723,"date":"2022-01-19T19:19:22","date_gmt":"2022-01-20T01:19:22","guid":{"rendered":"https:\/\/www.aquilaguna.com\/?p=6723"},"modified":"2022-01-19T19:19:23","modified_gmt":"2022-01-20T01:19:23","slug":"emiten-recomendaciones-ante-el-pronostico-de-descenso-de-temperaturas-en-las-proximas-horas-en-la-laguna","status":"publish","type":"post","link":"https:\/\/www.aquilaguna.com\/index.php\/2022\/01\/19\/emiten-recomendaciones-ante-el-pronostico-de-descenso-de-temperaturas-en-las-proximas-horas-en-la-laguna\/","title":{"rendered":"EMITEN RECOMENDACIONES ANTE EL PRON\u00d3STICO DE DESCENSO DE TEMPERATURAS EN LAS PR\u00d3XIMAS HORAS EN LA LAGUNA."},"content":{"rendered":"\n<p>Comarca Lagunera, Dgo., Ante el pron\u00f3stico del Sistema Meteorol\u00f3gico Nacional<br>de la Comisi\u00f3n Nacional del Agua, respecto a la entrada del sistema frontal<br>n\u00famero 23, que provocar\u00e1 un marcado descenso en las temperaturas m\u00ednimas,<br>dentro de las pr\u00f3ximas 24 a 48 horas en el norte del pa\u00eds; la Coordinaci\u00f3n Estatal<br>de Protecci\u00f3n Civil en la regi\u00f3n Laguna da seguimiento a las acciones<br>implementadas por los municipios para brindar el apoyo necesario a la poblaci\u00f3n.<\/p>\n\n\n\n<p>As\u00ed lo dio a conocer Daniel R\u00edos Reyna, subdirector de Gesti\u00f3n Integral de<br>Riesgos de la Coordinaci\u00f3n Estatal de Protecci\u00f3n Civil en la regi\u00f3n Laguna de<br>Durango, al precisar que se mantiene comunicaci\u00f3n con las coordinaciones<br>municipales de protecci\u00f3n civil, para validar la operaci\u00f3n de los albergues durante<br>la temporada invernal.<\/p>\n\n\n\n<p>\u201cConagua ha pronosticado la presencia de 54 a 56 frentes fr\u00edos para la temporada<br>invernal en todo el territorio nacional, y esperamos el arribo del frente fr\u00edo n\u00famero<br>23 a la Comarca Lagunera, por lo que no debemos bajar la guardia en los<br>cuidados, sobre todo en los ni\u00f1os y los adultos mayores, ante los cambios de<br>temperatura\u201d indic\u00f3.<\/p>\n\n\n\n<p>Daniel R\u00edos Reyna recomend\u00f3 no exponerse a corrientes de aire o a cambios<br>bruscos de temperatura para evitar enfermedades respiratorias, abrigarse bien<br>antes de salir de casa, el uso del cubrebocas, que tambi\u00e9n ayuda para no respirar<br>el aire fr\u00edo, el consumo de abundantes l\u00edquidos en el d\u00eda y evitar la<br>automedicaci\u00f3n.<\/p>\n\n\n\n<p>Se\u00f1al\u00f3 que es importante apagar las chimeneas, calentadores, braseros, velas,<br>veladoras y otros art\u00edculos antes de dormir o salir de casa, adem\u00e1s de mantener<br>ventilados los lugares donde se coloquen para evitar la acumulaci\u00f3n de vapores<br>como producto de la combusti\u00f3n.<\/p>\n\n\n\n<p>Finalmente, record\u00f3 a la poblaci\u00f3n que, en caso de detectar a alguna persona<br>indigente, en situaci\u00f3n de calle que necesite albergue o presentar problemas en<br>sus hogares por la contingencia invernal, en Lerdo se pueden comunicar al<br>Cuerpo de Bomberos al tel\u00e9fono 871-7253252 y en G\u00f3mez Palacio al Cuerpo de<br>Bomberos al tel\u00e9fono 871-7141210; o bien al 911, donde se tienen operadoras<br>para canalizar a d\u00f3nde corresponda.<\/p>\n","protected":false},"excerpt":{"rendered":"<p>Comarca Lagunera, Dgo., Ante el pron\u00f3stico del Sistema Meteorol\u00f3gico Nacionalde la Comisi\u00f3n Nacional del Agua, respecto a la entrada del sistema frontaln\u00famero 23, que provocar\u00e1 un marcado descenso en las temperaturas m\u00ednimas,dentro de las pr\u00f3ximas 24 a 48 horas en el norte del pa\u00eds; la Coordinaci\u00f3n Estatalde Protecci\u00f3n Civil en la regi\u00f3n Laguna da seguimiento a las accionesimplementadas por los municipios para brindar el apoyo necesario a la poblaci\u00f3n. As\u00ed&#8230;<\/p>\n","protected":false},"author":1,"featured_media":6724,"comment_status":"closed","ping_status":"closed","sticky":false,"template":"","format":"standard","meta":{"footnotes":""},"categories":[27,40,64,54],"tags":[],"class_list":["post-6723","post","type-post","status-publish","format-standard","has-post-thumbnail","hentry","category-clima","category-durango","category-gobierno-de-durango","category-proteccion-civil","wpcat-27-id","wpcat-40-id","wpcat-64-id","wpcat-54-id"],"_links":{"self":[{"href":"https:\/\/www.aquilaguna.com\/index.php\/wp-json\/wp\/v2\/posts\/6723","targetHints":{"allow":["GET"]}}],"collection":[{"href":"https:\/\/www.aquilaguna.com\/index.php\/wp-json\/wp\/v2\/posts"}],"about":[{"href":"https:\/\/www.aquilaguna.com\/index.php\/wp-json\/wp\/v2\/types\/post"}],"author":[{"embeddable":true,"href":"https:\/\/www.aquilaguna.com\/index.php\/wp-json\/wp\/v2\/users\/1"}],"replies":[{"embeddable":true,"href":"https:\/\/www.aquilaguna.com\/index.php\/wp-json\/wp\/v2\/comments?post=6723"}],"version-history":[{"count":1,"href":"https:\/\/www.aquilaguna.com\/index.php\/wp-json\/wp\/v2\/posts\/6723\/revisions"}],"predecessor-version":[{"id":6725,"href":"https:\/\/www.aquilaguna.com\/index.php\/wp-json\/wp\/v2\/posts\/6723\/revisions\/6725"}],"wp:featuredmedia":[{"embeddable":true,"href":"https:\/\/www.aquilaguna.com\/index.php\/wp-json\/wp\/v2\/media\/6724"}],"wp:attachment":[{"href":"https:\/\/www.aquilaguna.com\/index.php\/wp-json\/wp\/v2\/media?parent=6723"}],"wp:term":[{"taxonomy":"category","embeddable":true,"href":"https:\/\/www.aquilaguna.com\/index.php\/wp-json\/wp\/v2\/categories?post=6723"},{"taxonomy":"post_tag","embeddable":true,"href":"https:\/\/www.aquilaguna.com\/index.php\/wp-json\/wp\/v2\/tags?post=6723"}],"curies":[{"name":"wp","href":"https:\/\/api.w.org\/{rel}","templated":true}]}}