{"id":6729,"date":"2022-01-19T20:16:18","date_gmt":"2022-01-20T02:16:18","guid":{"rendered":"https:\/\/www.aquilaguna.com\/?p=6729"},"modified":"2022-01-19T20:16:18","modified_gmt":"2022-01-20T02:16:18","slug":"aqui-laguna-99","status":"publish","type":"post","link":"https:\/\/www.aquilaguna.com\/index.php\/2022\/01\/19\/aqui-laguna-99\/","title":{"rendered":"Aqu\u00ed Laguna."},"content":{"rendered":"\n<p>\u00a1Cuesta, la cuesta de enero! As\u00ed a empellones,\u00a0 avanzamos en este dif\u00edcil mes que marca el calendario como \u00a0 el que arranca\u00a0 la cuenta anual del\u00a0 indescifrable 2022, seg\u00fan el tono que ha impuesto la pandemia\u00a0 que se acerca ya a dos a\u00f1os de\u00a0 habernos invadido en busca de ser una de las especies, as\u00ed sea de virus, dominante\u00a0 en este mundo,\u00a0 guerra que genera ya en M\u00e9xico,\u00a0 el haber rebasado mas de\u00a0 300 mil muertes \u00a0 contabilizadas\u00a0 de manera oficial, mas otras tanto que\u00a0 abultan no el imaginario colectivo, sino las que por muy diversas razones quedan sin ser inclu\u00eddas en el conteo\u00a0 oficial, \u00a0 numeralia\u00a0 notable, sobre todo en estos d\u00edas, donde la infestaci\u00f3n es tan profusa como difusa, adem\u00e1s de confundida con otros virus, como lo son los de la gripe com\u00fan y los de la Influenza que mantiene, sino postrados, sin mas que &#8220;atarantados&#8221; a sin\u00famero de\u00a0 personas,\u00a0 \u00a0 y del cual para nada\u00a0 escapamos los laguneros, por mas\u00a0 y que haciendo de \u2018&#8221;tripas coraz\u00f3n&#8221;, estoicos pues\u00a0 nos las estemos pasando por el consumo del m\u00e1gico \u00a0 paracetamol, dem\u00e1s remedios caseros que inhiban al menos las molestias cuando\u00a0 la infestaci\u00f3n, es decir, la carga viral y las condiciones de salud de cada infestado, no le de al\u00a0 virus la capacidad de que  les impida la\u00a0 respiraci\u00f3n normal que los arroje a las puertas de alguna instituci\u00f3n hospitalaria sea este de \u00edndole privada o p\u00fablica para\u00a0 mayor \u00a0 atenci\u00f3n. Es adem\u00e1s\u00a0 este \u00a0 mes primero y el ya pr\u00f3ximo febrero, el que la conseja popular califica como los\u00a0 de &#8220;despedida&#8221;, pues\u00a0 acordarnos de aquello de que &#8220;enero y febrero, desviejadero&#8221;. As\u00ed es que\u00a0 para quienes\u00a0 hayan alcanzado \u00a0 superar, Gracias a Dios, \u00a0 mas de medio\u00a0 centenar\u00a0 de a\u00f1os de vida, pues a resguardarse mientras pasa el temporal de \u00a0 fr\u00edos con aguanieve que ya se\u00a0 vaticinan por estas tierras\u2026<\/p>\n\n\n\n<p>Y entre quienes\u00a0 nos dejan en este mundo, se incluy\u00f3 este d\u00eda,\u00a0el Licenciado Jes\u00fas Ra\u00fal Villarreal Gonz\u00e1lez, mas conocido\u00a0como &#8220;El Chamuco&#8221;, quien\u00a0 formando dupla con el tambi\u00e9n ya extinto Ram\u00f3n Iriarte Maisterrena, al frente ambos, juntos y por separado\u00a0 ocuparan\u00a0 la presidencia del Consejo de Administraci\u00f3n de la empresa LALA, desde donde\u00a0 presidieran la transformaci\u00f3n\u00a0 de ser esta solo una organizaci\u00f3n primaria de productores\u00a0 de leche,\u00a0 en una\u00a0 empresa\u00a0 encaminada luego a la industrializaci\u00f3n \u00a0 de \u00a0 l\u00e1cteos\u00a0 y sus derivados, hasta convertirla en una\u00a0 de las empresas insignias de esta regi\u00f3n\u00a0 y del pa\u00eds, con todo\u00a0 y las controversias\u00a0 que su modelo de negocio, fincado en el cultivo de mas de 40 mil hect\u00e1reas de forrajes destinados a la alimentaci\u00f3n del\u00a0 gigantesco hato ganadero, origen y destino de la sobre-explotaci\u00f3n de los mantos acu\u00edferos de la laguna\u00a0 y el desequilibrio ecol\u00f3gico\u00a0 que se arrastra en esta zona,  que impact\u00f3 y de manera grave la salud de su poblaci\u00f3n, que est\u00e1 en espera de que\u00a0 los objetivos lejanos aun del Proyecto \u00a0 Agua Saludable para la Laguna\u00a0 Laguna,\u00a0 sean una realidad tangible \u00a0 y el agua destinada a consumo humano \u00a0 en \u00e9sta comarca llegue a pie de casa, a la toma domiciliaria\u00a0 de cada lagunero, en cantidad y con la calidad que se merece.<\/p>\n\n\n\n<p>Tambi\u00e9n\u00a0 no puede dejar de\u00a0 reconocer que\u00a0 el popular &#8220;Chamuco&#8221; fue un entusiasta de la educaci\u00f3n como instrumento de desarrollo y as\u00ed\u00a0 se le vio, junto con su familia, aportando \u00a0 terrenos y recursos para que instituciones de educaci\u00f3n superior, como lo ha\u00a0 sido el caso de\u00a0 la IBERO\u00a0 y el ITESM\u00a0 Campus Laguna,\u00a0 instrumentos educativos al alcalde de los laguneros, en especial, a quienes conforman\u00a0 las generaci\u00f3n que corresponden al rango y clasificaci\u00f3n\u00a0 socio-econ\u00f3mica\u00a0 de clase media aspiracional y la\u00a0 escasa clase\u00a0 alta, si bien en ambos instituciones, tienen instituidos sus programas de becarios, pocos, pero\u00a0 existen, y se otorgan con base en\u00a0 competencias demostrables de quienes aspiran a \u00a0 alguna de estas oportunidades&#8230;<\/p>\n\n\n\n<p>Por cierto, este a\u00f1o, como ya lo hab\u00edamos adelantado en este\u00a0 espacio,\u00a0 el Encuentro\u00a0 Nacional de Ganaderos Lecheros y Productores Agropecuarios -ENGALEC-,\u00a0 dejar\u00e1 de tener lugar en el pr\u00f3ximo mes de marzo, como hab\u00eda sido\u00a0 tradicional a lo largo de los \u00faltimos 30 a\u00f1os, el denominado Encuentro de Ganaderos Lecheros y Productores Agropecuarias\u00a0 que puso a Torre\u00f3n en el centro del inter\u00e9s de este importante sector productivo en el pa\u00eds, la causa de tal suspensi\u00f3n, del que por cierto la pareja de empresarios, descendientes\u00a0 ambos\u00a0 de\u00a0 pioneros\u00a0 en esta comarca \u00a0 \u00a0 fueran\u00a0 iniciadores y promotores incansables, tiene como\u00a0 argumento\u00a0 la pandemia que nos asola&#8230;<\/p>\n\n\n\n<p>Y vaya tiempos,\u00a0 que decir\u00a0 cuando vemos como empieza a replicarse el est\u00edmulo \u00a0 que acusa Andr\u00e9s Manuel L\u00f3pez Obrador, desde \u00a0 el m\u00e1ximo cargo en el pa\u00eds, para seleccionar, reclutar, a todo tipo de personajes,\u00a0 que\u00a0 hayan o est\u00e9n formando parte de los grupos de oposici\u00f3n partidista a su proyecto\u00a0 de transformaci\u00f3n que dicen lleva a cabo, justificando \u00a0 con ello\u00a0 que &#8220;el fin, justifica los medios&#8221;, y ofrece de manera publica, sin rubor de por medio, alguno de\u00a0 los muchos cargos que en el organigrama de su\u00a0 gobierno \u00a0 tenga o no disponibles, est\u00e9n o no ya ocupados y\u00a0 designan, oferta a una serie de \u00a0 gobernadores\u00a0 o en v\u00edas de dejar de serlo, cargos\u00a0 en su gabinete, como es hoy el caso de la ex gobernadora de Sonora, la dama de\u00a0 abultados labios, Claudia Pavlovich Arellano una sede como C\u00f3nsul\u00a0 en la Ciudad de Barcelona \u00a0 o bien, al ex gobernador de Campeche, Carlos Miguel Ayusa, otro cargo similar\u00a0 y una vez que \u00a0 hab\u00eda hecho lo propio con el ex gobernador de Sinaloa Quirino Ordaz Coppel como Emhajador -en suspenso-, de M\u00e9xico ante Espa\u00f1a,\u00a0 los tres\u00a0 hoy bajo sospechosismo de haber entregado el triunfo electoral de sus estados a MORENA, con la consiguiente derrota\u00a0 del PRI,\u00a0 partido del cual eran miembros &#8220;distinguidos&#8221;\u00a0 los\u00a0 tres\u00a0 militantes y\u00a0 bajo cuyas banderas alcanzaron\u00a0 sus cargos, para algunos esta medida es solo un exilio\u00a0 maquillado, pero para otros muchos militantes priistas es simple y llana traici\u00f3n, incluso as\u00ed lo advierte el l\u00edder\u00a0 nacional \u00a0 Alejandro\u00a0 Moreno\u00a0 que amenaza, solo eso, con la expulsi\u00f3n de\u00a0 estos nuevos e inesperados &#8220;conversos&#8221;, pues tales  decisiones\u00a0 en el pasado reciente, eran impensables siquiera&#8230;<\/p>\n\n\n\n<p>Y hoy en Coahuila, \u00a0 dej\u00f3 de ser Secretario de Desarrollo Econ\u00f3mico, Jaime Guerra P\u00e9rez, quien a lo largo de\u00a0 cuatro a\u00f1os sorte\u00f3 las dif\u00edciles condiciones\u00a0 que registra el ejercicio de su cargo, y lo hizo con \u00e9xito, pues la captaci\u00f3n de\u00a0 inversi\u00f3n en Coahuila ha sido constante y logr\u00f3 que \u00e9sta, que se concentraba\u00a0 solo en la regi\u00f3n sureste del Estado para dar paso, a la zona lagunera. Hoy se dio a conocer que el  ex alcalde de Piedras Negras, Claudio Bress quien bajo las banderas, primero del PRI\u00a0 y\u00a0 luego de MORENA, sum\u00f3 tres veces\u00a0 tal encargo en el fronterizo municipios de Piedras Negras\u00a0 y quien tambi\u00e9n fungiera durante el mandato del\u00a0 hoy ex gobernador Rogelio Montemayor Seguy como Director de Comunicaci\u00f3n Social,\u00a0 ha sido designado por el Gobernador de Coahuila, como el\u00a0 nuevo titular del cargo que deja en la banca a\u00a0 Guerra P\u00e9rez, quien apenas el pasado lunes se le vio en Torre\u00f3n presidiendo las reuniones de capacitaci\u00f3n de directivos para hacer frente a la nueva oleada de la \u00a0 multicitada pandemia de Covid-19\u2026<\/p>\n\n\n\n<p>Cambio se advierte en la mec\u00e1nica que ejerce\u00a0 la nueva Direcci\u00f3n de Comunicaci\u00f3n\u00a0 Social de Torre\u00f3n \u00a0 a cargo de manera institucional de un se\u00f1or de nombre Guillermo Sari\u00f1ana, cuya operaci\u00f3n al parecer solo es conocida en petit comit\u00e9, pues de entrada se difunde la agenda del alcalde que tradicionalmente\u00a0 se \u00a0 distribu\u00eda entre los reporteros y medios acreditados de manera diaria, y hoy, solo\u00a0 se \u00a0 exhibe en actos\u00a0 seleccionados, que \u00a0 brillan por ser escasos,  solo a trav\u00e9s de boletines, se advierte de la realizaci\u00f3n\u00a0 de otros sin que la molesta prensa haya\u00a0 sido citada exprofeso, por mas y que sean de contenido publico, nada secreto, estas acciones deben de tener alg\u00fan sentido, quiz\u00e1s de no sobre exponer y &#8220;quemar&#8221; al alcalde Cepeda Gonz\u00e1lez a tanto\u00a0 fuego\u00a0 fatuo, o bien de reflectores o bien\u00a0 tales luces\u00a0 est\u00e1n reservadas para otras ocasiones.\u00a0 Faltan pues no explicaciones, \u00a0 sino simple y llana informaci\u00f3n sobre\u00a0 los nuevos\u00a0 m\u00e9todos\u00a0 de relaci\u00f3n\u00a0 entre la autoridad y los Medios, para que no haya\u00a0 confusiones y mucho menos, malos entendidos en\u00a0 este tema, que forma parte\u00a0 de la cosa p\u00fablica,\u00a0 pues del colmo ser\u00eda que en el reino de la\u00a0 comunicaci\u00f3n, la falta\u00a0 de est\u00e1 fuera el problema, \u00a0 \u00e1rea donde ya bastante ruido y da\u00f1os dej\u00f3 a su paso\u00a0 el tal tarea \u00a0 don To\u00f1o Zamarr\u00f3n y compa\u00f1\u00eda, facturas\u00a0 no solo de orden \u00a0 econ\u00f3mico, sino pol\u00edtico\u00a0correr\u00e1n todas a\u00a0 cargo de quien\u00a0 tuviera a bien designarlo para tal\u00a0 cargo, en uso de las facultades discrecionales, que obvio, la ley en la materia otorga, es decir, al ex alcalde Jorge Zerme\u00f1o\u00a0 Infante&#8230;<\/p>\n\n\n\n<p>Y a no\u00a0 bajar la guardia, hoy menos que nunca, cuando el\u00a0 zigzagueante \u00a0 camino que \u00a0 dise\u00f1a a su paso\u00a0 \u00a0 el virus de Coivid-19 y sus variantes, es mas\u00a0 complejo que nunca\u2026<\/p>\n","protected":false},"excerpt":{"rendered":"<p>\u00a1Cuesta, la cuesta de enero! As\u00ed a empellones,\u00a0 avanzamos en este dif\u00edcil mes que marca el calendario como \u00a0 el que arranca\u00a0 la cuenta anual del\u00a0 indescifrable 2022, seg\u00fan el tono que ha impuesto la pandemia\u00a0 que se acerca ya a dos a\u00f1os de\u00a0 habernos invadido en busca de ser una de las especies, as\u00ed sea de virus, dominante\u00a0 en este mundo,\u00a0 guerra que genera ya en M\u00e9xico,\u00a0 el haber&#8230;<\/p>\n","protected":false},"author":2,"featured_media":0,"comment_status":"closed","ping_status":"","sticky":false,"template":"","format":"standard","meta":{"footnotes":""},"categories":[8],"tags":[],"class_list":["post-6729","post","type-post","status-publish","format-standard","hentry","category-aqui-laguna","wpcat-8-id"],"_links":{"self":[{"href":"https:\/\/www.aquilaguna.com\/index.php\/wp-json\/wp\/v2\/posts\/6729","targetHints":{"allow":["GET"]}}],"collection":[{"href":"https:\/\/www.aquilaguna.com\/index.php\/wp-json\/wp\/v2\/posts"}],"about":[{"href":"https:\/\/www.aquilaguna.com\/index.php\/wp-json\/wp\/v2\/types\/post"}],"author":[{"embeddable":true,"href":"https:\/\/www.aquilaguna.com\/index.php\/wp-json\/wp\/v2\/users\/2"}],"replies":[{"embeddable":true,"href":"https:\/\/www.aquilaguna.com\/index.php\/wp-json\/wp\/v2\/comments?post=6729"}],"version-history":[{"count":1,"href":"https:\/\/www.aquilaguna.com\/index.php\/wp-json\/wp\/v2\/posts\/6729\/revisions"}],"predecessor-version":[{"id":6730,"href":"https:\/\/www.aquilaguna.com\/index.php\/wp-json\/wp\/v2\/posts\/6729\/revisions\/6730"}],"wp:attachment":[{"href":"https:\/\/www.aquilaguna.com\/index.php\/wp-json\/wp\/v2\/media?parent=6729"}],"wp:term":[{"taxonomy":"category","embeddable":true,"href":"https:\/\/www.aquilaguna.com\/index.php\/wp-json\/wp\/v2\/categories?post=6729"},{"taxonomy":"post_tag","embeddable":true,"href":"https:\/\/www.aquilaguna.com\/index.php\/wp-json\/wp\/v2\/tags?post=6729"}],"curies":[{"name":"wp","href":"https:\/\/api.w.org\/{rel}","templated":true}]}}