{"id":6787,"date":"2022-01-23T19:00:58","date_gmt":"2022-01-24T01:00:58","guid":{"rendered":"https:\/\/www.aquilaguna.com\/?p=6787"},"modified":"2022-01-23T19:01:10","modified_gmt":"2022-01-24T01:01:10","slug":"aqui-laguna-100","status":"publish","type":"post","link":"https:\/\/www.aquilaguna.com\/index.php\/2022\/01\/23\/aqui-laguna-100\/","title":{"rendered":"Aqu\u00ed Laguna."},"content":{"rendered":"\n<p>\u00a1Virus y frio!&nbsp; Las variables que impone la naturaleza a nuestras vidas, la primer de estas&nbsp; quiz\u00e1s prontamente&nbsp; superable al paso de los d\u00edas como siempre lo ha sido, la segunda, sembrando a fondo la incertidumbre que plantea&nbsp; el constante, pero &nbsp; hasta hoy fallido combate que le presenta la ciencia a sus embates&nbsp; y cuyos saldos&nbsp; visibles: enfermedad y muerte&nbsp; atenuados &nbsp; apenas con&nbsp; las batallas que&nbsp; protagonizan las&nbsp; vacunas&nbsp; y los tratamientos que a fuerza de&nbsp; explorar se han ido creando en estos ya casi dos a\u00f1os de&nbsp; haber emergido quien sabe de donde, el Virus del Covid-19. Se tiene por seguro que entre los&nbsp; saldos intangibles que&nbsp; nos ha generado esta moderna peste, genera no solo los consabidos impactos en las econom\u00edas del mundo y en especial,&nbsp; en los pa\u00edses y regiones donde&nbsp; la generaci\u00f3n de riqueza y su distribuci\u00f3n es mas que &nbsp; dispareja, se deber\u00e1 inscribir sin duda, el alt\u00edsimo costo que en materia educativa&nbsp; ha estado generando ya de manera notable en&nbsp; nuestro pa\u00eds, al igual que en muchos otros, pero&nbsp; la preocupaci\u00f3n nuestra, sin duda, es los que se refieren en este tema a la generaci\u00f3n que&nbsp; iniciaba y&nbsp; o estaba&nbsp; por iniciar&nbsp; su&nbsp; proceso educativo, sin bien los costos no solo se paga en&nbsp; la educaci\u00f3n inicial, en el segmento de la educaci\u00f3n b\u00e1sica, sino toda la escala del trayecto que a recorrer&nbsp; por cada uno de los nuestros en tales edades, y que&nbsp; si bien se inicia en el \u00e1mbito&nbsp; que  de &nbsp; la educaci\u00f3n preescolar&nbsp; pasa por &nbsp; la educaci\u00f3n&nbsp; media&nbsp; y arriba en la superior. De ah\u00ed que con todo y&nbsp; la pesada responsabilidad, que al menos en Coahuila tiene asignada el Licenciado Francisco Saracho&nbsp; y el sector magisterial que imparte la educaci\u00f3n p\u00fablica que proporciona el Estado, de atender, los rezagos,&nbsp; que presenta y prestaban ya desde en antes, la infraestructura educativa&nbsp; del sector oficial&nbsp; deber\u00e1 abocar, a atender&nbsp; otro mas complejo, el que&nbsp; indica el&nbsp; atraso que&nbsp; se registra en&nbsp; agotar&nbsp; los programas&nbsp; dise\u00f1ados para que nuestra poblaci\u00f3n avance&nbsp; &nbsp; y gane la batalla contra&nbsp; la ignorancia&nbsp; &nbsp; y no sigamos&nbsp; arrojando&nbsp; a la sociedad &nbsp; generaciones&nbsp; que &nbsp; pudieran calificarse como de&nbsp; &#8220;analfabetas funcionales&#8221;, pues resulta que por ahora decenas de menores&nbsp; inscritos en los sistemas educativos en pausa o de &nbsp; actividad intermitente, seg\u00fan marca la pandemia, &nbsp; adem\u00e1s de no conocer&nbsp; a sus compa\u00f1eros de banquillo, tampoco conocen a sus docentes, rompiendo con ello la base fundamental de la relaci\u00f3n maestro\/alumno. Y eso, sin estimar aun&nbsp; los costos que representa&nbsp; &nbsp; no el mero ausentismo de los educandos, sino lo que le sigue &nbsp; a este, que no es otro que la deserci\u00f3n definitiva.<\/p>\n\n\n\n<p>Esto es mas grave, que los da\u00f1os que se registran en las condiciones materiales de los sitios donde se imparte&nbsp; la ense\u00f1anza. Decenas de padres de familia, as\u00ed lo expresan ya&nbsp; con preocupaci\u00f3n, pues sus afanes de cooperaci\u00f3n para sacar adelante esta problem\u00e1tica que plantea&nbsp; la ense\u00f1anza en&nbsp; las sedes domiciliarias&nbsp; de los alumnos, con todo y el uso de las modernas tecnolog\u00edas -quienes las&nbsp; alcanzan-, no bastan, y preocupados y &#8220;muy&nbsp; ocupados&#8221;, como&nbsp; reza&nbsp; la retorica de algunos pol\u00edticos, est\u00e1n ya sobre como&nbsp; habr\u00e1 de supera este notable retraso en la adquisici\u00f3n de los elementales conocimientos y as\u00ed est\u00e1n ya&nbsp; el resto de los grados que marca el sistema educativo nacional.<\/p>\n\n\n\n<p>Por si fuera poco, en las instituciones de educaci\u00f3n&nbsp; superior de \u00edndole p\u00fablica, como es el caso de la Universidad Aut\u00f3noma de Coahuila, con fortalezas que&nbsp; le genera sus&nbsp; largos a\u00f1os de presencia en&nbsp; la formaci\u00f3n del capital humano &nbsp; para solventar, con conocimiento los reto que impone &nbsp; y demanda&nbsp; su desarrollo econ\u00f3mico y human\u00edstico, est\u00e1n ya definiendo las estrategias con las cuales hacer frente&nbsp; al desequilibrio que se ha generado en sus finanzas, con la dr\u00e1stica&nbsp; disminuci\u00f3n real&nbsp; de su presupuesto&nbsp; por parte del gobierno federal, que no toma en cuenta, ya no la inflaci\u00f3n, sino el deber cumplir con metas de &nbsp; inscripci\u00f3n de  nuevos alumnos  y&nbsp; de asignar &nbsp; de recursos destinados a Investigaci\u00f3n y con ello a la generaci\u00f3n de nuevos conocimientos &nbsp; amen de dar soluci\u00f3n al tema de sus&nbsp; jubilados&nbsp; y pensionados, rubro el cual, dicen sin confirmar, que algunos de sus ex Rectores devengan mas de cien mil pesos mensuales, es decir poco menos que un ex magistrado del Poder Judicial&nbsp; en el Estado&nbsp; de ah\u00ed que&nbsp; interesante result\u00f3 el conocer las l\u00edneas estrat\u00e9gicas que contempla su llamado &#8220;Plan de Desarrollo institucional 2021\/2024&#8221;&nbsp; presentado y aprobado el pasado d\u00eda 20 del presente en la Sesi\u00f3n&nbsp; Extraordinaria del Consejo Universitario en pleno, celebrado en el Auditorio del Centro Cultural Universitario Braulio Fern\u00e1ndez Aguirre y que fuera encabezado por el&nbsp; Rector Salvador Hern\u00e1ndez V\u00e9lez, adem\u00e1s, en este a importante reuni\u00f3n de universitarios de&nbsp; todo el Estado, se &nbsp; integr\u00f3 la Comisi\u00f3n que deber\u00e1 analizar el tema&nbsp; del aumento de las cuotas de inscripci\u00f3n, asunto nada&nbsp; f\u00e1cil por cierto, por lo que las decisiones que &nbsp; encabezan los grupos designados por Unidad para \u00e9sta acci\u00f3n y que encabezan los Maestros Jes\u00fas Acevedo&nbsp; Alem\u00e1n, Roc\u00edo Salas Ch\u00e1vez&nbsp; y&nbsp; Maribel Trevino&nbsp; deber\u00e1n de ser no solo prudentes, sino justos, tratando de alcanzar&nbsp; &nbsp; el equilibrio entre las necesidades que hoy contempla la UAdeC, y el bolsillo de&nbsp; los&nbsp; pater familias o &nbsp; sus tutores seg\u00fan sea el caso&#8230;<\/p>\n\n\n\n<p>Y pasando a Torre\u00f3n y a su nueva administraci\u00f3n, diremos que&nbsp; el alcalde&nbsp; Rom\u00e1n Alberto Cepeda Gonz\u00e1lez,&nbsp; a tres semanas de&nbsp; su inicio, marca rumbo, pero apenas esta alcanzando&nbsp; ritmo, toda vez que entre nombramientos, recorridos por colonias, inicios de obras&nbsp; prometidas, &nbsp; reuniones privadas,&nbsp; es decir, con agenda al tope, le resta aun designar a algunos&nbsp; cargos que si bien no son de primera linea, s\u00ed son &nbsp; importantes, por las expectativas generadas. Entre estos se encuentra quien ser\u00e1 el o la finalmente&nbsp; nombrada titular de Radio Torre\u00f3n, estaci\u00f3n&nbsp; que debe retornar a su&nbsp; principal objetivo bajo el cual le fuera &nbsp; entregada por la Secretar\u00eda de Gobernaci\u00f3n, es decir,&nbsp; informaci\u00f3n estricta de las actividades publicas y la promoci\u00f3n&nbsp; de&nbsp; su&nbsp; historia y la actividad cultural del municipio, objetivo que devino en mero instrumento de mera&nbsp; propaganda, cuando no de&nbsp; mercantilismo&nbsp; desde hace algunos a\u00f1os. Se espera pues que&nbsp; en esta ocasi\u00f3n &nbsp; tenga mano&nbsp; al menos en la selecci\u00f3n de presuntos titulares,&nbsp; el nuevo Director del &nbsp; resucitado&nbsp; Instituto Municipal de Cultura a cargo de&nbsp; Antonio M\u00e9ndez Vigat\u00e1. En este tema, inter\u00e9s hay tambi\u00e9n, en especial entre la comunidad universitaria por el destino que finalmente alcance&nbsp; el uso del Teatro Salvador Novo,&nbsp; ubicado en el CINART que luego devino en solo Centro Cultural&nbsp; Comunitario &nbsp; para que sea la sede las actividades que&nbsp; desarrollen los alumnos y maestros de la Escuela de Artes Esc\u00e9nicas de&nbsp; la UAdeC,&nbsp; que por ahora carece de tales espacios. Tal sitio tambi\u00e9n dicen es del inter\u00e9s de una promotora cultural\u2026<\/p>\n\n\n\n<p>Este fr\u00edo enero, en su&nbsp; tercer semana&nbsp; se ha llevado ya de entre&nbsp; nosotros, a tres&nbsp; conocidos&nbsp; laguneros, que dejaran en su trayectoria que trazo sus vidas, huella. Anotamos en ella al&nbsp; Licenciado Jes\u00fas Raul Villarreal Gonz\u00e1lez, uno de los mas emblem\u00e1ticos &nbsp; ganaderos &nbsp; de la regi\u00f3n, heredero de uno de los pioneros agr\u00edcolas de la regi\u00f3n,&nbsp; el se\u00f1or&nbsp; Jos\u00e9 Guadalupe Villareal -QEPD- y quien supo engrandecer&nbsp; su patrimonio &nbsp; &nbsp; impulsando la industrializaci\u00f3n&nbsp; de la empresa lechera LALA, a su paso como presidente de su Consejo de Administraci\u00f3n, al tiempo que incursion\u00f3&nbsp; con notable \u00e9xito &nbsp; como fraccionador&nbsp; de sus heredades&nbsp; agr\u00edcolas&nbsp; que&nbsp; ubicadas en el per\u00edmetro&nbsp; de&nbsp; Torre\u00f3n son hoy la zona de mayor&nbsp; plusval\u00eda en la regi\u00f3n. Tambi\u00e9n incursion\u00f3 en la actividad&nbsp; pol\u00edtica, siendo candidato a Senador pero no tuvo \u00e9xito. Anote Usted en estas sensibles bajas, a la Licenciada en Sociolog\u00eda Magdalena&nbsp; Briones Navarro, destacada &nbsp; artista, dotada para la danza y la&nbsp; pintura, actividades intensas que luego devinieron&nbsp; en otra&nbsp; faceta&nbsp; por la cual se le recuerda, como &nbsp; maestra universitaria&nbsp; con mucho cari\u00f1o por quienes fueran sus alumnos,&nbsp; pero aun mas por quienes valoraran y apreciaron su lucha, incomprendida entonces como pionera&nbsp; que fue&nbsp; en&nbsp; la defensa del medio ambiente en esta comarca.&nbsp; Y este s\u00e1bado, &nbsp; muri\u00f3 el Licenciado Rodolfo Gonz\u00e1lez Trevi\u00f1o,&nbsp; mas conocido como &#8220;Popo&#8221;&nbsp; que Notario Publico, que incursion\u00f3 en muchos cargos de la administraci\u00f3n municipal, en especial en las \u00e1reas de la&nbsp; seguridad p\u00fablica. Era&nbsp; adem\u00e1s&nbsp; miembro de&nbsp; conocida&nbsp; familia que encabezara &nbsp; su se\u00f1or padre ex alcalde de \u00e9ste municipio, licenciado Rodolfo Gonz\u00e1lez Trevi\u00f1o &nbsp; quien &nbsp; fuera &nbsp; abuelo materno del hoy alcalde&nbsp; Rom\u00e1n Alberto Cepeda Gonz\u00e1lez&#8230;<\/p>\n\n\n\n<p>Cuide su vida y con ello la de todos, acate disposiciones&nbsp; preventivas vigentes, y si no lo ha hecho \u00a1vac\u00fanese!<\/p>\n","protected":false},"excerpt":{"rendered":"<p>\u00a1Virus y frio!&nbsp; Las variables que impone la naturaleza a nuestras vidas, la primer de estas&nbsp; quiz\u00e1s prontamente&nbsp; superable al paso de los d\u00edas como siempre lo ha sido, la segunda, sembrando a fondo la incertidumbre que plantea&nbsp; el constante, pero &nbsp; hasta hoy fallido combate que le presenta la ciencia a sus embates&nbsp; y cuyos saldos&nbsp; visibles: enfermedad y muerte&nbsp; atenuados &nbsp; apenas con&nbsp; las batallas que&nbsp; protagonizan las&nbsp;&#8230;<\/p>\n","protected":false},"author":2,"featured_media":0,"comment_status":"closed","ping_status":"","sticky":false,"template":"","format":"standard","meta":{"footnotes":""},"categories":[8],"tags":[],"class_list":["post-6787","post","type-post","status-publish","format-standard","hentry","category-aqui-laguna","wpcat-8-id"],"_links":{"self":[{"href":"https:\/\/www.aquilaguna.com\/index.php\/wp-json\/wp\/v2\/posts\/6787","targetHints":{"allow":["GET"]}}],"collection":[{"href":"https:\/\/www.aquilaguna.com\/index.php\/wp-json\/wp\/v2\/posts"}],"about":[{"href":"https:\/\/www.aquilaguna.com\/index.php\/wp-json\/wp\/v2\/types\/post"}],"author":[{"embeddable":true,"href":"https:\/\/www.aquilaguna.com\/index.php\/wp-json\/wp\/v2\/users\/2"}],"replies":[{"embeddable":true,"href":"https:\/\/www.aquilaguna.com\/index.php\/wp-json\/wp\/v2\/comments?post=6787"}],"version-history":[{"count":2,"href":"https:\/\/www.aquilaguna.com\/index.php\/wp-json\/wp\/v2\/posts\/6787\/revisions"}],"predecessor-version":[{"id":6789,"href":"https:\/\/www.aquilaguna.com\/index.php\/wp-json\/wp\/v2\/posts\/6787\/revisions\/6789"}],"wp:attachment":[{"href":"https:\/\/www.aquilaguna.com\/index.php\/wp-json\/wp\/v2\/media?parent=6787"}],"wp:term":[{"taxonomy":"category","embeddable":true,"href":"https:\/\/www.aquilaguna.com\/index.php\/wp-json\/wp\/v2\/categories?post=6787"},{"taxonomy":"post_tag","embeddable":true,"href":"https:\/\/www.aquilaguna.com\/index.php\/wp-json\/wp\/v2\/tags?post=6787"}],"curies":[{"name":"wp","href":"https:\/\/api.w.org\/{rel}","templated":true}]}}