{"id":6818,"date":"2022-01-24T20:31:26","date_gmt":"2022-01-25T02:31:26","guid":{"rendered":"https:\/\/www.aquilaguna.com\/?p=6818"},"modified":"2022-01-24T20:31:26","modified_gmt":"2022-01-25T02:31:26","slug":"ciclo-escolar-reinicia-en-forma-presencial-en-mas-de-2-mil-planteles-en-coahuila","status":"publish","type":"post","link":"https:\/\/www.aquilaguna.com\/index.php\/2022\/01\/24\/ciclo-escolar-reinicia-en-forma-presencial-en-mas-de-2-mil-planteles-en-coahuila\/","title":{"rendered":"Ciclo escolar reinicia en forma presencial en m\u00e1s de 2 mil planteles en Coahuila."},"content":{"rendered":"\n<p>Torre\u00f3n, Coahuila.- Este martes 25 de enero, se\u00a0 reinicia el ciclo escolar 2021\/ 2022, \u00a0 de manera presencial en Coahuila en mas de 2,000 planteles \u00a0 de educaci\u00f3n p\u00fablica en el Estado, tras asegurar el titular de la Secretar\u00eda de Educaci\u00f3n P\u00fablica en Coahuila, Licenciado Francisco Saracho Navarro, que se han capacitado en la ultima semana, maestros y padres de familia para organizar este retorno.<\/p>\n\n\n\n<p>Lo anterior fue informado el funcionario\u00a0 al t\u00e9rmino de la reuni\u00f3n sostenida en esta ciudad, en el Sub Comit\u00e9\u00a0 Regional Anticovid,\u00a0 encabezada por el Gobernador Miguel\u00a0 Angel Riquelme Solis\u00a0 tambi\u00e9n el tema referido a Seguridad P\u00fablica y\u00a0 el que corresponde al seguimiento de la pandemia de Covid-19, habi\u00e9ndose contado con la presencia los titulares de estas \u00e1reas, \u00a0 Doctor Gerardo M\u00e1rquez y\u00a0 Doctor Roberto Bernal G\u00f3mez respectivamente.<\/p>\n\n\n\n<p>El licenciado Saracho Navarro\u00a0 indic\u00f3 que tal capacitaci\u00f3n se realiz\u00f3\u00a0 el d\u00eda 12 de enero de manera virtual a 1,800 padres de familia y maestros, que luego registr\u00f3 a traves de una plataforma\u00a0 digital\u00a0 mas de 10 mil visitas en tanto que el 16 de enero se hizo de manera presencial, para ir\u00a0 organizando\u00a0 el retorno a clases mencionado.<\/p>\n\n\n\n<p>Indic\u00f3 que, &#8220;a tales acciones se suman a los 391 supervisores, 88 de ellos y 146 directores, pr\u00e1cticamente toda la\u00a0 estructura, fueron capacitados durante el transcurso de la semana pasada, de tal manera que fueron\u00a0 904 escuelas de la primera a la quinta etapa que se suman 146 de la sexta etapa mas 896\u00a0 particulares, dando un gran total de 2,983&#8221;.<\/p>\n\n\n\n<p>Del n\u00famero citado, &#8220;aqu\u00ed en la Laguna suman 669 escuelas, directores, supervisores que fueron capacitados y que sumados tambi\u00e9n a 62 de la sexta etapa, dan el gran total de 2,731&#8221;.<\/p>\n\n\n\n<p>Inform\u00f3 luego\u00a0 que el viernes pasado, &#8220;se tuvo una reuni\u00f3n con la Mesa Operativa de Reactivaci\u00f3n\u00a0 del\u00a0 Sector Educativo\u00a0 donde van incluidas las tres Secciones sindicales, el Sector Salud y personal de la SEP,\u00a0 tom\u00e1ndose el Acuerdo\u00a0 de que hoy lunes\u00a0 24 de enero se regresara la totalidad del personal de las 2,087 escuelas y que en este momento estamos elaborando un diagn\u00f3stico\u00a0 considerando acuerdos para a un regreso seguro especialmente por los maestros que han dado positivo a Covid&#8221;.<\/p>\n\n\n\n<p>&#8220;Ya en la practica, en territorio\u00a0 se esta viendo&#8221;, afirm\u00f3,\u00a0 &#8220;si en una escuela haya un maestro o dos que dieron positivo\u00a0 para avisar a los padres de familia que no lleven a sus ni\u00f1os\u00a0 a clases el d\u00eda de ma\u00f1ana&#8221;.<\/p>\n\n\n\n<p>Pero agreg\u00f3\u00a0 que, &#8220;hay un gran porcentaje que\u00a0 puede hacerlo este martes 25 de enero del a\u00f1o en curso&#8221;.\u00a0<\/p>\n\n\n\n<p>&#8220;Los aspectos que nosotros estamos valorando, son las condiciones de la infraestructura, como se encuentran sus servicios b\u00e1sicos, en tanto que la capacitaci\u00f3n de la que yo hablaba que recibieron los supervisores y jefes de sector as\u00ed como los directores y maestros, los insumos sanitarios que hicimos llegar en el transcurso de esta semana a los distintas regiones y tambi\u00e9n la plantilla de personal\u00a0 que en este momento si el maestro est\u00e1 o\u00a0 no\u00a0 frente a grupo, esta positivo o no, si el intendente o director, etc&#8221;.<\/p>\n\n\n\n<p>&#8220;Hay una radiograf\u00eda en este momento\u00a0 que se esta elaborando, en los turnos matutino y\u00a0 mas adelante tendremos la correspondiente al turno vespertino\u00a0 y al concluir el d\u00eda lo\u00a0 tendremos la visi\u00f3n de las\u00a0 2,087 escuelas \u00a0 cuantas estar\u00e1n regresando\u00a0 al sistema presencial y cu\u00e1ntas regresan solo con determinados grupos y cuantas mas regresar\u00e1n hasta el pr\u00f3ximo lunes&#8221;.\u00a0<\/p>\n\n\n\n<p><strong>VACUNAS\u00a0<\/strong><\/p>\n\n\n\n<p>Inform\u00f3 luego\u00a0 que el Sub-Comit\u00e9 de Salud,\u00a0 &#8220;nos autoriz\u00f3 una segunda etapa de vacunaci\u00f3n,\u00a0 habiendo\u00a0 hecho un pre-registro hasta el pasado domingo, pero el d\u00eda de hoy contamos con 5,051 maestros que se pre-registren para recibir esta segunda dosis o refuerzo, acci\u00f3n a realizar el pr\u00f3ximo 26 de enero en virtud de que el d\u00eda de hoy acaba de concluir una reuni\u00f3n con personal\u00a0 de la SEP, de la Secretar\u00eda de Salud, de la Sedena, del Gobierno\u00a0 de la Rep\u00fablica, del Gobierno\u00a0del Estado y\u00a0 de las tres secciones sindicales\u00a0 donde se acord\u00f3 tal fecha para que\u00a0 el n\u00famero \u00a0 de vacunas que se cita \u00a0 puedan en las mismas sedes en las que recibieron su primera aplicaci\u00f3n\u00a0 y\u00a0 reciban el refuerzo citado&#8221;.<\/p>\n\n\n\n<p>Adem\u00e1s, revel\u00f3 que se esta solicitando un 10% mas de vacunas en cada sede,\u00a0 adem\u00e1s de solicitar una tercera jornada\u00a0 de vacunaci\u00f3n a realizar la primer semana de febrero en virtud de que\u00a0 las 31,371 disponibles est\u00e1n en mano hasta el d\u00eda 11 de febrero para poder aplicarse.<\/p>\n","protected":false},"excerpt":{"rendered":"<p>Torre\u00f3n, Coahuila.- Este martes 25 de enero, se\u00a0 reinicia el ciclo escolar 2021\/ 2022, \u00a0 de manera presencial en Coahuila en mas de 2,000 planteles \u00a0 de educaci\u00f3n p\u00fablica en el Estado, tras asegurar el titular de la Secretar\u00eda de Educaci\u00f3n P\u00fablica en Coahuila, Licenciado Francisco Saracho Navarro, que se han capacitado en la ultima semana, maestros y padres de familia para organizar este retorno. Lo anterior fue informado el&#8230;<\/p>\n","protected":false},"author":2,"featured_media":0,"comment_status":"closed","ping_status":"","sticky":false,"template":"","format":"standard","meta":{"footnotes":""},"categories":[5,9,15],"tags":[],"class_list":["post-6818","post","type-post","status-publish","format-standard","hentry","category-coahuila","category-educacion","category-gobierno-de-coahuila","wpcat-5-id","wpcat-9-id","wpcat-15-id"],"_links":{"self":[{"href":"https:\/\/www.aquilaguna.com\/index.php\/wp-json\/wp\/v2\/posts\/6818","targetHints":{"allow":["GET"]}}],"collection":[{"href":"https:\/\/www.aquilaguna.com\/index.php\/wp-json\/wp\/v2\/posts"}],"about":[{"href":"https:\/\/www.aquilaguna.com\/index.php\/wp-json\/wp\/v2\/types\/post"}],"author":[{"embeddable":true,"href":"https:\/\/www.aquilaguna.com\/index.php\/wp-json\/wp\/v2\/users\/2"}],"replies":[{"embeddable":true,"href":"https:\/\/www.aquilaguna.com\/index.php\/wp-json\/wp\/v2\/comments?post=6818"}],"version-history":[{"count":1,"href":"https:\/\/www.aquilaguna.com\/index.php\/wp-json\/wp\/v2\/posts\/6818\/revisions"}],"predecessor-version":[{"id":6819,"href":"https:\/\/www.aquilaguna.com\/index.php\/wp-json\/wp\/v2\/posts\/6818\/revisions\/6819"}],"wp:attachment":[{"href":"https:\/\/www.aquilaguna.com\/index.php\/wp-json\/wp\/v2\/media?parent=6818"}],"wp:term":[{"taxonomy":"category","embeddable":true,"href":"https:\/\/www.aquilaguna.com\/index.php\/wp-json\/wp\/v2\/categories?post=6818"},{"taxonomy":"post_tag","embeddable":true,"href":"https:\/\/www.aquilaguna.com\/index.php\/wp-json\/wp\/v2\/tags?post=6818"}],"curies":[{"name":"wp","href":"https:\/\/api.w.org\/{rel}","templated":true}]}}