{"id":6878,"date":"2022-01-27T17:33:54","date_gmt":"2022-01-27T23:33:54","guid":{"rendered":"https:\/\/www.aquilaguna.com\/?p=6878"},"modified":"2022-01-27T17:33:55","modified_gmt":"2022-01-27T23:33:55","slug":"tribunal-de-justicia-municipal-avanza-en-profesionalizacion-de-su-personal","status":"publish","type":"post","link":"https:\/\/www.aquilaguna.com\/index.php\/2022\/01\/27\/tribunal-de-justicia-municipal-avanza-en-profesionalizacion-de-su-personal\/","title":{"rendered":"Tribunal de Justicia Municipal avanza en profesionalizaci\u00f3n de su personal."},"content":{"rendered":"\n<p>Torre\u00f3n, Coahuila. A 27 de enero de 2022.<\/p>\n\n\n\n<p>En un segundo encuentro entre el Tribunal de Justicia Municipal de Torre\u00f3n a<br>cargo de Martha Rodr\u00edguez Romero con USAID M\u00e9xico, se concreta lo que ser\u00e1<br>un trascendente paso en materia de profesionalizaci\u00f3n en materia de impartici\u00f3n<br>de justicia a trav\u00e9s de capacitaciones impartidas por el Poder Judicial del Estado<br>de Coahuila.<\/p>\n\n\n\n<p>Dentro del eje de Seguridad y Orden en la Administraci\u00f3n del alcalde Rom\u00e1n<br>Alberto Cepeda, se busca capacitar a los servidores p\u00fablicos involucrados en los<br>temas de resoluci\u00f3n de conflictos en el Tribunal, por lo que ser\u00e1 este primero de<br>febrero cuando todos los integrantes de los juzgados municipales inicien la<br>capacitaci\u00f3n que ser\u00e1 certificada por el Poder Judicial del Estado de Coahuila.<\/p>\n\n\n\n<p>Ser\u00e1n 15 d\u00edas de adiestramiento en los que el Magistrado Presidente les estar\u00e1<br>proporcionando las facilidades para llevar a cabo esta labor.<\/p>\n\n\n\n<p>Aunado a ello, con el fin mismo de agilizar la atenci\u00f3n del Tribunal de Justicia, se<br>prev\u00e9 instalar un Centro de Mediaci\u00f3n con el cual se har\u00e1 m\u00e1s efectivo el proceso<br>de abordaje de conflictos con soluciones alternas y se pueden llevar fuera de<br>juzgados minimizando a su vez los tiempos de resoluci\u00f3n, logrando con as\u00ed la<br>practicidad y optimizar el trabajo al interior de los juzgados.<\/p>\n\n\n\n<p>Es as\u00ed como jueces, abogados y secretarios escribientes, tendr\u00e1n las herramientas<br>en coordinaci\u00f3n tambi\u00e9n con la Comisi\u00f3n de Derechos Humanos, para no solo<br>agilizar los tiempos de respuesta sino dar un trato m\u00e1s sensible a la ciudadan\u00eda.<\/p>\n\n\n\n<p>Otro de los cambios que se pretenden implementar, est\u00e1 la separaci\u00f3n de los<br>juzgados de menores que ya no estar\u00e1n dentro del \u00e1rea de Tribunales de Justicia<br>Municipal, principalmente por velar por sus derechos humanos pues como se<br>estaba llevando a cabo no corresponde a la ley de protecci\u00f3n de adolescentes y<br>es inter\u00e9s de esta administraci\u00f3n el cambiar esta pr\u00e1ctica y vigilar el cumplimiento<br>de la ley y las garant\u00edas individuales.<\/p>\n","protected":false},"excerpt":{"rendered":"<p>Torre\u00f3n, Coahuila. A 27 de enero de 2022. En un segundo encuentro entre el Tribunal de Justicia Municipal de Torre\u00f3n acargo de Martha Rodr\u00edguez Romero con USAID M\u00e9xico, se concreta lo que ser\u00e1un trascendente paso en materia de profesionalizaci\u00f3n en materia de impartici\u00f3nde justicia a trav\u00e9s de capacitaciones impartidas por el Poder Judicial del Estadode Coahuila. Dentro del eje de Seguridad y Orden en la Administraci\u00f3n del alcalde Rom\u00e1nAlberto Cepeda,&#8230;<\/p>\n","protected":false},"author":1,"featured_media":6879,"comment_status":"closed","ping_status":"closed","sticky":false,"template":"","format":"standard","meta":{"footnotes":""},"categories":[5,28,24,7],"tags":[],"class_list":["post-6878","post","type-post","status-publish","format-standard","has-post-thumbnail","hentry","category-coahuila","category-la-laguna","category-seguridad","category-torreon","wpcat-5-id","wpcat-28-id","wpcat-24-id","wpcat-7-id"],"_links":{"self":[{"href":"https:\/\/www.aquilaguna.com\/index.php\/wp-json\/wp\/v2\/posts\/6878","targetHints":{"allow":["GET"]}}],"collection":[{"href":"https:\/\/www.aquilaguna.com\/index.php\/wp-json\/wp\/v2\/posts"}],"about":[{"href":"https:\/\/www.aquilaguna.com\/index.php\/wp-json\/wp\/v2\/types\/post"}],"author":[{"embeddable":true,"href":"https:\/\/www.aquilaguna.com\/index.php\/wp-json\/wp\/v2\/users\/1"}],"replies":[{"embeddable":true,"href":"https:\/\/www.aquilaguna.com\/index.php\/wp-json\/wp\/v2\/comments?post=6878"}],"version-history":[{"count":1,"href":"https:\/\/www.aquilaguna.com\/index.php\/wp-json\/wp\/v2\/posts\/6878\/revisions"}],"predecessor-version":[{"id":6880,"href":"https:\/\/www.aquilaguna.com\/index.php\/wp-json\/wp\/v2\/posts\/6878\/revisions\/6880"}],"wp:featuredmedia":[{"embeddable":true,"href":"https:\/\/www.aquilaguna.com\/index.php\/wp-json\/wp\/v2\/media\/6879"}],"wp:attachment":[{"href":"https:\/\/www.aquilaguna.com\/index.php\/wp-json\/wp\/v2\/media?parent=6878"}],"wp:term":[{"taxonomy":"category","embeddable":true,"href":"https:\/\/www.aquilaguna.com\/index.php\/wp-json\/wp\/v2\/categories?post=6878"},{"taxonomy":"post_tag","embeddable":true,"href":"https:\/\/www.aquilaguna.com\/index.php\/wp-json\/wp\/v2\/tags?post=6878"}],"curies":[{"name":"wp","href":"https:\/\/api.w.org\/{rel}","templated":true}]}}