{"id":6913,"date":"2022-01-28T19:58:12","date_gmt":"2022-01-29T01:58:12","guid":{"rendered":"https:\/\/www.aquilaguna.com\/?p=6913"},"modified":"2022-01-28T19:58:12","modified_gmt":"2022-01-29T01:58:12","slug":"gobierno-del-estado-entrega-parque-vehicular-al-municipio-de-matamoros","status":"publish","type":"post","link":"https:\/\/www.aquilaguna.com\/index.php\/2022\/01\/28\/gobierno-del-estado-entrega-parque-vehicular-al-municipio-de-matamoros\/","title":{"rendered":"Gobierno del estado entrega parque veh\u00edcular al municipio de Matamoros."},"content":{"rendered":"\n<p>Matamoros, Coahuila.- Esta ma\u00f1ana con la presencia del Gobernador Miguel\u00a0 Angel Riquelme Solis , del General Diplomado de Estado Mayor\u00a0 Norberto Cort\u00e9s Rodriguez, titular de la XI Regi\u00f3n \u00a0 Militar,\u00a0 el General de Brigada\u00a0 Manuel Alejandro Velasco Villanueva, Coordinador estatal de la Guardia Nacional,\u00a0 se hizo entrega de importante dotaci\u00f3n de nuevo\u00a0 parque veh\u00edcular\u00a0 y equipamiento t\u00e1ctico,\u00a0 por mas de 10.5 millones de pesos, al\u00a0 tiempo que el alcalde\u00a0 Miguel\u00a0 Angel Ram\u00edrez\u00a0 L\u00f3pez,\u00a0 anuncia su\u00a0 aumento de salarios a los elementos que forman parte\u00a0 cuerpo de\u00a0 seguridad\u00a0 local .<\/p>\n\n\n\n<p>En \u00a0su intervenci\u00f3n de bienvenida a los ah\u00ed presentes\u00a0 el alcalde Ram\u00edrez L\u00f3pez, asegurando que, &#8220;en esta poblaci\u00f3n tienen su casa y en ella\u00a0 habr\u00e1n de encontrar\u00a0 el trabajar en\u00a0 equipo con ustedes para seguir resguardando la seguridad de todos los matamorenses&#8221;.<\/p>\n\n\n\n<p>Dijo luego haber recibido al cuerpo\u00a0 de seguridad de parte de la administraci\u00f3n que lo precede, &#8220;una fuerza de seguridad destrozada, en todos los sentidos, en todos los aspectos, pero no es momento de lamentarnos, sino de levantarnos, con empuje, con entusiasmo y la plena seguridad y el car\u00e1cter\u00a0 bien firme de que tenemos que reivindicar a las\u00a0 fuerzas de seguridad de nuestro municipio&#8221;.<\/p>\n\n\n\n<p>Asegur\u00f3 luego que estar\u00e1 sumando con el Gobernador Riquelme Solis, &#8220;para hacer de Coahuila, el Estado mas seguro del pa\u00eds&#8221;.<\/p>\n\n\n\n<p>&#8220;Empecemos desde\u00a0 cero, en el municipio de Matamoros, de ah\u00ed la decisi\u00f3n de cambiar el nombre de Direcci\u00f3n de Seguridad P\u00fablica por el de Comisi\u00f3n Municipal \u00a0 de Protecci\u00f3n\u00a0 Ciudadana, y a ofrecer a los integrantes del cuerpo polic\u00edaco las mejores condiciones\u00a0 laborales que hayan tenido, con las obvias mejoras salariales a partir de la ultima quincena del mes de marzo&#8221;.<\/p>\n\n\n\n<p>&#8220;Hoy se entrega un parque \u00a0veh\u00edcular\u00a0 de once camionetas, as\u00ed como un carro recibido en dotaci\u00f3n, y para anunciar el compromiso de tener una proximidad real con el ciudadano, generar una empat\u00eda verdadera para recuperar la confianza\u00a0 ciudadana; yo los voy a acompa\u00f1ar&#8221;.<\/p>\n\n\n\n<p>&#8220;Vamos a socializar la seguridad en el municipio de Matamoros, vamos a instalar\u00a0 la pr\u00f3xima semana el Consejo Ciudadano de Seguridad P\u00fablica\u00a0 para rendir\u00a0 mensualmente el informe a la ciudadan\u00eda&#8221;.<\/p>\n\n\n\n<p>Anunci\u00f3 que\u00a0 pondr\u00e1 a disposici\u00f3n de los empresarios locales,\u00a0 &#8220;el servicio de vigilancia en sus negocios\u00a0 conectado al C-2\u00a0 si as\u00ed lo desean,\u00a0 con vigilancia todos los d\u00edas y a todas\u00a0 horas&#8221;.<\/p>\n\n\n\n<p>A partir del mes de marzo, dijo, &#8220;iniciar\u00e1n un convenio de colaboraci\u00f3n con todos los ciudadano, para que si los ciudadanos as\u00ed lo desean conecten a este sistema sus aparatos de vigilancia domiciliaria&#8221;.\u00a0<\/p>\n\n\n\n<p>Concluy\u00f3 que su\u00a0 reto, obligado a cumplir, &#8220;es convertir a Matamoros, como el municipio mas seguro de Coahuila&#8221;.\u00a0\u00a0<\/p>\n\n\n\n<p>En su intervenci\u00f3n \u00a0con la que se concluy\u00f3 este tempranero acto, el Gobernador Riquelme Solis, \u00a0 reconoci\u00f3 el trabajo de planeaci\u00f3n\u00a0 realizado por el nuevo alcalde\u00a0 y el de poner\u00a0 el tema de Seguridad Publica en su inter\u00e9s, marco en el que refrendo su coordinaci\u00f3n con el ej\u00e9rcito y la Guardia Nacional.\u00a0<\/p>\n\n\n\n<p>Reiter\u00f3 que la mayor necesidad de la poblaci\u00f3n, &#8220;es la seguridad, la consecuencia\u00a0 inmediata de un municipio y un Estado, es la \u00a0 recuperaci\u00f3n de empleo, su desarrollo econ\u00f3mico, la derrama econ\u00f3mica de nuestra gente y por consecuencia\u00a0 el poder adquisitivo que protege a\u00a0 nuestra micro industria&#8221;.<\/p>\n\n\n\n<p>Refrend\u00f3 luego de su compromiso de trabajo y de inversi\u00f3n, diciendo que, &#8220;vamos a trabajar en muchos frentes&#8221;.<\/p>\n\n\n\n<p>Se refiri\u00f3 enseguida a los indicadores econ\u00f3micos\u00a0 que alcanza\u00a0 Coahuila, &#8220;que hoy son los mejores\u00a0 y que\u00a0 no son obra de la casualidad, es el trabajo diario de sociedad y gobierno, es la coordinaci\u00f3n de los tres \u00f3rdenes de gobierno y tambi\u00e9n la preparaci\u00f3n que tiene la entidad, en trabajar con quienes llegan a un cargo de elecci\u00f3n popular antes de tomar protesta&#8221;.<\/p>\n\n\n\n<p><strong>ME QUEDAN 671 DIAS.<\/strong><\/p>\n\n\n\n<p>El Gobernador Riquelme Solis hizo publico que,\u00a0 &#8220;es sensible al paso de su tiempo, el que le resta a su mandato&#8221;, diciendo que, &#8220;me quedan 671 d\u00edas de gobierno, y eso, me compromete a acelerar el paso. Quiero que Coahuila siga sentando las bases, las ra\u00edces en materia de seguridad, que gobierne quien gobierne\u00a0 en cualquiera d ellos municipios, sepa que es la propiedad nuestra&#8221;.<\/p>\n\n\n\n<p>Y advierte,  &#8220;que no puede mover las cosas de un d\u00eda para otros, puede mejorarlas, puede hacer mejor las cosas, acercar la polic\u00eda a la gente, que es un reto muy dif\u00edcil, por los momentos que pasamos \u00a0 de violencia ha sido todo un reto\u00a0 meter a la polic\u00eda a un \u00e1mbito preventivo, cuando lo que en su momento se requiri\u00f3 el poder constru\u00edr una polic\u00eda de reacci\u00f3n para poder enfrentar los principales problemas que la presencia de la delincuencia hizo pasar a la gente buena, de bien y de trabajo&#8221;.<\/p>\n","protected":false},"excerpt":{"rendered":"<p>Matamoros, Coahuila.- Esta ma\u00f1ana con la presencia del Gobernador Miguel\u00a0 Angel Riquelme Solis , del General Diplomado de Estado Mayor\u00a0 Norberto Cort\u00e9s Rodriguez, titular de la XI Regi\u00f3n \u00a0 Militar,\u00a0 el General de Brigada\u00a0 Manuel Alejandro Velasco Villanueva, Coordinador estatal de la Guardia Nacional,\u00a0 se hizo entrega de importante dotaci\u00f3n de nuevo\u00a0 parque veh\u00edcular\u00a0 y equipamiento t\u00e1ctico,\u00a0 por mas de 10.5 millones de pesos, al\u00a0 tiempo que el alcalde\u00a0 Miguel\u00a0&#8230;<\/p>\n","protected":false},"author":2,"featured_media":0,"comment_status":"closed","ping_status":"","sticky":false,"template":"","format":"standard","meta":{"footnotes":""},"categories":[5,15,28,67,24],"tags":[],"class_list":["post-6913","post","type-post","status-publish","format-standard","hentry","category-coahuila","category-gobierno-de-coahuila","category-la-laguna","category-matamoros","category-seguridad","wpcat-5-id","wpcat-15-id","wpcat-28-id","wpcat-67-id","wpcat-24-id"],"_links":{"self":[{"href":"https:\/\/www.aquilaguna.com\/index.php\/wp-json\/wp\/v2\/posts\/6913","targetHints":{"allow":["GET"]}}],"collection":[{"href":"https:\/\/www.aquilaguna.com\/index.php\/wp-json\/wp\/v2\/posts"}],"about":[{"href":"https:\/\/www.aquilaguna.com\/index.php\/wp-json\/wp\/v2\/types\/post"}],"author":[{"embeddable":true,"href":"https:\/\/www.aquilaguna.com\/index.php\/wp-json\/wp\/v2\/users\/2"}],"replies":[{"embeddable":true,"href":"https:\/\/www.aquilaguna.com\/index.php\/wp-json\/wp\/v2\/comments?post=6913"}],"version-history":[{"count":1,"href":"https:\/\/www.aquilaguna.com\/index.php\/wp-json\/wp\/v2\/posts\/6913\/revisions"}],"predecessor-version":[{"id":6914,"href":"https:\/\/www.aquilaguna.com\/index.php\/wp-json\/wp\/v2\/posts\/6913\/revisions\/6914"}],"wp:attachment":[{"href":"https:\/\/www.aquilaguna.com\/index.php\/wp-json\/wp\/v2\/media?parent=6913"}],"wp:term":[{"taxonomy":"category","embeddable":true,"href":"https:\/\/www.aquilaguna.com\/index.php\/wp-json\/wp\/v2\/categories?post=6913"},{"taxonomy":"post_tag","embeddable":true,"href":"https:\/\/www.aquilaguna.com\/index.php\/wp-json\/wp\/v2\/tags?post=6913"}],"curies":[{"name":"wp","href":"https:\/\/api.w.org\/{rel}","templated":true}]}}