{"id":6915,"date":"2022-01-28T20:13:10","date_gmt":"2022-01-29T02:13:10","guid":{"rendered":"https:\/\/www.aquilaguna.com\/?p=6915"},"modified":"2022-01-28T20:13:10","modified_gmt":"2022-01-29T02:13:10","slug":"sigue-vigente-la-alianza-federalista-afirma-gobernador-de-coahuila","status":"publish","type":"post","link":"https:\/\/www.aquilaguna.com\/index.php\/2022\/01\/28\/sigue-vigente-la-alianza-federalista-afirma-gobernador-de-coahuila\/","title":{"rendered":"Sigue vigente la Alianza Federalista, afirma Gobernador de Coahuila."},"content":{"rendered":"\n<p>Matamoros, Coahuila.- &#8220;Sigue latente\u00a0 la vigencia de la\u00a0 Alianza Federalista\u00a0 frente al rumbo\u00a0 que las condiciones del pa\u00eds impongan en\u00a0 busca de\u00a0 caminos o soluciones a problem\u00e1ticas comunes\u00a0 que aquejan a\u00a0 las entidades federativas que en ella participan&#8221;, \u00a0 afirma el\u00a0 Gobernador de Coahuila, Ingeniero Miguel\u00a0 Angel Riquelme Solis, al tiempo que reitera\u00a0 \u00a0 la\u00a0 ineficacia\u00a0 que\u00a0 estima, aqueja a la\u00a0 CONAGO, motivo por el cual, &#8220;yo, no estoy participando&#8221;.\u00a0<\/p>\n\n\n\n<p>Preguntado\u00a0 sobre temas y resultados obtenidos de su reuni\u00f3n celebrada ayer jueves en Guanajuato con los gobernadores de esa entidad, los de Jalisco y Tamaulipas.\u00a0<\/p>\n\n\n\n<p>Indic\u00f3\u00a0 que los temas fueron del inter\u00e9s entre los cuatro Estados, aclarando que, &#8220;Martin Orozco -Gobernador de Aguascalientes-,\u00a0  sali\u00f3 fuera del pa\u00eds\u00a0 y no pudo acudir, pero estaremos en los pr\u00f3ximos meses reuni\u00e9ndonos. Tenemos retos importantes en com\u00fan, y debemos seguir\u00a0 dialogando\u00a0 la permanencia de la Alianza Federalista y adem\u00e1s de ello, repito, orientaremos a problemas comunes que tenemos, el di\u00e1logo donde todos compartimos informaci\u00f3n que nos permite tambi\u00e9n enfrentar en el tema de la pandemia con algo de experiencia que ya esta surgiendo en otros Estados en esta cuarta ola de contagio&#8221;.<\/p>\n\n\n\n<p>Seguimos juntos, afirm\u00f3, &#8220;seguimos compartiendo problemas y adem\u00e1s\u00a0 informaci\u00f3n que tambi\u00e9n eso, nos ayuda a resolver problem\u00e1ticas locales en cada\u00a0 entidad&#8221;.<\/p>\n\n\n\n<p>Fue buena la reuni\u00f3n, dijo, &#8220;fueron Enrique Alfaro Gobernador de Jalisco, Sinhu\u00e9 Rodr\u00cdguez \u00a0 gobernador anfitri\u00f3n, Cabeza de Vaca, Gobernador de Tamaulipas\u00a0 y su servidor&#8221;.<\/p>\n\n\n\n<p>Inform\u00f3 que, &#8220;vamos a trabajar primero\u00a0 entre los cuatro, el replanteamiento y luego ya veremos que es lo que sigue con la Alianza&#8221;.<\/p>\n\n\n\n<p>Acordamos, dijo luego, &#8220;no definir ninguno de nosotros cual\u00a0 es fueron los principales retos en la reuni\u00f3n, sino plantearlos bien en la pr\u00f3xima semana, cuales son los retos que como pa\u00eds tenemos y podemos sumarnos los cuatro y tal vez invitar a mas&#8221;.<\/p>\n\n\n\n<p>Preguntado sobre\u00a0 la Conferencia Nacional de Gobernadores -CONAGO-,\u00a0 afirm\u00f3, &#8220;ah\u00ed est\u00e1&#8221;, aclarando que, &#8220;nosotros hemos sido pragm\u00e1ticos,\u00a0 en ese sentido, la CONAGO \u00a0para nada nos ha ayudado, no nos ha servido\u00a0 para resolver nuestros problemas&#8221;.\u00a0<\/p>\n\n\n\n<p>&#8220;No existen soluciones dentro de CONAGO, no\u00a0 se busca tampoco que sea un contrapeso, se busca que den soluciones a problem\u00e1ticas que tiene cada entidad y no las da&#8221;.<\/p>\n\n\n\n<p>&#8220;De\u00a0 mi parte, la verdad es que hemos sido citados a reuniones de seguridad donde luego las convierten en reuniones de la CONAGO&#8221;.<\/p>\n\n\n\n<p>&#8220;Yo, a las de seguridad si voy, pero a las de CONAGO no, pero luego las mezclan\u00a0y uno tiene que estar ah\u00ed&#8221;.<\/p>\n\n\n\n<p>Concluy\u00f3 revelando luego que, &#8220;es que no estoy participando en CONAGO&#8221;.\u00a0<\/p>\n\n\n\n<p><strong>SEGURIDAD\u00a0 PUBLICA.<\/strong><\/p>\n\n\n\n<p>En cuanto al planteamiento que al tema de Seguridad P\u00fablica\u00a0 diera a conocer el nuevo alcalde de \u00e9ste municipio Miguel Angel Ramirez L\u00f3pez, el Gobernador Riquelme Solis estim\u00f3 que, &#8221; la realidad es que as\u00ed est\u00e1n todos los municipios de Coahuila&#8221;.<\/p>\n\n\n\n<p>&#8220;Unos, con capacidad\u00a0 de compra, de reacci\u00f3n y adem\u00e1s\u00a0 de poder enfrentar los distintos retos de una polic\u00eda municipal, en el \u00e1mbito local hay algunos como Matamoros, San Pedro, Madero, con comunidades ejidales alejadas y que  tienen que dar una respuesta institucional dentro del esfuerzo que se hace con el Gobierno del Estado, la verdad es que as\u00ed est\u00e1n todos los municipios haciendo un gran esfuerzo&#8221;, recalc\u00f3.<\/p>\n\n\n\n<p>&#8220;Hoy aqu\u00ed en Matamoros, hay una adquisici\u00f3n de unidades, de uniformes, de equipo, que a 28 d\u00edas\u00a0 de haber entrado el alcalde de Matamoros\u00a0 est\u00e1\u00a0 el con una buena planeaci\u00f3n, en lo que esta siendo una prioridad \u00a0 de lo que la gente le solicit\u00f3, pero adem\u00e1s \u00a0la de mi administraci\u00f3n&#8221;.<\/p>\n\n\n\n<p>&#8220;Nos da mucho gusto venir a Matamoros entregar equipo, patrullas y estar adem\u00e1s con los elementos en sinton\u00eda con sus elementos\u00a0 y buscar\u00a0 estar en sinton\u00eda\u00a0 con la sociedad&#8221;.<\/p>\n\n\n\n<p>&#8220;Es enfrentar todo esto sobre la base de un modelo preventivo&#8221;.<\/p>\n\n\n\n<p><strong>INVERSIONES.<\/strong><\/p>\n\n\n\n<p>Dio a conocer el monto presupuestal a ejercer este a\u00f1o en el tema de seguridad p\u00fablica, mismo que alcanzar\u00e1\u00a0 a 1,800 millones de pesos.<\/p>\n\n\n\n<p>Enumer\u00f3 luego\u00a0 que falta por\u00a0 entregar en el concepto de infraestructura, indicando\u00a0 que,\u00a0&#8220;en ello esta el Cuartel\u00a0 ubicado en\u00a0 Ciudad Acu\u00f1a, la construcci\u00f3n de dos mas en la Brecha del Gas y\u00a0 otro cuartel mas en nuestros l\u00edmites con Zacatecas y\u00a0 otras entregas de patrullas en otros municipios&#8221;.<\/p>\n","protected":false},"excerpt":{"rendered":"<p>Matamoros, Coahuila.- &#8220;Sigue latente\u00a0 la vigencia de la\u00a0 Alianza Federalista\u00a0 frente al rumbo\u00a0 que las condiciones del pa\u00eds impongan en\u00a0 busca de\u00a0 caminos o soluciones a problem\u00e1ticas comunes\u00a0 que aquejan a\u00a0 las entidades federativas que en ella participan&#8221;, \u00a0 afirma el\u00a0 Gobernador de Coahuila, Ingeniero Miguel\u00a0 Angel Riquelme Solis, al tiempo que reitera\u00a0 \u00a0 la\u00a0 ineficacia\u00a0 que\u00a0 estima, aqueja a la\u00a0 CONAGO, motivo por el cual, &#8220;yo, no estoy participando&#8221;.\u00a0&#8230;<\/p>\n","protected":false},"author":2,"featured_media":0,"comment_status":"closed","ping_status":"","sticky":false,"template":"","format":"standard","meta":{"footnotes":""},"categories":[5,15],"tags":[],"class_list":["post-6915","post","type-post","status-publish","format-standard","hentry","category-coahuila","category-gobierno-de-coahuila","wpcat-5-id","wpcat-15-id"],"_links":{"self":[{"href":"https:\/\/www.aquilaguna.com\/index.php\/wp-json\/wp\/v2\/posts\/6915","targetHints":{"allow":["GET"]}}],"collection":[{"href":"https:\/\/www.aquilaguna.com\/index.php\/wp-json\/wp\/v2\/posts"}],"about":[{"href":"https:\/\/www.aquilaguna.com\/index.php\/wp-json\/wp\/v2\/types\/post"}],"author":[{"embeddable":true,"href":"https:\/\/www.aquilaguna.com\/index.php\/wp-json\/wp\/v2\/users\/2"}],"replies":[{"embeddable":true,"href":"https:\/\/www.aquilaguna.com\/index.php\/wp-json\/wp\/v2\/comments?post=6915"}],"version-history":[{"count":1,"href":"https:\/\/www.aquilaguna.com\/index.php\/wp-json\/wp\/v2\/posts\/6915\/revisions"}],"predecessor-version":[{"id":6916,"href":"https:\/\/www.aquilaguna.com\/index.php\/wp-json\/wp\/v2\/posts\/6915\/revisions\/6916"}],"wp:attachment":[{"href":"https:\/\/www.aquilaguna.com\/index.php\/wp-json\/wp\/v2\/media?parent=6915"}],"wp:term":[{"taxonomy":"category","embeddable":true,"href":"https:\/\/www.aquilaguna.com\/index.php\/wp-json\/wp\/v2\/categories?post=6915"},{"taxonomy":"post_tag","embeddable":true,"href":"https:\/\/www.aquilaguna.com\/index.php\/wp-json\/wp\/v2\/tags?post=6915"}],"curies":[{"name":"wp","href":"https:\/\/api.w.org\/{rel}","templated":true}]}}