{"id":6944,"date":"2022-01-31T19:35:22","date_gmt":"2022-02-01T01:35:22","guid":{"rendered":"https:\/\/www.aquilaguna.com\/?p=6944"},"modified":"2022-01-31T19:35:22","modified_gmt":"2022-02-01T01:35:22","slug":"presentan-indicadores-sobre-covid-en-coahuila","status":"publish","type":"post","link":"https:\/\/www.aquilaguna.com\/index.php\/2022\/01\/31\/presentan-indicadores-sobre-covid-en-coahuila\/","title":{"rendered":"Presentan indicadores sobre Covid en Coahuila."},"content":{"rendered":"\n<p>Torre\u00f3n, Coahuila.- Coahuila suma a este d\u00eda\u00a0 137,154 casos positivos, de los cuales a la fecha\u00a0 se encuentran 395 hospitalizados, y 8,209 defunciones desde\u00a0 el inicio\u00a0 de la pandemia\u00a0 del Covid-19 y sus variantes\u00a0 en las que se han aplicado 684 mil pruebas de PCR, y 196,000 de ant\u00edgeno,\u00a0 inform\u00f3 el\u00a0 Gobernador Miguel Angel Riquelme Solis al t\u00e9rmino de la reuni\u00f3n semanal que sostienen y encabeza\u00a0el Sub Comit\u00e9 T\u00e9cnico Regional Covid-19.<\/p>\n\n\n\n<p>El resumen anterior, corresponde a la estad\u00edstica generada en este tema,\u00a0 durante la cuarta semana del mes enero del a\u00f1o en curso, en tanto que\u00a0 en el Programa de\u00a0 Vacunaci\u00f3n\u00a0 \u00a0 en esquema completo si se alcanza un 89% y en el esquema de primera dosis suma ya el 88%, lo que indica que una vez que se aplique la segunda dosis se tendr\u00e1\u00a0 un avance\u00a0 de casi el 90% entre la poblaci\u00f3n mayor de 18 a\u00f1os.\u00a0<\/p>\n\n\n\n<p>De\u00a0 12 a 17 a\u00f1os, dijo, &#8220;sigue lento, \u00a0 ya que ah\u00ed se tiene una meta importante que cumplir, en\u00a0 menores\u00a0 que se encuentran en tal rango de edad&#8221;.\u00a0<\/p>\n\n\n\n<p>En cuanto a la aplicaci\u00f3n del refuerzo\u00a0 de vacunas a maestros, se reporta que en la primera campa\u00f1a\u00a0 la obtuvieron 40 mil personas, en la segunda 5,300, para dar un gran total de 46,237 maestros \u00a0 vacunados.<\/p>\n\n\n\n<p>En cuanto al avance en la vacunaci\u00f3n de Influenza, \u00a0 suman\u00a0 mas de\u00a0 748,000 \u00a0 personas, lo que constituye\u00a0 un 81% del universo poblacional \u00a0 a cubrir con esta, lo cual permite evitar s\u00edntomas\u00a0 semejantes al Covid, que confunden a la gente,\u00a0 y para evitar tambi\u00e9n que la influenza venga a contaminar\u00a0 la atenci\u00f3n de Covid que hasta hoy se lleva en nuestra entidad.<\/p>\n\n\n\n<p>Recalc\u00f3 que la baja de\u00a0 infestaciones  sigue la tendencia\u00a0 a nacional, pues las cifras que este reporta, son similares\u00a0 en Coahuila.<\/p>\n\n\n\n<p>Dio a conocer que \u00a0 en el caso del Covid, &#8220;sigue la positividad alta,\u00a0 pues esta semana hay un 69%, no necesariamente\u00a0 tiene que ver con el n\u00famero de hospitalizaciones  ni\u00a0 presentaci\u00f3n de s\u00edntomas graves en los pacientes, menos aun de lamentables fallecimientos&#8221;.<\/p>\n\n\n\n<p>&#8220;Las caracter\u00edsticas\u00a0 siguen siendo\u00a0 las mismas que las variantes anteriores&#8221;.<\/p>\n\n\n\n<p>En cuanto a las hospitalizaciones por Covid-19 vemos\u00a0 un repunte de las ultimas semanas\u00a0 y hoy son 395\u00a0 son mucho menos las\u00a0 hospitalizaciones\u00a0 generadas por las variantes\u00a0 anteriores.\u00a0<\/p>\n\n\n\n<p>En cuanto al rubro de defunciones en este informe semanal, el Gobernador dio a conocer que sumaron &#8220;un leve aumento&#8221;.<\/p>\n\n\n\n<p>As\u00ed mismo, indic\u00f3 que, &#8220;las cinco regiones de Coahuila permanecen\u00a0 en color naranja seg\u00fan el\u00a0 sem\u00e1foro epidemiol\u00f3gico vigente,\u00a0 pues sus n\u00fameros son casi semejantes, de ah\u00ed que Coahuila tambi\u00e9n\u00a0 tenga este mismo indicador&#8221;.<\/p>\n\n\n\n<p>Dijo\u00a0 luego\u00a0 que, &#8220;el Grado de Postividad\u00a0 del\u00a0 Virus, es muy alto, y eso implica que en la f\u00f3rmula tendr\u00edamos que bajar las hospitalizaciones o que la positividad\u00a0 se trabaja\u00a0 cada semana tratando de contener los contagios&#8221;.<\/p>\n\n\n\n<p>Asegur\u00f3 luego que, &#8220;Coahuila tiene capacidad para poder enfrentar\u00a0 un alto nivel\u00a0 de contagio, como se ha demostrado en cada una de las variantes&#8221;.<\/p>\n\n\n\n<p><strong>RETORNO A LAS AULAS .<\/strong><\/p>\n\n\n\n<p>En este tema, el Gobernador de\u00a0 Coahuila,\u00a0 estim\u00f3 que, &#8220;vamos bien. Hemos tenido muy peque\u00f1os percances en todo el estado en relaci\u00f3n a lo que esto significa&#8221;.<\/p>\n","protected":false},"excerpt":{"rendered":"<p>Torre\u00f3n, Coahuila.- Coahuila suma a este d\u00eda\u00a0 137,154 casos positivos, de los cuales a la fecha\u00a0 se encuentran 395 hospitalizados, y 8,209 defunciones desde\u00a0 el inicio\u00a0 de la pandemia\u00a0 del Covid-19 y sus variantes\u00a0 en las que se han aplicado 684 mil pruebas de PCR, y 196,000 de ant\u00edgeno,\u00a0 inform\u00f3 el\u00a0 Gobernador Miguel Angel Riquelme Solis al t\u00e9rmino de la reuni\u00f3n semanal que sostienen y encabeza\u00a0el Sub Comit\u00e9 T\u00e9cnico Regional&#8230;<\/p>\n","protected":false},"author":2,"featured_media":0,"comment_status":"closed","ping_status":"","sticky":false,"template":"","format":"standard","meta":{"footnotes":""},"categories":[5,4,15],"tags":[],"class_list":["post-6944","post","type-post","status-publish","format-standard","hentry","category-coahuila","category-covid","category-gobierno-de-coahuila","wpcat-5-id","wpcat-4-id","wpcat-15-id"],"_links":{"self":[{"href":"https:\/\/www.aquilaguna.com\/index.php\/wp-json\/wp\/v2\/posts\/6944","targetHints":{"allow":["GET"]}}],"collection":[{"href":"https:\/\/www.aquilaguna.com\/index.php\/wp-json\/wp\/v2\/posts"}],"about":[{"href":"https:\/\/www.aquilaguna.com\/index.php\/wp-json\/wp\/v2\/types\/post"}],"author":[{"embeddable":true,"href":"https:\/\/www.aquilaguna.com\/index.php\/wp-json\/wp\/v2\/users\/2"}],"replies":[{"embeddable":true,"href":"https:\/\/www.aquilaguna.com\/index.php\/wp-json\/wp\/v2\/comments?post=6944"}],"version-history":[{"count":1,"href":"https:\/\/www.aquilaguna.com\/index.php\/wp-json\/wp\/v2\/posts\/6944\/revisions"}],"predecessor-version":[{"id":6945,"href":"https:\/\/www.aquilaguna.com\/index.php\/wp-json\/wp\/v2\/posts\/6944\/revisions\/6945"}],"wp:attachment":[{"href":"https:\/\/www.aquilaguna.com\/index.php\/wp-json\/wp\/v2\/media?parent=6944"}],"wp:term":[{"taxonomy":"category","embeddable":true,"href":"https:\/\/www.aquilaguna.com\/index.php\/wp-json\/wp\/v2\/categories?post=6944"},{"taxonomy":"post_tag","embeddable":true,"href":"https:\/\/www.aquilaguna.com\/index.php\/wp-json\/wp\/v2\/tags?post=6944"}],"curies":[{"name":"wp","href":"https:\/\/api.w.org\/{rel}","templated":true}]}}