{"id":7058,"date":"2022-02-08T17:46:46","date_gmt":"2022-02-08T23:46:46","guid":{"rendered":"https:\/\/www.aquilaguna.com\/?p=7058"},"modified":"2022-02-08T17:46:46","modified_gmt":"2022-02-08T23:46:46","slug":"grupo-empresarial-de-la-laguna-amplia-su-universo-de-accion","status":"publish","type":"post","link":"https:\/\/www.aquilaguna.com\/index.php\/2022\/02\/08\/grupo-empresarial-de-la-laguna-amplia-su-universo-de-accion\/","title":{"rendered":"Grupo Empresarial de La Laguna ampl\u00eda su universo de acci\u00f3n."},"content":{"rendered":"\n<p>Matamoros, Coahuila.-\u00a0 El\u00a0 Grupo Empresarial de la Laguna -GEL-, extiende su universo de acci\u00f3n\u00a0 y gesti\u00f3n como organismo econ\u00f3mico\u00a0 al signar esta ma\u00f1ana, Convenio de Colaboraci\u00f3n\u00a0 con\u00a0 las autoridades de este municipio y que encabeza el alcalde Miguel\u00a0 Angel Ram\u00edrez L\u00f3pez.<\/p>\n\n\n\n<p>Lo anterior fue realizado esta ma\u00f1ana en \u00a0 la Infoteca municipal habiendo asistido como cabeza del grupo mencionado, su vocero y Presidente, se\u00f1or\u00a0 Jes\u00fas de la Garza\u00a0 Acosta\u00a0 \u00a0 habi\u00e9ndose definido\u00a0 en esta, \u00a0 una agenda\u00a0 conjunta basada se indic\u00f3 en cuatro ejes Principales; Reactivaci\u00f3n Econ\u00f3mica, Desarrollo, Seguridad P\u00fablica y\u00a0 Vialidad, Servicios\u00a0 P\u00fablicos, y agenda Com\u00fan.\u00a0<\/p>\n\n\n\n<p>Los representantes empresariales \u00a0 coincidieron con el alcalde Ram\u00edrez L\u00f3pez en la necesidad de incluir al sector productivo en la agenda com\u00fan municipal\u00a0 y generar en conjunto un plan de desarrollo integral que pueda pueda extenderse\u00a0 inclusi\u00f3n al resto de los municipios de la comarca lagunera de Coahuila en una primera fase\u00a0 y posteriormente a los municipios laguneros de Durango.<\/p>\n\n\n\n<p>Como \u00a0 primer paso, se acord\u00f3 celebrar bimestralmente una reuni\u00f3n similar a esta,\u00a0 incluir una posici\u00f3n del Grupo Empresarial de la Laguna\u00a0 en el Consejo Municipal de Aguas y Saneamiento de Matamoros, adem\u00e1s de\u00a0 involucrarlos en la conformaci\u00f3n\u00a0 de un nuevo Instituto Municipal de Planeaci\u00f3n\u00a0 \u00a0 de Matamoros, asegurando un sitio\u00a0 en tal instituto.<\/p>\n\n\n\n<p>Toc\u00f3 al\u00a0 al l\u00edder empresarial De la Garza Acosta exponer los planteamientos relacionados con\u00a0 un proyecto de Mejora Regulatoria, que vendr\u00eda modernizar y hacer expeditos los tramites relacionados con la apertura y operaci\u00f3n de industrias, comercios y negocios en generaci\u00f3n as\u00ed como la modernizaci\u00f3n catastral que de mayor certeza a los futuros inversionistas.<\/p>\n\n\n\n<p>Apunt\u00f3 en otro de los temas expuestos, la\u00a0 posibilidad de instalar una Ciudad Industrial en esta poblaci\u00f3n, empezando por generar un estudio real de las\u00a0 condiciones de la ciudad y sus servicios p\u00fablicos, ubicando los posibles\u00a0 \u00a0 puntos de instalaci\u00f3n,\u00a0 la ubicaci\u00f3n de\u00a0 tomas de agua, de energ\u00eda el\u00e9ctrica y gas entre otros.<\/p>\n\n\n\n<p>El empresario comento que el principal objetivo de este convenio ser\u00eda el tener una mayor coordinaci\u00f3n\u00a0 entre\u00a0 el\u00a0 organismos empresarial que representa y la ciudadan\u00eda , as\u00ed como con sus autoridades tras el impacto que ha generado la pandemia en los diversos\u00a0 \u00e1mbitos sociales, econ\u00f3micos y de salud en la comarca lagunera.<\/p>\n\n\n\n<p>Por su parte, el alcalde Ram\u00edrez\u00a0 L\u00f3pez consider\u00f3 que el trabajo en equipo es la clave para lograr un desarrollo\u00a0 municipal, por lo que hizo un llamado a los empresarios para acercarse a su administraci\u00f3n, ofreciendo apertura para desarrollar el plan que puede extenderse a la laguna, al proponer un plan de modernizaci\u00f3n, de reestructuraci\u00f3n de las rutas de transporte, y crear las leyes y reglamentos necesarios que les den certeza\u00a0 los inversionistas locales y for\u00e1neos.<\/p>\n\n\n\n<p>La intenci\u00f3n sostuvo el edil,\u00a0 &#8220;es buscar la vocaci\u00f3n industrial del municipio y fortalecerla&#8221;.<\/p>\n","protected":false},"excerpt":{"rendered":"<p>Matamoros, Coahuila.-\u00a0 El\u00a0 Grupo Empresarial de la Laguna -GEL-, extiende su universo de acci\u00f3n\u00a0 y gesti\u00f3n como organismo econ\u00f3mico\u00a0 al signar esta ma\u00f1ana, Convenio de Colaboraci\u00f3n\u00a0 con\u00a0 las autoridades de este municipio y que encabeza el alcalde Miguel\u00a0 Angel Ram\u00edrez L\u00f3pez. Lo anterior fue realizado esta ma\u00f1ana en \u00a0 la Infoteca municipal habiendo asistido como cabeza del grupo mencionado, su vocero y Presidente, se\u00f1or\u00a0 Jes\u00fas de la Garza\u00a0 Acosta\u00a0 \u00a0&#8230;<\/p>\n","protected":false},"author":2,"featured_media":0,"comment_status":"closed","ping_status":"","sticky":false,"template":"","format":"standard","meta":{"footnotes":""},"categories":[5,58,28,67],"tags":[],"class_list":["post-7058","post","type-post","status-publish","format-standard","hentry","category-coahuila","category-gel","category-la-laguna","category-matamoros","wpcat-5-id","wpcat-58-id","wpcat-28-id","wpcat-67-id"],"_links":{"self":[{"href":"https:\/\/www.aquilaguna.com\/index.php\/wp-json\/wp\/v2\/posts\/7058","targetHints":{"allow":["GET"]}}],"collection":[{"href":"https:\/\/www.aquilaguna.com\/index.php\/wp-json\/wp\/v2\/posts"}],"about":[{"href":"https:\/\/www.aquilaguna.com\/index.php\/wp-json\/wp\/v2\/types\/post"}],"author":[{"embeddable":true,"href":"https:\/\/www.aquilaguna.com\/index.php\/wp-json\/wp\/v2\/users\/2"}],"replies":[{"embeddable":true,"href":"https:\/\/www.aquilaguna.com\/index.php\/wp-json\/wp\/v2\/comments?post=7058"}],"version-history":[{"count":1,"href":"https:\/\/www.aquilaguna.com\/index.php\/wp-json\/wp\/v2\/posts\/7058\/revisions"}],"predecessor-version":[{"id":7059,"href":"https:\/\/www.aquilaguna.com\/index.php\/wp-json\/wp\/v2\/posts\/7058\/revisions\/7059"}],"wp:attachment":[{"href":"https:\/\/www.aquilaguna.com\/index.php\/wp-json\/wp\/v2\/media?parent=7058"}],"wp:term":[{"taxonomy":"category","embeddable":true,"href":"https:\/\/www.aquilaguna.com\/index.php\/wp-json\/wp\/v2\/categories?post=7058"},{"taxonomy":"post_tag","embeddable":true,"href":"https:\/\/www.aquilaguna.com\/index.php\/wp-json\/wp\/v2\/tags?post=7058"}],"curies":[{"name":"wp","href":"https:\/\/api.w.org\/{rel}","templated":true}]}}