{"id":7068,"date":"2022-02-09T20:00:49","date_gmt":"2022-02-10T02:00:49","guid":{"rendered":"https:\/\/www.aquilaguna.com\/?p=7068"},"modified":"2022-02-09T20:00:50","modified_gmt":"2022-02-10T02:00:50","slug":"tango-para-vos-el-gran-invitado-de-la-filarmonica-de-coahuila-en-inauguracion-de-temporada","status":"publish","type":"post","link":"https:\/\/www.aquilaguna.com\/index.php\/2022\/02\/09\/tango-para-vos-el-gran-invitado-de-la-filarmonica-de-coahuila-en-inauguracion-de-temporada\/","title":{"rendered":"\u2018TANGO PARA VOS\u2019, EL GRAN INVITADO DE LA FILARM\u00d3NICA DE COAHUILA EN INAUGURACI\u00d3N DE TEMPORADA."},"content":{"rendered":"\n<p>Saltillo, Coahuila de Zaragoza; a 9 de Febrero de 2022.- La Secretar\u00eda de Cultura de Coahuila dio a conocer que arranca la temporada de conciertos \u2018Serie Molto Vivace 2022\u2019 de la OFDC este jueves 24 de febrero a las 20:30 horas en el Teatro de la Ciudad \u201cFernando Soler\u201d, con el concierto \u201cTango para Vos\u201d.<\/p>\n\n\n\n<p>\u201cEs un gusto recibir nuevamente en tierras coahuilenses a Yayo Gonzales, quien junto al maestro Ra\u00fal J\u00e1quez y la OFDC nos brindar\u00e1n un espectacular concierto\u201d, inform\u00f3 la SC.<\/p>\n\n\n\n<p>\u201cTango para Vos\u201d tendr\u00e1 como solista a Yayo Gonz\u00e1lez, voz y guitarra (Pat\u00e9 de Fu\u00e1); en el bandone\u00f3n tendremos la actuaci\u00f3n del lagunero Ra\u00fal Jacquez, bajo la direcci\u00f3n art\u00edstica de&nbsp; Natanael Espinoza, quienes presentar\u00e1n un interesante&nbsp; programa musical integrado por piezas como&nbsp; Adi\u00f3s Nonino, Por una cabeza, Los ejes de mi carreta, Uno, Volver, Oblivi\u00f3n, El d\u00eda que me quieras, El \u00faltimo caf\u00e9, Cumparcita, A media luz y Mano a mano, entre otras.<\/p>\n\n\n\n<p>Para esta temporada se seguir\u00e1 la modalidad h\u00edbrida, esperando que la actividad presencial siga retom\u00e1ndose.<\/p>\n\n\n\n<p>El acceso a este concierto inaugural ser\u00e1 libre, s\u00f3lo se deber\u00e1 contar con boletos que se estar\u00e1n repartiendo en diversos lugares.<\/p>\n\n\n\n<p>Por su parte, Natanael Espinoza dio a conocer que cada nuevo concierto de esta temporada propone un proyecto diferente, a fin de que el p\u00fablico tenga un encuentro cercano y ameno con la m\u00fasica de esta agrupaci\u00f3n.<\/p>\n","protected":false},"excerpt":{"rendered":"<p>Saltillo, Coahuila de Zaragoza; a 9 de Febrero de 2022.- La Secretar\u00eda de Cultura de Coahuila dio a conocer que arranca la temporada de conciertos \u2018Serie Molto Vivace 2022\u2019 de la OFDC este jueves 24 de febrero a las 20:30 horas en el Teatro de la Ciudad \u201cFernando Soler\u201d, con el concierto \u201cTango para Vos\u201d. \u201cEs un gusto recibir nuevamente en tierras coahuilenses a Yayo Gonzales, quien junto al maestro&#8230;<\/p>\n","protected":false},"author":1,"featured_media":7069,"comment_status":"closed","ping_status":"closed","sticky":false,"template":"","format":"standard","meta":{"footnotes":""},"categories":[5,12,15],"tags":[],"class_list":["post-7068","post","type-post","status-publish","format-standard","has-post-thumbnail","hentry","category-coahuila","category-cultura","category-gobierno-de-coahuila","wpcat-5-id","wpcat-12-id","wpcat-15-id"],"_links":{"self":[{"href":"https:\/\/www.aquilaguna.com\/index.php\/wp-json\/wp\/v2\/posts\/7068","targetHints":{"allow":["GET"]}}],"collection":[{"href":"https:\/\/www.aquilaguna.com\/index.php\/wp-json\/wp\/v2\/posts"}],"about":[{"href":"https:\/\/www.aquilaguna.com\/index.php\/wp-json\/wp\/v2\/types\/post"}],"author":[{"embeddable":true,"href":"https:\/\/www.aquilaguna.com\/index.php\/wp-json\/wp\/v2\/users\/1"}],"replies":[{"embeddable":true,"href":"https:\/\/www.aquilaguna.com\/index.php\/wp-json\/wp\/v2\/comments?post=7068"}],"version-history":[{"count":1,"href":"https:\/\/www.aquilaguna.com\/index.php\/wp-json\/wp\/v2\/posts\/7068\/revisions"}],"predecessor-version":[{"id":7070,"href":"https:\/\/www.aquilaguna.com\/index.php\/wp-json\/wp\/v2\/posts\/7068\/revisions\/7070"}],"wp:featuredmedia":[{"embeddable":true,"href":"https:\/\/www.aquilaguna.com\/index.php\/wp-json\/wp\/v2\/media\/7069"}],"wp:attachment":[{"href":"https:\/\/www.aquilaguna.com\/index.php\/wp-json\/wp\/v2\/media?parent=7068"}],"wp:term":[{"taxonomy":"category","embeddable":true,"href":"https:\/\/www.aquilaguna.com\/index.php\/wp-json\/wp\/v2\/categories?post=7068"},{"taxonomy":"post_tag","embeddable":true,"href":"https:\/\/www.aquilaguna.com\/index.php\/wp-json\/wp\/v2\/tags?post=7068"}],"curies":[{"name":"wp","href":"https:\/\/api.w.org\/{rel}","templated":true}]}}