{"id":7071,"date":"2022-02-09T20:02:39","date_gmt":"2022-02-10T02:02:39","guid":{"rendered":"https:\/\/www.aquilaguna.com\/?p=7071"},"modified":"2022-02-09T20:02:40","modified_gmt":"2022-02-10T02:02:40","slug":"bomberos-de-torreon-sofocan-incendio-al-interior-del-mercado-abastos","status":"publish","type":"post","link":"https:\/\/www.aquilaguna.com\/index.php\/2022\/02\/09\/bomberos-de-torreon-sofocan-incendio-al-interior-del-mercado-abastos\/","title":{"rendered":"Bomberos de Torre\u00f3n sofocan incendio al interior del mercado Abastos."},"content":{"rendered":"\n<p>Torre\u00f3n, Coahuila. A 09 de febrero de 2022.<\/p>\n\n\n\n<p>El cuerpo de bomberos del municipio de Torre\u00f3n sofoc\u00f3 un incendio registrado<br>este d\u00eda al interior del mercado Abastos en la colonia \u201cSanta Mar\u00eda\u201d, incidente en<br>el cual no se reportan personas lesionadas.<\/p>\n\n\n\n<p>La Direcci\u00f3n de Protecci\u00f3n Civil inform\u00f3 que fue a las 16:47 horas de este<br>mi\u00e9rcoles cuando se recibi\u00f3 el reporte del siniestro, por lo que, en un tiempo de<br>respuesta de cinco minutos, se trasladaron al lugar 3 maquinas de los elementos<br>de bomberos y cuatro unidades cisterna logrando controlar el incendio.<\/p>\n\n\n\n<p>El suceso se registr\u00f3 al interior de la bodega n\u00famero 55 del citado mercado, en la<br>cual se comercializan chiles secos de diferentes especies, donde el fuego<br>consumi\u00f3 los art\u00edculos que se encontraban al interior, por lo que el cuerpo de<br>bomberos realiz\u00f3 las maniobras pertinentes logrando que las llamas no se<br>extendieran a otros locales cercanos al evento.<\/p>\n\n\n\n<p>Al lugar se trasladaron las unidades 39, 35, 29, 36, 06, 32 y 24, adem\u00e1s del vag\u00f3n<br>de Protecci\u00f3n Civil, participando quince efectivos de Bomberos, tres de Protecci\u00f3n<br>Civil, adem\u00e1s de dos unidades de la Direcci\u00f3n de Vialidad para el apoyo del<br>abanderamiento del \u00e1rea, adem\u00e1s de personal de dos unidades de la Direcci\u00f3n de<br>Seguridad P\u00fablica Municipal para el resguardo del per\u00edmetro.<\/p>\n\n\n\n<p>El despliegue de unidades fue debido al tipo de lugar en el que ocurri\u00f3 el siniestro,<br>con la intenci\u00f3n de evitar que pudiera extenderse a otras \u00e1reas del mercado.<br>Hasta el momento se desconocen las causas que provocaron el incendio.<\/p>\n","protected":false},"excerpt":{"rendered":"<p>Torre\u00f3n, Coahuila. A 09 de febrero de 2022. El cuerpo de bomberos del municipio de Torre\u00f3n sofoc\u00f3 un incendio registradoeste d\u00eda al interior del mercado Abastos en la colonia \u201cSanta Mar\u00eda\u201d, incidente enel cual no se reportan personas lesionadas. La Direcci\u00f3n de Protecci\u00f3n Civil inform\u00f3 que fue a las 16:47 horas de estemi\u00e9rcoles cuando se recibi\u00f3 el reporte del siniestro, por lo que, en un tiempo derespuesta de cinco minutos,&#8230;<\/p>\n","protected":false},"author":1,"featured_media":7072,"comment_status":"closed","ping_status":"closed","sticky":false,"template":"","format":"standard","meta":{"footnotes":""},"categories":[5,28,54,7],"tags":[],"class_list":["post-7071","post","type-post","status-publish","format-standard","has-post-thumbnail","hentry","category-coahuila","category-la-laguna","category-proteccion-civil","category-torreon","wpcat-5-id","wpcat-28-id","wpcat-54-id","wpcat-7-id"],"_links":{"self":[{"href":"https:\/\/www.aquilaguna.com\/index.php\/wp-json\/wp\/v2\/posts\/7071","targetHints":{"allow":["GET"]}}],"collection":[{"href":"https:\/\/www.aquilaguna.com\/index.php\/wp-json\/wp\/v2\/posts"}],"about":[{"href":"https:\/\/www.aquilaguna.com\/index.php\/wp-json\/wp\/v2\/types\/post"}],"author":[{"embeddable":true,"href":"https:\/\/www.aquilaguna.com\/index.php\/wp-json\/wp\/v2\/users\/1"}],"replies":[{"embeddable":true,"href":"https:\/\/www.aquilaguna.com\/index.php\/wp-json\/wp\/v2\/comments?post=7071"}],"version-history":[{"count":1,"href":"https:\/\/www.aquilaguna.com\/index.php\/wp-json\/wp\/v2\/posts\/7071\/revisions"}],"predecessor-version":[{"id":7073,"href":"https:\/\/www.aquilaguna.com\/index.php\/wp-json\/wp\/v2\/posts\/7071\/revisions\/7073"}],"wp:featuredmedia":[{"embeddable":true,"href":"https:\/\/www.aquilaguna.com\/index.php\/wp-json\/wp\/v2\/media\/7072"}],"wp:attachment":[{"href":"https:\/\/www.aquilaguna.com\/index.php\/wp-json\/wp\/v2\/media?parent=7071"}],"wp:term":[{"taxonomy":"category","embeddable":true,"href":"https:\/\/www.aquilaguna.com\/index.php\/wp-json\/wp\/v2\/categories?post=7071"},{"taxonomy":"post_tag","embeddable":true,"href":"https:\/\/www.aquilaguna.com\/index.php\/wp-json\/wp\/v2\/tags?post=7071"}],"curies":[{"name":"wp","href":"https:\/\/api.w.org\/{rel}","templated":true}]}}