{"id":7083,"date":"2022-02-09T20:30:17","date_gmt":"2022-02-10T02:30:17","guid":{"rendered":"https:\/\/www.aquilaguna.com\/?p=7083"},"modified":"2022-02-09T20:30:32","modified_gmt":"2022-02-10T02:30:32","slug":"aqui-laguna-104","status":"publish","type":"post","link":"https:\/\/www.aquilaguna.com\/index.php\/2022\/02\/09\/aqui-laguna-104\/","title":{"rendered":"Aqu\u00ed Laguna."},"content":{"rendered":"\n<p>\u00a1Pero&nbsp; qu\u00e9&nbsp; necesidad!&nbsp; Y ah\u00ed&nbsp; tenemos ya a&nbsp; nuestro Presidente&nbsp; Andr\u00e9s Manuel L\u00f3pez Obrador, liado en otro pleito mas, ahora&nbsp; y de nueva cuenta con la&nbsp; madre patria, sacando de su ronco pecho casi at\u00e1vicos prejuicios&nbsp; generados en su muy pero muy particular&nbsp; visi\u00f3n de tal historia como el que lo incit\u00f3 a&nbsp; pedir a Espa\u00f1a las disculpas por los males, las penas y malos tratos que propinaron&nbsp; los conquistadores a nuestros pueblos originarios, all\u00e1 por el 1500, petici\u00f3n que es fecha, no ha merecido ni tan solo una linea&nbsp; como respuesta. Hoy, hoy desde el&nbsp; del tiempo en el que vive, lanza sin mas&nbsp; una consideraci\u00f3n no&nbsp; agotada por ning\u00fan canal diplom\u00e1tico &nbsp; como se estila &nbsp; en estos tiempos, de &#8220;poner&nbsp; en pa\u00eds&#8221; las relaciones entre nuestro pa\u00eds&nbsp; y Espa\u00f1a,  pausa&nbsp; en las&nbsp; relaciones que&nbsp; en los hecho no existe en la diplomacia, pero que si hace recordar, toda proporci\u00f3n guardada&nbsp; aquello &#8220;el cese temporal de la convivencia&#8221; con el cual eufem\u00edsticamente la Casa Real espa\u00f1ola&nbsp; anunci\u00f3 el&nbsp; inicio del fin del&nbsp; matrimonio de&nbsp; una de sus infantas. <\/p>\n\n\n\n<p>Tal suspensi\u00f3n de relaciones diplom\u00e1ticas no es ajena en la historia de las relaciones entre ambos pa\u00edses, toda&nbsp; vez que la ultima suspensi\u00f3n, que tuvo una duraci\u00f3n de 38 a\u00f1os, se registr\u00f3&nbsp; entre el gobierno&nbsp; que presidia el General L\u00e1zaro&nbsp; C\u00e1rdenas&nbsp; y el General\u00edsimo Francisco Zarco, todo&nbsp; por la&nbsp; acogida de los espa\u00f1oles que se refugiaron en M\u00e9xico, tras la derrota de quienes&nbsp; militaron en el bando republicano en la guerra civil que desangr\u00f3 a Espa\u00f1a. Hoy,&nbsp; los motivos&nbsp; que AMLO registra para anunciar -solo eso-,&nbsp; la posible&nbsp; suspender relaciones,&nbsp; se ubican en torno &nbsp; del tema de la corrupci\u00f3n, que con la que mantiene aut\u00e9ntica&nbsp; obsesi\u00f3n ret\u00f3rica &nbsp; nuestro&nbsp; Presidente, y en este caso &nbsp; ya en contra de un&nbsp; pa\u00eds, de un gobierno &nbsp; que mantiene en M\u00e9xico, adem\u00e1s de una larga relaci\u00f3n hist\u00f3rica, 76 mil millones de pesos en&nbsp; inversiones, en empresas tur\u00edsticas, bancarias y telef\u00f3nicas&nbsp; entre otras muchas mas, sin contar con las que tocan el \u00e1mbito cultural&nbsp; y educativo.<\/p>\n\n\n\n<p>Pero bueno, el tema&nbsp; ya est\u00e1 sobre la mesa y suma con los que corresponden a la satanizaci\u00f3n permanente de los periodistas inc\u00f3modos para su persona y r\u00e9gimen&nbsp; cual&nbsp; bola de nieve que crece y crece&nbsp; sin&nbsp; parar&#8230;<\/p>\n\n\n\n<p>Vaya y que bien, que este mismo d\u00eda, reportan como reaparecido, al controversial hoy ex legislador potosino &nbsp; Pedro C\u00e9sar Carrizalez Rivera &#8220;El Mijis&#8221;,&nbsp; luego de lanzarse alerta sobre su desaparici\u00f3n emitida por autoridades de su estado natal, San Luis Potos\u00ed, tal reporte sin mucho contenido&nbsp; fue hecho publico en las redes sociales del citado, sin mas explicaciones, al reportarse ya en su domicilio -que bien que as\u00ed haya sido-, toda vez que preocupante,&nbsp; que seg\u00fan reporte del Fiscal &nbsp; en Coahuila, Gerardo M\u00e1rquez se\u00f1alaba un hotel localizado&nbsp; en Saltillo Capital&nbsp; a su paso rumbo a la ciudad de Monterrey\u2026<\/p>\n\n\n\n<p>Y&nbsp; ya&nbsp; esclarece &nbsp; la segunda intenci\u00f3n que portaba el fallido cronista de la&nbsp; Cuarta Transformaci\u00f3n, y&nbsp; que no era otra que detectar a los&nbsp; indignados y desprotegidos&nbsp; miembros de&nbsp; MORENA, para unirlos&nbsp; a la causa que hoy encabeza al interior de tal movimiento partidista, bajo la bandera de la inconformidad sobre la forma como Mario Delgado y sus incondicionales ha impuesto el m\u00e9todo de la encuesta, para seleccionar a sus candidatos a alg\u00fan puesto de elecci\u00f3n popular bajo tales banderas,&nbsp; de que cu\u00e1ntos laguneros morenistas se unieron&nbsp; a este llamado&nbsp; aver\u00edguelo Vargas, pues en la capital del pa\u00eds, &nbsp; tal llamado no logr\u00f3 sumar mas de 3,000 asistentes de todo el pa\u00eds -seg\u00fan cr\u00f3nicas period\u00edsticas-,&nbsp; en concentraci\u00f3n realizada bajo la sombra del Angel, el de la Independencia claro, en donde sus participantes en su Primera Convenci\u00f3n Nacional Morenista,&nbsp; escucharon la narrativa que habr\u00e1 de nutrir&nbsp; este movimiento dentro del Movimiento de Regeneraci\u00f3n Nacional&nbsp; y que resulta que los temas, que constituyen su piedra de toque, son muy, pero muy similares sino que iguales a los esgrimidos all\u00e1 a finales de la d\u00e9cada de los a\u00f1os ochenta, por Cuauth\u00e9moc C\u00e1rdenas y Porfirio Mu\u00f1oz Ledo&nbsp; y dar paso a su Corriente Democr\u00e1tica, con la que &nbsp; se escindieron de su militancia priista, siendo estos temas,&nbsp; todos los relacionados&nbsp; con los m\u00e9todos de selecci\u00f3n de sus candidatos a cargos de elecci\u00f3n popular, que en el PRI&nbsp; se identificaba con&nbsp; &#8220;el dedazo&#8221;&nbsp; y &nbsp; hoy en MORENA&nbsp;con &nbsp; la  &#8220;encuesta&#8221;, en ese entonces los vicios eran en el PRI &nbsp; y hoy &nbsp; se repiten en&nbsp; MORENA, pues como tales se citan&nbsp; clientelismo, el corporativismo, etc., y claman por el respeto a los estatutos a&nbsp; que en la letra exigen trayectoria, \u00e9tica pol\u00edtica, y trayectoria en la lucha social que sea vinculante a la selecci\u00f3n final que se decida, evitando con ello el arribo de &#8220;Chapulines&#8221;, ser\u00e1 por ello que el discurso con el que Marina Vitela la&nbsp; casi segura candidata de MORENA al Gobierno de Durango, p\u00faes es la \u00fanica&nbsp; que alcanz\u00f3 tal condici\u00f3n&nbsp; y eso, en raz\u00f3n del cumplimiento de la equidad de g\u00e9nero,&nbsp; no dejo de referirse&nbsp; al tema de los &#8220;infiltrados&#8221; en sus filas y llen\u00f3 de&nbsp; referencias contra los &#8220;conservadores&#8221; que simulan ser morenistas&nbsp; &nbsp; y eso, que la&nbsp; cuasi candidata no se topa aun con las huestes de Do\u00f1a Leticia, &nbsp; la priista que finalmente fue convencida de ser candidata a la alcald\u00eda de G\u00f3mez Palacio, es decir, en&nbsp; terrenos que son la mera retaguardia de quien aspire a&nbsp; gobernar Durango, de ah\u00ed que se anticipa que Do\u00f1a Marina&nbsp; tendr\u00e1 que remontar tremendo escollo en su camino&#8230;<\/p>\n\n\n\n<p>Y en Torre\u00f3n al igual que en el resto de los municipios laguneros, se est\u00e1 en espera de que el plazo que la ley fija para verificar lo entregado a cada nueva administraci\u00f3n municipal por la que la precede llegue a su termino este mero d\u00eda 11 del presente&nbsp; y sobre todo, que se d\u00e9 a conocer a la poblaci\u00f3n, los resultados de la verificaci\u00f3n de lo dicho contra los hechos en esta materia y conocer as\u00ed en que terrenos est\u00e1n parados quienes inician la gesti\u00f3n gubernamental, pues versiones van y vienen en torno a n\u00famero de integrantes&nbsp; de la n\u00f3mina oficial, de cuantos aviadores fueron encontrados, cuantos basificaciones sindicales ese gestaron en los \u00faltimos meses y de las cuales, no son solo responsables los beneficiados sino tambi\u00e9n las dirigencias sindicales donde es un secreto a voces que&nbsp; hay negociaci\u00f3n econ\u00f3mica de por medio, &nbsp; as\u00ed como activos faltantes, bienes dados de baja o&nbsp; desaparecidos, etc., etc.<\/p>\n\n\n\n<p>En especial hay inter\u00e9s por la condici\u00f3n y t\u00e9cnica &nbsp; y financiera del Sistema&nbsp; Municipal de Aguas y Saneamiento&nbsp; de&nbsp; Torre\u00f3n,&nbsp; donde a la fecha y tras 40 d\u00edas de haber sido designado&nbsp; y tomado posesi\u00f3n de la principal y \u00fanica paramunicipal de Torre\u00f3n no ha dado cara al publico,  ya no para dar solo tales datos, sino tambi\u00e9n para conocer quienes son los&nbsp; nuevos titulares de las \u00e1reas t\u00e9cnicas de dicha empresa, toda vez que vez que mucho se dice de la jettatura&nbsp; que&nbsp; comanda Raymundo&nbsp; Rodr\u00edguez&nbsp; como su sempiterno titular, lapso de tiempo en el que se han fortalecido curiosas, por no decir sospechosas relaciones con quienes detentan hoy por hoy, el usufructo de las aguas tratadas&nbsp; en la controversial Planta Tratadora, as\u00ed como&nbsp; en que status&nbsp; jur\u00eddico se encuentra el enojoso litigio generado por la cancelaci\u00f3n&nbsp; del leonino contrato existente con la empresa concesionaria de tal servicio, que de paso ha costado ya millones de pesos solo en el pago de honorarios a los abogados litigantes, asunto que en los \u00faltimos cuatro a\u00f1os&nbsp; estuvo sumido en la oscuridad total, con todo y sus conspicuos integrantes de su Consejo de Administraci\u00f3n, constituido&nbsp; por otrora &nbsp; tenaces cr\u00edticos de la&nbsp; administraci\u00f3n que&nbsp; precedi\u00f3&nbsp; la anterior&#8230;<\/p>\n\n\n\n<p>En similares&nbsp;condiciones se encuentra, el Servicio Municipal de Agua y Saneamiento de la vecina poblaci\u00f3n de Matamoros, donde&nbsp; el mayor porcentaje de sus ingresos se agota en el pago de servicios personales, es decir de la n\u00f3mina,&nbsp; adem\u00e1s de que tal organismo&nbsp; enfrenta ya la exigencia&nbsp; correspondiente&nbsp; al pago de liquidaciones&nbsp; a numerosos&nbsp; trabajadores &nbsp; que fueran despedidos los primeros d\u00edas del presente a\u00f1o, no para adelgazar de modo alguno la nomina, sino para dar paso a los acomodos de personas &nbsp; a los que se les tenia mas que prometidos&nbsp; por los que est\u00e1n arribando a&nbsp; tal organismo. La verdad, es que&nbsp; mas se espera de Miguel Angel Ram\u00edrez&nbsp; L\u00f3pez, el alcalde, que si bien hace buena narrativa de los que ser\u00e1 su&nbsp; administraci\u00f3n,&nbsp; deber\u00e1 honrar&nbsp; con los hechos sus palabras, so pena de ser solo&nbsp; ret\u00f3rica en tan necesitado municipio&#8230;<\/p>\n\n\n\n<p>Y en tanto&nbsp; la err\u00e1tica trayectoria que registra&nbsp; el Covid-19 y sus variantes parece amainar sobre&nbsp; los contagios de la poblaci\u00f3n,&nbsp; y contar&nbsp; el tratamiento que pa\u00edses europeos&nbsp; aplican sobre la misma, no es momento aun en estas tierras, el bajar la guarida, pues tal parece que&nbsp; el clima que priva&nbsp; generado por el frente fr\u00edo 28 aumenta la sensaci\u00f3n, la percepci\u00f3n de que&nbsp; las condiciones no son&nbsp; las mejores para bajar la guardia \u00a1Cuid\u00e9monos pues y&nbsp; adelante!&nbsp;<\/p>\n","protected":false},"excerpt":{"rendered":"<p>\u00a1Pero&nbsp; qu\u00e9&nbsp; necesidad!&nbsp; Y ah\u00ed&nbsp; tenemos ya a&nbsp; nuestro Presidente&nbsp; Andr\u00e9s Manuel L\u00f3pez Obrador, liado en otro pleito mas, ahora&nbsp; y de nueva cuenta con la&nbsp; madre patria, sacando de su ronco pecho casi at\u00e1vicos prejuicios&nbsp; generados en su muy pero muy particular&nbsp; visi\u00f3n de tal historia como el que lo incit\u00f3 a&nbsp; pedir a Espa\u00f1a las disculpas por los males, las penas y malos tratos que propinaron&nbsp; los conquistadores&#8230;<\/p>\n","protected":false},"author":2,"featured_media":0,"comment_status":"closed","ping_status":"","sticky":false,"template":"","format":"standard","meta":{"footnotes":""},"categories":[8],"tags":[],"class_list":["post-7083","post","type-post","status-publish","format-standard","hentry","category-aqui-laguna","wpcat-8-id"],"_links":{"self":[{"href":"https:\/\/www.aquilaguna.com\/index.php\/wp-json\/wp\/v2\/posts\/7083","targetHints":{"allow":["GET"]}}],"collection":[{"href":"https:\/\/www.aquilaguna.com\/index.php\/wp-json\/wp\/v2\/posts"}],"about":[{"href":"https:\/\/www.aquilaguna.com\/index.php\/wp-json\/wp\/v2\/types\/post"}],"author":[{"embeddable":true,"href":"https:\/\/www.aquilaguna.com\/index.php\/wp-json\/wp\/v2\/users\/2"}],"replies":[{"embeddable":true,"href":"https:\/\/www.aquilaguna.com\/index.php\/wp-json\/wp\/v2\/comments?post=7083"}],"version-history":[{"count":2,"href":"https:\/\/www.aquilaguna.com\/index.php\/wp-json\/wp\/v2\/posts\/7083\/revisions"}],"predecessor-version":[{"id":7085,"href":"https:\/\/www.aquilaguna.com\/index.php\/wp-json\/wp\/v2\/posts\/7083\/revisions\/7085"}],"wp:attachment":[{"href":"https:\/\/www.aquilaguna.com\/index.php\/wp-json\/wp\/v2\/media?parent=7083"}],"wp:term":[{"taxonomy":"category","embeddable":true,"href":"https:\/\/www.aquilaguna.com\/index.php\/wp-json\/wp\/v2\/categories?post=7083"},{"taxonomy":"post_tag","embeddable":true,"href":"https:\/\/www.aquilaguna.com\/index.php\/wp-json\/wp\/v2\/tags?post=7083"}],"curies":[{"name":"wp","href":"https:\/\/api.w.org\/{rel}","templated":true}]}}