{"id":7132,"date":"2022-02-13T20:05:43","date_gmt":"2022-02-14T02:05:43","guid":{"rendered":"https:\/\/www.aquilaguna.com\/?p=7132"},"modified":"2022-02-13T20:05:43","modified_gmt":"2022-02-14T02:05:43","slug":"la-decena-tragica","status":"publish","type":"post","link":"https:\/\/www.aquilaguna.com\/index.php\/2022\/02\/13\/la-decena-tragica\/","title":{"rendered":"LA DECENA TR\u00c1GICA."},"content":{"rendered":"\n<p>Por Fernando Rangel de Le\u00f3n<\/p>\n\n\n\n<p>La Decena Tr\u00e1gica, empez\u00f3 el 9 de febrero de 1913, cuando las fuerzas conservadoras<br>vali\u00e9ndose de la prensa, de los articulistas, de la iniciativa privada, del embajador<br>norteamericano Henry Lane Wilson, y de otros sectores de poder, desataron actos de protesta<br>y de vandalismo, en contra del Presidente Francisco I. Madero, que provocaron un enorme<br>caos en la Ciudad de M\u00e9xico, al grado de que Madero, tuvo que recurrir a uno de los militares<br>de mano dura para poder imponer el orden y la tranquilidad que clamaba la poblaci\u00f3n<br>capitalina.<\/p>\n\n\n\n<p>Con algo de ingenuidad el Presidente Madero, nombr\u00f3 a Victoriano Huerta, jefe militar<br>en la capital para que por la fuerza volviera la paz en la capital; puesto que \u00e9ste aprovech\u00f3<br>para confabularse con el embajador yanqui Henry Lane Wilson, F\u00e9lix D\u00edaz (sobrino de Porfirio<br>D\u00edaz), y otros, para preparar un golpe de Estado, en contra del Presidente.<\/p>\n\n\n\n<p>El 19 de febrero de ese 1913, concluy\u00f3 la decena tr\u00e1gica con el encarcelamiento de<br>Madero y del vicepresidente Jos\u00e9 Mar\u00eda Pino y Su\u00e1rez; cont\u00e1ndose el chascarrillo de que<br>cuando le dicen a Madero \u201cest\u00e1 detenido \u00e9ste contesta: yo o Pino, y el soldado le precisa: los<br>dos, usted y Pino; y Madero a su vez le aclara que yo opino\u201d; tambi\u00e9n termina esta decena<br>tr\u00e1gica, con la renuncia de ellos dos obtenida con la amenaza de muerte de Huerta.<\/p>\n\n\n\n<p>Al quedar sin Presidente y vicepresidente, conforme a la Constituci\u00f3n de 1857, quien<br>ocupar\u00eda el cargo del primero ser\u00eda el secretario de Relaciones Exteriores, quien era Pedro<br>Lascurain, quien en sus solo 45 minutos de Presidente, tuvo dos acuerdos: nombrar a Huerta,<br>secretario de Gobernaci\u00f3n, y renunciar Lascurain a la Presidencia, con lo que<br>autom\u00e1ticamente Huerta, se convirti\u00f3 en Presidente de la Rep\u00fablica; por eso en una ocasi\u00f3n<br>en que el c\u00f3mico pol\u00edtico Jes\u00fas Mart\u00ednez \u201cPalillo\u201d, pregunt\u00f3 al auditorio que quien era el<br>Presidente de M\u00e9xico que hab\u00eda robado menos y alguien le dijo que Lascurain, porque solo lo<br>fue tres cuartos de hora, y \u00e9l dijo que no, que fue \u00c1lvaro Obreg\u00f3n, porque solo ten\u00eda una<br>mano.<\/p>\n\n\n\n<p>A eso es a lo que se le denomina golpe de Estado t\u00e9cnico, y que fue avalado por<br>distinguidos juristas, articulistas, intelectuales y escritores de la \u00e9poca, y aplaudido por los<br>conservadores y todos a los que la prensa hab\u00eda envenenado en contra de Madero.<\/p>\n\n\n\n<p>El Presidente Madero y el vicepresidente Pino Su\u00e1rez, fueron finalmente asesinados<br>por Huerta el 22 de febrero de 1913; lo que fue censurado por diputados como Serapio<br>Rend\u00f3n y senadores como Belisario Dom\u00ednguez, que desde su curul y desde su esca\u00f1o,<br>respectivamente, lanzaron un yo acuso a Huerta; lo que le cost\u00f3 la vida al \u00faltimo.<\/p>\n\n\n\n<p>Esto todo fue aprovechado por el gobernador de Coahuila, Venustiano Carranza, para<br>levantarse en armas contra Huerta el 26 de marzo de 1913, con el Plan de Guadalupe, lanzado<br>en la ex hacienda del mismo nombre en Ramos Arizpe, Coahuila, que inici\u00f3 la etapa<br>constitucionalista, que pretend\u00eda el cumplimiento de la Constituci\u00f3n de 1857; y que se vino<br>ganando gracias a Francisco Villa, a Emiliano Zapata y \u00c1lvaro Obreg\u00f3n, quienes<br>posteriormente se enfrentar\u00edan entre s\u00ed dando lugar a la etapa de lucha de facciones.<\/p>\n","protected":false},"excerpt":{"rendered":"<p>Por Fernando Rangel de Le\u00f3n La Decena Tr\u00e1gica, empez\u00f3 el 9 de febrero de 1913, cuando las fuerzas conservadorasvali\u00e9ndose de la prensa, de los articulistas, de la iniciativa privada, del embajadornorteamericano Henry Lane Wilson, y de otros sectores de poder, desataron actos de protestay de vandalismo, en contra del Presidente Francisco I. Madero, que provocaron un enormecaos en la Ciudad de M\u00e9xico, al grado de que Madero, tuvo que recurrir&#8230;<\/p>\n","protected":false},"author":1,"featured_media":0,"comment_status":"closed","ping_status":"closed","sticky":false,"template":"","format":"standard","meta":{"footnotes":""},"categories":[6],"tags":[],"class_list":["post-7132","post","type-post","status-publish","format-standard","hentry","category-fernando-rangel","wpcat-6-id"],"_links":{"self":[{"href":"https:\/\/www.aquilaguna.com\/index.php\/wp-json\/wp\/v2\/posts\/7132","targetHints":{"allow":["GET"]}}],"collection":[{"href":"https:\/\/www.aquilaguna.com\/index.php\/wp-json\/wp\/v2\/posts"}],"about":[{"href":"https:\/\/www.aquilaguna.com\/index.php\/wp-json\/wp\/v2\/types\/post"}],"author":[{"embeddable":true,"href":"https:\/\/www.aquilaguna.com\/index.php\/wp-json\/wp\/v2\/users\/1"}],"replies":[{"embeddable":true,"href":"https:\/\/www.aquilaguna.com\/index.php\/wp-json\/wp\/v2\/comments?post=7132"}],"version-history":[{"count":1,"href":"https:\/\/www.aquilaguna.com\/index.php\/wp-json\/wp\/v2\/posts\/7132\/revisions"}],"predecessor-version":[{"id":7133,"href":"https:\/\/www.aquilaguna.com\/index.php\/wp-json\/wp\/v2\/posts\/7132\/revisions\/7133"}],"wp:attachment":[{"href":"https:\/\/www.aquilaguna.com\/index.php\/wp-json\/wp\/v2\/media?parent=7132"}],"wp:term":[{"taxonomy":"category","embeddable":true,"href":"https:\/\/www.aquilaguna.com\/index.php\/wp-json\/wp\/v2\/categories?post=7132"},{"taxonomy":"post_tag","embeddable":true,"href":"https:\/\/www.aquilaguna.com\/index.php\/wp-json\/wp\/v2\/tags?post=7132"}],"curies":[{"name":"wp","href":"https:\/\/api.w.org\/{rel}","templated":true}]}}