{"id":7224,"date":"2022-02-17T17:15:03","date_gmt":"2022-02-17T23:15:03","guid":{"rendered":"https:\/\/www.aquilaguna.com\/?p=7224"},"modified":"2022-02-17T17:15:04","modified_gmt":"2022-02-17T23:15:04","slug":"cultura-coahuila-invita-a-la-exposicion-157-aniversario-del-decreto-de-la-separacion-de-coahuila-de-nuevo-leon-1864-el-triunfo-de-la-republica","status":"publish","type":"post","link":"https:\/\/www.aquilaguna.com\/index.php\/2022\/02\/17\/cultura-coahuila-invita-a-la-exposicion-157-aniversario-del-decreto-de-la-separacion-de-coahuila-de-nuevo-leon-1864-el-triunfo-de-la-republica\/","title":{"rendered":"CULTURA COAHUILA INVITA A LA EXPOSICI\u00d3N \u2018157 ANIVERSARIO DEL DECRETO DE LA SEPARACI\u00d3N DE COAHUILA DE NUEVO LE\u00d3N (1864, EL TRIUNFO DE LA REP\u00daBLICA)\u2019."},"content":{"rendered":"\n<p>Saltillo, Coahuila de Zaragoza; a 17 de Febrero de 2022-La Direcci\u00f3n General de Historia, Museos y Patrimonio Cultural de la Secretar\u00eda de Cultura de Coahuila invita al p\u00fablico a disfrutar la exposici\u00f3n \u201c157 Aniversario del Decreto de la Separaci\u00f3n de Coahuila de Nuevo Le\u00f3n (1864, El Triunfo de la Rep\u00fablica)\u201d.<\/p>\n\n\n\n<p>A trav\u00e9s de esta exposici\u00f3n se acerca a los visitantes a conocer m\u00e1s a fondo este hecho hist\u00f3rico, en el que mediante un Decreto del 26 de Febrero de 1864, a su&nbsp; regreso a Saltillo el presidente Benito Ju\u00e1rez expide y en el que separa a Coahuila de Nuevo Le\u00f3n y nombra Gobernador y Jefe Militar de esta entidad a Andr\u00e9s S. Viesca.<\/p>\n\n\n\n<p>Lo anterior sucedi\u00f3 debido a que desde el d\u00eda 9 de enero de 1864, Ju\u00e1rez hab\u00eda llegado a Saltillo perseguido de cerca por los imperialistas.<\/p>\n\n\n\n<p>Ah\u00ed, los saltillenses le pidieron la independencia de Coahuila, pero a\u00fan ten\u00eda esperanza de llegar a un arreglo con Santiago Vidaurri, Gobernador de Nuevo Le\u00f3n y Coahuila.<\/p>\n\n\n\n<p>Al efecto, viaj\u00f3 a Monterrey para entrevistarse con \u00e9l, pero a diferencia de lo que hubiera querido, fue recibido con hostilidad y despojado de los ca\u00f1ones que llevaba el regimiento de su escolta.<\/p>\n\n\n\n<p>Entonces decidi\u00f3 no seguir soportando sus excesos en aras de una unidad imposible, y por ello decret\u00f3 esta separaci\u00f3n.<\/p>\n\n\n\n<p>Esta interesante exposici\u00f3n cuenta con c\u00e9dulas tem\u00e1ticas, objetos hist\u00f3ricos de la \u00e9poca y fotograf\u00edas, entre otros objetos, y se encuentra en las instalaciones del Museo del Normal\u00edsimo, ubicado en Calz. de los Maestros 836, Zona Centro, 25000 Saltillo, y estar\u00e1 hasta el pr\u00f3ximo 27 de febrero en un horario de las 11:00 a las 17:00 horas, de jueves a domingo.<\/p>\n","protected":false},"excerpt":{"rendered":"<p>Saltillo, Coahuila de Zaragoza; a 17 de Febrero de 2022-La Direcci\u00f3n General de Historia, Museos y Patrimonio Cultural de la Secretar\u00eda de Cultura de Coahuila invita al p\u00fablico a disfrutar la exposici\u00f3n \u201c157 Aniversario del Decreto de la Separaci\u00f3n de Coahuila de Nuevo Le\u00f3n (1864, El Triunfo de la Rep\u00fablica)\u201d. A trav\u00e9s de esta exposici\u00f3n se acerca a los visitantes a conocer m\u00e1s a fondo este hecho hist\u00f3rico, en el&#8230;<\/p>\n","protected":false},"author":1,"featured_media":7225,"comment_status":"closed","ping_status":"closed","sticky":false,"template":"","format":"standard","meta":{"footnotes":""},"categories":[5,12,15],"tags":[],"class_list":["post-7224","post","type-post","status-publish","format-standard","has-post-thumbnail","hentry","category-coahuila","category-cultura","category-gobierno-de-coahuila","wpcat-5-id","wpcat-12-id","wpcat-15-id"],"_links":{"self":[{"href":"https:\/\/www.aquilaguna.com\/index.php\/wp-json\/wp\/v2\/posts\/7224","targetHints":{"allow":["GET"]}}],"collection":[{"href":"https:\/\/www.aquilaguna.com\/index.php\/wp-json\/wp\/v2\/posts"}],"about":[{"href":"https:\/\/www.aquilaguna.com\/index.php\/wp-json\/wp\/v2\/types\/post"}],"author":[{"embeddable":true,"href":"https:\/\/www.aquilaguna.com\/index.php\/wp-json\/wp\/v2\/users\/1"}],"replies":[{"embeddable":true,"href":"https:\/\/www.aquilaguna.com\/index.php\/wp-json\/wp\/v2\/comments?post=7224"}],"version-history":[{"count":1,"href":"https:\/\/www.aquilaguna.com\/index.php\/wp-json\/wp\/v2\/posts\/7224\/revisions"}],"predecessor-version":[{"id":7226,"href":"https:\/\/www.aquilaguna.com\/index.php\/wp-json\/wp\/v2\/posts\/7224\/revisions\/7226"}],"wp:featuredmedia":[{"embeddable":true,"href":"https:\/\/www.aquilaguna.com\/index.php\/wp-json\/wp\/v2\/media\/7225"}],"wp:attachment":[{"href":"https:\/\/www.aquilaguna.com\/index.php\/wp-json\/wp\/v2\/media?parent=7224"}],"wp:term":[{"taxonomy":"category","embeddable":true,"href":"https:\/\/www.aquilaguna.com\/index.php\/wp-json\/wp\/v2\/categories?post=7224"},{"taxonomy":"post_tag","embeddable":true,"href":"https:\/\/www.aquilaguna.com\/index.php\/wp-json\/wp\/v2\/tags?post=7224"}],"curies":[{"name":"wp","href":"https:\/\/api.w.org\/{rel}","templated":true}]}}