{"id":7227,"date":"2022-02-17T17:17:04","date_gmt":"2022-02-17T23:17:04","guid":{"rendered":"https:\/\/www.aquilaguna.com\/?p=7227"},"modified":"2022-02-17T17:17:05","modified_gmt":"2022-02-17T23:17:05","slug":"concluye-primer-curso-de-capacitacion-para-motociclistas-de-aplicaciones-digitales","status":"publish","type":"post","link":"https:\/\/www.aquilaguna.com\/index.php\/2022\/02\/17\/concluye-primer-curso-de-capacitacion-para-motociclistas-de-aplicaciones-digitales\/","title":{"rendered":"Concluye primer curso de capacitaci\u00f3n para motociclistas de aplicaciones digitales ."},"content":{"rendered":"\n<p>Torre\u00f3n, Coahuila. A 17 de febrero de 2022.<\/p>\n\n\n\n<p>El alcalde Rom\u00e1n Alberto Cepeda clausur\u00f3 el primer curso de capacitaci\u00f3n y<br>certificaci\u00f3n para motociclistas de aplicaciones (APPS), que busca disminuir el<br>riesgo de accidentes y darles las herramientas para un manejo seguro, y promover<br>una cultura de respeto entre los automovilistas.<\/p>\n\n\n\n<p>El alcalde de Torre\u00f3n, Rom\u00e1n Alberto Cepeda se\u00f1al\u00f3 que el primer grupo de<br>motociclistas repartidores de aplicaciones estuvo integrado por 17 personas, pero<br>en total se busca que sean 700 quienes reciban la certificaci\u00f3n.<\/p>\n\n\n\n<p>Se\u00f1al\u00f3 que los repartidores son parte fundamental de la econom\u00eda de la ciudad,<br>por lo que al igual que cualquier persona que desempe\u00f1e una actividad laboral, es<br>importante que se sientan seguros.<\/p>\n\n\n\n<p>El curso fue impartido en la Escuela de Educaci\u00f3n Vial \u201cCarlos de la Cueva\u201d, con<br>el apoyo del Club Rotario Torre\u00f3n Campestre.<\/p>\n\n\n\n<p>El Director General de Vialidad y Movilidad Urbana, Luis Morales Cortes,<br>mencion\u00f3 que el proyecto surge a ra\u00edz de un accidente de un motociclista<br>registrado en el mes de enero, por lo que, contando con el aval del Consejo<br>Consultivo de Vialidad, se implementaron los mecanismos para impartir el curso<br>de capacitaci\u00f3n el cual consta de 8 horas y cuenta con la certificaci\u00f3n del ICATEC.<\/p>\n\n\n\n<p>Cutberto Fr\u00edas G\u00f3mez, Presidente del Club Rotario Torre\u00f3n Campestre, indic\u00f3 que<br>las capacitaciones como la que hoy concluye son trascendentales por los<br>momentos que se viven actualmente en la regi\u00f3n, mencion\u00f3 que en la Escuela de<br>Educaci\u00f3n Vial \u201cCarlos de la Cueva\u201d han pasado muchas generaciones de ni\u00f1os y<br>j\u00f3venes que hoy est\u00e1n al volante, quienes recibieron capacitaci\u00f3n con el objetivo<br>de evitar accidentes.<\/p>\n\n\n\n<p>Dijo que el curso impartido a repartidores de aplicaciones son acciones concretas<br>que marcan un rumbo espec\u00edfico en lo que tiene que ver con la seguridad vial.<\/p>\n\n\n\n<p>Parte de los temas impartidos en el curso son reglamentaci\u00f3n; obligaciones,<br>derechos y prohibiciones, estad\u00edsticas de hechos de tr\u00e1nsito, dispositivos de<br>seguridad, factores de riesgo y conducci\u00f3n segura.<\/p>\n\n\n\n<p>El evento fue presidido por el alcalde de Torre\u00f3n Rom\u00e1n Alberto Cepeda<br>acompa\u00f1ado por el Regidor Presidente de la Comisi\u00f3n de Movilidad y Seguridad<br>Vial, Enrique Sarmiento \u00c1lvarez; el Presidente del Club Rotario Torre\u00f3n<br>Campestre, Cutberto Fr\u00edas G\u00f3mez; representante de motociclistas, Carlos Fabian<br>Banda; el Director de Vialidad y Movilidad Urbana, Luis Alberto Morales Cortes; el<br>Director del ICATEC Jorge Casta\u00f1o Orozco; el encargado de la Escuela de<br>Educaci\u00f3n Vial, Obed de los Santos Originales.<\/p>\n","protected":false},"excerpt":{"rendered":"<p>Torre\u00f3n, Coahuila. A 17 de febrero de 2022. El alcalde Rom\u00e1n Alberto Cepeda clausur\u00f3 el primer curso de capacitaci\u00f3n ycertificaci\u00f3n para motociclistas de aplicaciones (APPS), que busca disminuir elriesgo de accidentes y darles las herramientas para un manejo seguro, y promoveruna cultura de respeto entre los automovilistas. El alcalde de Torre\u00f3n, Rom\u00e1n Alberto Cepeda se\u00f1al\u00f3 que el primer grupo demotociclistas repartidores de aplicaciones estuvo integrado por 17 personas, peroen total&#8230;<\/p>\n","protected":false},"author":1,"featured_media":7228,"comment_status":"closed","ping_status":"closed","sticky":false,"template":"","format":"standard","meta":{"footnotes":""},"categories":[5,28,7],"tags":[],"class_list":["post-7227","post","type-post","status-publish","format-standard","has-post-thumbnail","hentry","category-coahuila","category-la-laguna","category-torreon","wpcat-5-id","wpcat-28-id","wpcat-7-id"],"_links":{"self":[{"href":"https:\/\/www.aquilaguna.com\/index.php\/wp-json\/wp\/v2\/posts\/7227","targetHints":{"allow":["GET"]}}],"collection":[{"href":"https:\/\/www.aquilaguna.com\/index.php\/wp-json\/wp\/v2\/posts"}],"about":[{"href":"https:\/\/www.aquilaguna.com\/index.php\/wp-json\/wp\/v2\/types\/post"}],"author":[{"embeddable":true,"href":"https:\/\/www.aquilaguna.com\/index.php\/wp-json\/wp\/v2\/users\/1"}],"replies":[{"embeddable":true,"href":"https:\/\/www.aquilaguna.com\/index.php\/wp-json\/wp\/v2\/comments?post=7227"}],"version-history":[{"count":1,"href":"https:\/\/www.aquilaguna.com\/index.php\/wp-json\/wp\/v2\/posts\/7227\/revisions"}],"predecessor-version":[{"id":7229,"href":"https:\/\/www.aquilaguna.com\/index.php\/wp-json\/wp\/v2\/posts\/7227\/revisions\/7229"}],"wp:featuredmedia":[{"embeddable":true,"href":"https:\/\/www.aquilaguna.com\/index.php\/wp-json\/wp\/v2\/media\/7228"}],"wp:attachment":[{"href":"https:\/\/www.aquilaguna.com\/index.php\/wp-json\/wp\/v2\/media?parent=7227"}],"wp:term":[{"taxonomy":"category","embeddable":true,"href":"https:\/\/www.aquilaguna.com\/index.php\/wp-json\/wp\/v2\/categories?post=7227"},{"taxonomy":"post_tag","embeddable":true,"href":"https:\/\/www.aquilaguna.com\/index.php\/wp-json\/wp\/v2\/tags?post=7227"}],"curies":[{"name":"wp","href":"https:\/\/api.w.org\/{rel}","templated":true}]}}