{"id":7270,"date":"2022-02-21T18:36:11","date_gmt":"2022-02-22T00:36:11","guid":{"rendered":"https:\/\/www.aquilaguna.com\/?p=7270"},"modified":"2022-02-21T18:36:11","modified_gmt":"2022-02-22T00:36:11","slug":"direccion-de-comunicacion-gubernamental-presenta-programa-de-trabajo-ante-comision","status":"publish","type":"post","link":"https:\/\/www.aquilaguna.com\/index.php\/2022\/02\/21\/direccion-de-comunicacion-gubernamental-presenta-programa-de-trabajo-ante-comision\/","title":{"rendered":"Direcci\u00f3n de Comunicaci\u00f3n Gubernamental presenta programa de trabajo ante Comisi\u00f3n."},"content":{"rendered":"\n<p>Torre\u00f3n, Coahuila 21 de febrero de 2022.<\/p>\n\n\n\n<p>Esta ma\u00f1ana, se llev\u00f3 a cabo la presentaci\u00f3n ante la Primera Sesi\u00f3n de la<br>Comisi\u00f3n de Comunicaci\u00f3n, de Guillermo Sari\u00f1ana Siller, titular de la Direcci\u00f3n<br>General de Comunicaci\u00f3n Gubernamental, el cual inform\u00f3 sobre su plan de trabajo<br>y las estrategias a ejercer en esta Administraci\u00f3n.<\/p>\n\n\n\n<p>El director mencion\u00f3 que la ejecuci\u00f3n del plan de gobierno debe ir acompa\u00f1ado<br>permanentemente por una estrategia de comunicaci\u00f3n moderna, adaptada a las<br>nuevas modalidades de difusi\u00f3n, debe ser efectiva, homog\u00e9nea y masiva.<\/p>\n\n\n\n<p>Sari\u00f1ana Siller, dijo que el Ayuntamiento adem\u00e1s de ser un buen equipo en<br>acci\u00f3n, debe ser un excelente comunicador, el cual sabe escuchar, tener empat\u00eda,<br>ser amable y otorgar confianza a la ciudadan\u00eda.<\/p>\n\n\n\n<p>Report\u00f3 el alcance en las redes sociales, el cual registra un crecimiento de<br>1,200% en siete d\u00edas; las interacciones 807% y 828 nuevos \u201cme gusta\u201d, en la<br>plataforma de Facebook. Por otra parte, Instagram, se lleg\u00f3 a un 85% m\u00e1s de<br>cuentas en los \u00faltimos d\u00edas, lo cual destaca que las cifras de seguidores van en<br>aumento.<\/p>\n\n\n\n<p>Adem\u00e1s, dijo que se trabaja de manera coordinada con las direcciones prensa,<br>monitoreo y redes, las cuales, en equipo, buscan tener una comunicaci\u00f3n eficaz,<br>otorgando a la ciudadan\u00eda la informaci\u00f3n veraz y sencilla acerca de las actividades<br>que realiza la administraci\u00f3n, creando confianza y soluci\u00f3n inmediata a sus dudas,<br>quejas y denuncias.<\/p>\n\n\n\n<p>A la actividad, asistieron la presidenta de la Comisi\u00f3n, Karla Liliana Centeno F\u00e9lix<br>y los regidores, Jes\u00fas Javier G\u00f3mez Ledezma, Luis Jorge Cuerda Serna, Omar<br>Morales Rodr\u00edguez, Elba Leticia de Alba Galarza, Alma Lucina Fong M\u00e9lendez y<br>Cristian Manuel L\u00f3pez Ch\u00e1vez.<\/p>\n","protected":false},"excerpt":{"rendered":"<p>Torre\u00f3n, Coahuila 21 de febrero de 2022. Esta ma\u00f1ana, se llev\u00f3 a cabo la presentaci\u00f3n ante la Primera Sesi\u00f3n de laComisi\u00f3n de Comunicaci\u00f3n, de Guillermo Sari\u00f1ana Siller, titular de la Direcci\u00f3nGeneral de Comunicaci\u00f3n Gubernamental, el cual inform\u00f3 sobre su plan de trabajoy las estrategias a ejercer en esta Administraci\u00f3n. El director mencion\u00f3 que la ejecuci\u00f3n del plan de gobierno debe ir acompa\u00f1adopermanentemente por una estrategia de comunicaci\u00f3n moderna, adaptada a&#8230;<\/p>\n","protected":false},"author":1,"featured_media":7271,"comment_status":"closed","ping_status":"closed","sticky":false,"template":"","format":"standard","meta":{"footnotes":""},"categories":[5,28,7],"tags":[],"class_list":["post-7270","post","type-post","status-publish","format-standard","has-post-thumbnail","hentry","category-coahuila","category-la-laguna","category-torreon","wpcat-5-id","wpcat-28-id","wpcat-7-id"],"_links":{"self":[{"href":"https:\/\/www.aquilaguna.com\/index.php\/wp-json\/wp\/v2\/posts\/7270","targetHints":{"allow":["GET"]}}],"collection":[{"href":"https:\/\/www.aquilaguna.com\/index.php\/wp-json\/wp\/v2\/posts"}],"about":[{"href":"https:\/\/www.aquilaguna.com\/index.php\/wp-json\/wp\/v2\/types\/post"}],"author":[{"embeddable":true,"href":"https:\/\/www.aquilaguna.com\/index.php\/wp-json\/wp\/v2\/users\/1"}],"replies":[{"embeddable":true,"href":"https:\/\/www.aquilaguna.com\/index.php\/wp-json\/wp\/v2\/comments?post=7270"}],"version-history":[{"count":1,"href":"https:\/\/www.aquilaguna.com\/index.php\/wp-json\/wp\/v2\/posts\/7270\/revisions"}],"predecessor-version":[{"id":7272,"href":"https:\/\/www.aquilaguna.com\/index.php\/wp-json\/wp\/v2\/posts\/7270\/revisions\/7272"}],"wp:featuredmedia":[{"embeddable":true,"href":"https:\/\/www.aquilaguna.com\/index.php\/wp-json\/wp\/v2\/media\/7271"}],"wp:attachment":[{"href":"https:\/\/www.aquilaguna.com\/index.php\/wp-json\/wp\/v2\/media?parent=7270"}],"wp:term":[{"taxonomy":"category","embeddable":true,"href":"https:\/\/www.aquilaguna.com\/index.php\/wp-json\/wp\/v2\/categories?post=7270"},{"taxonomy":"post_tag","embeddable":true,"href":"https:\/\/www.aquilaguna.com\/index.php\/wp-json\/wp\/v2\/tags?post=7270"}],"curies":[{"name":"wp","href":"https:\/\/api.w.org\/{rel}","templated":true}]}}