{"id":7302,"date":"2022-02-22T17:34:09","date_gmt":"2022-02-22T23:34:09","guid":{"rendered":"https:\/\/www.aquilaguna.com\/?p=7302"},"modified":"2022-02-22T17:34:09","modified_gmt":"2022-02-22T23:34:09","slug":"presenta-rector-de-la-uadec-salvador-hernandez-velez-primer-informe-de-actividades","status":"publish","type":"post","link":"https:\/\/www.aquilaguna.com\/index.php\/2022\/02\/22\/presenta-rector-de-la-uadec-salvador-hernandez-velez-primer-informe-de-actividades\/","title":{"rendered":"Presenta Rector de la UAdeC, Salvador Hern\u00e1ndez V\u00e9lez, Primer Informe de Actividades."},"content":{"rendered":"\n<p>ARTEAGA, Coahuila. 22 de febrero de 2022. Ante la comunidad universitaria y<br>sociedad en general, el rector de la Universidad Aut\u00f3noma de Coahuila, Salvador<br>Hern\u00e1ndez V\u00e9lez, present\u00f3 el primer informe de actividades de su segundo<br>periodo en el Centro Cultural Universitario del Campus Arteaga.<\/p>\n\n\n\n<p>Como testigo de honor, asisti\u00f3 el gobernador del estado, Miguel \u00c1ngel Riquelme<br>Sol\u00eds, Eduardo Olmos Castro, presidente de la junta de Gobierno del estado de<br>Coahuila, en representaci\u00f3n de Miguel Mery Ayup, magistrado presidente del<br>Tribunal Superior de Justicia del Estado asisti\u00f3 la magistrada Mar\u00eda Luisa Valencia<br>Garc\u00eda, presidenta de la Sala Colegiada Penal.<\/p>\n\n\n\n<p>Adem\u00e1s, estuvieron presentes los alcaldes de los municipios donde la universidad<br>tiene presencia en el estado de Coahuila, representantes del sector productivo,<br>gubernamental, coordinadores, directores y alumnos de la m\u00e1xima casa de<br>estudios.<\/p>\n\n\n\n<p>Cabe destacar que el informe del rector fue presentado el pasado 17 de febrero de<br>2022, ante el Pleno del Consejo Universitario, el cual fue aprobado por mayor\u00eda<br>por las y los representantes del m\u00e1ximo \u00f3rgano de la casa de estudios.<\/p>\n\n\n\n<p>En su mensaje el gobernador del estado Miguel \u00c1ngel Riquelme Sol\u00eds, afirm\u00f3 que<br>la Universidad Aut\u00f3noma de Coahuila se confirma como una s\u00f3lida y fuerte<br>columna del desarrollo, crecimiento y prosperidad de la sociedad, ya que es<br>generadora de conocimientos y fuente transmisora de valores y, sobre todo,<br>impulsora de coahuilenses capaces de integrarse con \u00e9xito al mundo productivo y<br>ser agentes actuantes de los profundos cambios que vive el estado.<\/p>\n\n\n\n<p>\u201cMi felicitaci\u00f3n a toda la comunidad universitaria por avanzar con rumbo y sin<br>interrupci\u00f3n en el cumplimiento de sus fines sustantivos en tiempos muy dif\u00edciles y<br>de grandes retos; en la pandemia la Aut\u00f3noma de Coahuila demostr\u00f3 una vez m\u00e1s<br>su alto compromiso por dar continuidad a todos los programas educativos y ser<br>part\u00edcipe de las estrategias institucionales destinadas a afrontar la adversidad, en<br>ning\u00fan momento la instituci\u00f3n ha detenido el quehacer acad\u00e9mico de investigaci\u00f3n<br>y de extensi\u00f3n de los servicios\u201d, expres\u00f3 el gobernador.<\/p>\n\n\n\n<p>Destac\u00f3 la fase de consolidaci\u00f3n y crecimiento de la UAdeC tanto a nivel<br>geogr\u00e1fico como en opciones educativas y la incorporaci\u00f3n de las tecnolog\u00edas de<br>vanguardia a la ense\u00f1anza en el retorno a clases, que ha llevado a cabo con orden y de manera gradual, es clara la muestra de las acciones efectivas de<br>planeaci\u00f3n y operaci\u00f3n que tiene la m\u00e1xima casa de estudios.<\/p>\n\n\n\n<p>Reiter\u00f3 su apoyo y el de su equipo de trabajo para gestionar sin descanso el justo<br>presupuesto y continuar luchando para que esta Universidad reciba lo que le<br>corresponde y lo que merece, \u201crefrendo la convicci\u00f3n de mi gobierno por el pleno<br>respeto a la autonom\u00eda institucional, con este principio, siempre vamos a defender<br>la libertad del leg\u00edtimo derecho de las y los universitarios a construir y participar en<br>procesos democr\u00e1ticos internos en marcos de legalidad justicia y transparencia\u201d,<br>se\u00f1al\u00f3 Riquelme Sol\u00eds.<\/p>\n\n\n\n<p>En su informe el rector Salvador Hern\u00e1ndez V\u00e9lez, destac\u00f3 los principales logros<br>que a lo largo de este 2021 se ha registrado en distintos rubros, y que han sido<br>posibles gracias al esfuerzo conjunto de los universitarios, por reinventarse ante la<br>pandemia y ante la falta de recursos hoy la UAdeC es l\u00edder en lo acad\u00e9mico,<br>deportivo, y en la generaci\u00f3n del conocimiento.<\/p>\n\n\n\n<p>En la preparaci\u00f3n de docentes e investigadores para apuntalar al Modelo<br>Educativo de la reciente Reforma Acad\u00e9mica Universitaria, se cuenta con una<br>preparada planta docente: el 89 por ciento de los profesores de tiempo completo<br>cuentan con posgrado, el 46 tiene doctorado, el 54 cuenta con perfil deseable de<br>PRODEP, el 50 por ciento forma parte de un cuerpo acad\u00e9mico consolidado y el<br>26 est\u00e1 en el Sistema Nacional de Investigadores (SNI).<\/p>\n\n\n\n<p>Para reconocer este esfuerzo de las y los maestros, cada a\u00f1o se entrega un<br>Est\u00edmulo a la Carrera Docente, que en 2021 distribuy\u00f3 36 millones entre 450<br>profesores; el incremento de investigadores del SNI pas\u00f3 en 2018 de 180 y en la<br>actualidad son 283.<\/p>\n\n\n\n<p>Una planta docente mejor preparada se ha traducido tambi\u00e9n en m\u00e1s<br>investigaci\u00f3n al servicio de la sociedad, con 475 proyectos vigentes, en la<br>obtenci\u00f3n de m\u00e1s de 28 millones de pesos para proyectos, en el registro de 13<br>nuevas patentes, en la publicaci\u00f3n de 46 libros y m\u00e1s de 360 art\u00edculos en revistas<br>internacionales indexadas, adem\u00e1s de que dos de nuestras revistas CienciaCierta<br>y Equilibrio Econ\u00f3mico, lograron ingresar a m\u00e1s \u00edndices.<\/p>\n\n\n\n<p>Para la continuaci\u00f3n del trabajo universitario, se realiz\u00f3 el examen de admisi\u00f3n en<br>l\u00ednea, adem\u00e1s reuniones y eventos acad\u00e9micos se desarrollan en l\u00ednea o de forma<br>h\u00edbrida, incluidas las reuniones del Consejo Universitario.<\/p>\n\n\n\n<p>La mayor parte de los tr\u00e1mites ya son digitales, 295 procesos electorales incluidos<br>el de Rector y Coordinador de Unidad Saltillo, de los cuales 235 fueron 100 por<br>ciento en l\u00ednea, 31 h\u00edbridos y 29 presenciales, gracias al sistema de voto remoto<br>que desarroll\u00f3 la Facultad de Sistemas y tambi\u00e9n se contribuy\u00f3 a la generaci\u00f3n de<br>conocimiento sobre la pandemia con 39 proyectos de investigaci\u00f3n en curso.<\/p>\n\n\n\n<p>\u201cAnte la pandemia nos sumamos al esfuerzo del Gobernador Miguel \u00c1ngel<br>Riquelme Sol\u00eds, para reanudar las actividades, por ende, nos dimos a la tarea de<br>regresar a las aulas con todas las medidas de seguridad y hoy el 71 por ciento de<br>la matr\u00edcula se encuentra en actividades presenciales\u201d, dijo.<\/p>\n\n\n\n<p>La Universidad est\u00e1 al servicio de la sociedad, prueba de ello las instalaciones<br>universitarias se abrieron para que toda la poblaci\u00f3n fuera vacunada y se<br>recibieron a 466 mil 636 personas, se prestaron los ultra congeladores para<br>almacenar vacunas y mil 171 estudiantes y 84 docentes del \u00e1rea de la salud<br>fueron voluntarios en la aplicaci\u00f3n de las mismas.<\/p>\n\n\n\n<p>A la fecha se han abierto aproximadamente de mil 700 nuevos espacios para<br>estudiantes, por ello, ha crecido el porcentaje de alumnos que son aceptados en el<br>examen de admisi\u00f3n; 26 mil de ellos que representan el 68 por ciento del total de<br>la matr\u00edcula, ingres\u00f3 a la Universidad en tiempos de pandemia, por lo que urge el<br>retorno a actividades presenciales para darles una experiencia educativa m\u00e1s<br>completa, afirm\u00f3 el Rector.<\/p>\n\n\n\n<p>En la UAdeC se cuenta con 162 programas acad\u00e9micos, de los cuales siete fueron<br>puestos en marcha en el \u00faltimo a\u00f1o y adem\u00e1s cuatro nuevas opciones de<br>licenciaturas en l\u00ednea; de ellos, 53 programas de licenciatura est\u00e1n certificados por<br>su calidad ante CIEES o COPAES, 22 posgrados forman parte del Padr\u00f3n<br>Nacional de Posgrados de Calidad y obtuvimos dos nuevas acreditaciones<br>internacionales, para la Escuela de Bachilleres Dr. Mariano Narv\u00e1ez Gonz\u00e1lez y<br>para el programa de Ingenier\u00eda en Bioqu\u00edmica de la Facultad de Ciencias<br>Biol\u00f3gicas.<\/p>\n\n\n\n<p>\u201cLas y los estudiantes son nuestra prioridad, por ello, hemos otorgado y<br>gestionado becas para m\u00e1s de 14 mil estudiantes, que representan el 38 por<br>ciento de la matr\u00edcula, con una inversi\u00f3n de 110 millones de pesos, adem\u00e1s a 12<br>mil estudiantes se le brind\u00f3 este a\u00f1o su cr\u00e9dito a la inscripci\u00f3n\u201d, dijo.<\/p>\n\n\n\n<p>Es importante tener pol\u00edticas proactivas que propicien la igualdad de g\u00e9nero y que<br>erradiquen la violencia contra las mismas, por ello se ha impulsado la Comisi\u00f3n de<br>G\u00e9nero del Consejo Universitario, una nueva reforma al Protocolo Universitario producto de una serie de foros en los que participaron 300 estudiantes; adem\u00e1s,<br>se ha resuelto 133 por ciento m\u00e1s de denuncias que el a\u00f1o pasado, juzgando con<br>perspectiva de g\u00e9nero y se han capacitado a m\u00e1s de 7 mil estudiantes en la<br>materia.<\/p>\n\n\n\n<p>En el rubro deportivo, somos una potencia nacional en materia deportiva, ya que<br>los Lobos deportistas de la UAdeC obtuvieron 43 medallas en los Campeonatos<br>Nacionales Universitarios 2021 que organiza la CONDDE, 11 de oro, 15 de plata y<br>17 de bronce, lo que permite ubicarnos en el quinto sitio del medallero nacional.<br>Adem\u00e1s, por octava ocasi\u00f3n conquistamos el campeonato de f\u00fatbol americano de<br>la Liga Mayor de la ONEFA y por primera vez el campeonato nacional de<br>b\u00e1squetbol. Estos resultados se dieron gracias a que fuimos la primera<br>universidad p\u00fablica del pa\u00eds en volver a entrenar de forma presencial.<\/p>\n\n\n\n<p>En materia de internacionalizaci\u00f3n la Universidad en este a\u00f1o se firmaron<br>convenios con 16 universidades extranjeras de Estados Unidos, Rusia, Italia,<br>Espa\u00f1a, Colombia, Cuba, Brasil, Per\u00fa y Argentina, se apoy\u00f3 a 366 estudiantes y<br>349 docentes para que asistieran de forma presencial o en l\u00ednea a congresos,<br>conferencias, encuentros, y ferias internacionales; se recibieron a 49 estudiantes<br>extranjeros, 13 estudiantes se fueron de movilidad internacional a pesar de la<br>pandemia y tambi\u00e9n 13 docentes tuvieron estancias internacionales.<\/p>\n\n\n\n<p>Se ofrece el bachillerato biling\u00fce en siete planteles, con 654 estudiantes de los<br>cuales este a\u00f1o egresaron 99 y tambi\u00e9n se puso en marcha el Instituto de<br>Ense\u00f1anza de Lenguas Extranjeras, que contar\u00e1 con un programa de bachillerato<br>biling\u00fce, una licenciatura en ense\u00f1anza del ingl\u00e9s, los centros de idiomas y la<br>certificaci\u00f3n de competencias en el idioma ingl\u00e9s por medio de CONOCER.<\/p>\n\n\n\n<p>En vinculaci\u00f3n la Instituci\u00f3n cuenta con 50 nuevos convenios nacionales, 68<br>programas de educaci\u00f3n continua y de certificaci\u00f3n de competencias, con el<br>acompa\u00f1amiento acad\u00e9mico a la Universidad Laboral de M\u00e9xico de la CTM<br>Coahuila y debido al exitoso programa de educci\u00f3n dual que tenemos con<br>DAVISA.<\/p>\n\n\n\n<p>En materia de difusi\u00f3n de la cultura, este a\u00f1o organizamos 205 eventos art\u00edsticos<br>y culturales, en los cuales participaron m\u00e1s de 7 mil integrantes de la comunidad<br>universitaria y 20 mil ciudadanos, entre conciertos, talleres, muestras,<br>exposiciones, presentaciones, obras, recitales y conversatorios.<\/p>\n\n\n\n<p>Dentro del programa Lobos Lectores se llevaron a cabo 22 presentaciones de<br>libros y se iniciaron c\u00edrculos de lectura en diferentes espacios de la Universidad.<br>Adem\u00e1s, se pusieron en marcha los Lobos Culturales para promover actividades<br>art\u00edsticas en nuestras unidades acad\u00e9micas.<\/p>\n\n\n\n<p>Nuestra universidad entiende su papel social y contribuye al desarrollo de las<br>cinco regiones de la entidad, por ejemplo, en la Carbon\u00edfera participamos en el<br>Plan de Reactivaci\u00f3n Econ\u00f3mica de la Regi\u00f3n Carbon\u00edfera y estamos<br>desarrollando tecnolog\u00eda para reducir el riesgo de derrumbes y hundimientos en<br>mina; en la Laguna estamos trabajando en proyectos de investigaci\u00f3n el torno al<br>acceso a agua potable y trabajamos con CANACINTRA para dotar de<br>competencias a los trabajadores de Torre\u00f3n.<\/p>\n\n\n\n<p>En el Sureste tenemos un proyecto de rescate y conservaci\u00f3n de la Hacienda<br>Santa Mar\u00eda en Ramos Arizpe y en varios puntos de Saltillo contamos con<br>servicios m\u00e9dicos, dentales, legales y psicol\u00f3gicos a bajo costo; en la regi\u00f3n<br>Centro estamos desarrollando en nuestro campus de Monclova un bosque urbano<br>abierto al p\u00fablico y tenemos un proyecto de investigaci\u00f3n que busca detonar el<br>turismo en pueblos m\u00e1gicos; y en el Norte, hemos realizado varias brigadas de<br>salud y tenemos proyectos de investigaci\u00f3n enfocados en la poblaci\u00f3n migrante.<\/p>\n\n\n\n<p>La responsabilidad social es parte de la formaci\u00f3n de la UAdeC, por ello, este a\u00f1o<br>m\u00e1s de 7 mil 500 estudiantes participaron en 480 acciones de extensi\u00f3n en 91<br>comunidades de 19 municipios, en donde se benefici\u00f3 a m\u00e1s de 26 mil<br>ciudadanos. En ese contexto, destaca la labor de Lobos al Rescate, el grupo m\u00e1s<br>representativo de servicio comunitario, que este a\u00f1o cumple 25 a\u00f1os y que por<br>primera vez se cuenta con un comit\u00e9 activo en cada una de las 59 escuelas y<br>facultades de la Universidad.<\/p>\n\n\n\n<p>En materia de cuidado al medio ambiente nuestros estudiantes plantaron m\u00e1s de<br>2,400 \u00e1rboles en todo el estado, el Centro de Investigaci\u00f3n y Jard\u00edn Etnobiol\u00f3gico<br>del Semidesierto de Coahuila, ubicado en Viesca registra un 40% de avance en su<br>construcci\u00f3n y ya cuenta con 7,500 plantas; 43 dependencias participan en el<br>Programa de Oficina Verde y la Universidad fue reconocida con una menci\u00f3n<br>honor\u00edfica en la categor\u00eda de Educaci\u00f3n Ambiental en la edici\u00f3n XXVII del Premio<br>al M\u00e9rito Ecol\u00f3gico que entreg\u00f3 la Secretar\u00eda del Medio Ambiente y Recursos<br>Naturales del Gobierno de la Rep\u00fablica.<\/p>\n\n\n\n<p>\u201cQuiz\u00e1 el mayor reto que hoy enfrenta la Universidad es la falta de recursos, que<br>nos ha hecho complicado atender de forma plena todas las necesidades de la instituci\u00f3n, por lo agradecemos al Gobernador Miguel \u00c1ngel Riquelme Sol\u00eds su<br>respaldo para superar esta crisis\u201d, expres\u00f3 Hern\u00e1ndez V\u00e9lez.<\/p>\n\n\n\n<p>A pesar de los recortes presupuestales que sufrimos, la Universidad consigui\u00f3<br>fondos por 49 millones de pesos para mejorar nuestra infraestructura con 56<br>obras, tambi\u00e9n se invirtieron 5 millones de pesos en equipamiento de laboratorios<br>y se increment\u00f3 el ancho de banda de internet en un 14%.<\/p>\n\n\n\n<p>Obtuvimos por parte del Instituto Nacional de Transparencia, Acceso a la<br>Informaci\u00f3n y Protecci\u00f3n de Datos Personales una calificaci\u00f3n del 98.5 por ciento<br>en la atenci\u00f3n de solicitudes de informaci\u00f3n; hemos avanzado en la puesta en<br>marcha de nuestro programa institucional de Compliance y logramos por<br>diecisieteavo a\u00f1o consecutivo la certificaci\u00f3n en los procesos de calidad de la<br>Norma ISO 9001.<\/p>\n\n\n\n<p>Los retos de la Universidad para 2022 son muchos, en especial lograr sanear las<br>finanzas de nuestra instituci\u00f3n mediante una pol\u00edtica de austeridad, reducci\u00f3n de<br>la plantilla laboral, un nuevo Contrato Colectivo y la b\u00fasqueda de nuevas fuentes<br>de ingresos; tambi\u00e9n avanzar en el proceso de implementaci\u00f3n del Modelo<br>Educativo; completar el regreso a las actividades presenciales.<\/p>\n\n\n\n<p>Adem\u00e1s, garantizar la operaci\u00f3n total de la Plataforma Digital Universitaria;<br>continuar con el aumento de la matr\u00edcula en al menos un 4% anual; dar mayor<br>peso a la cultura en todos los \u00e1mbitos universitarios y ampliar a\u00fan su presencia en<br>m\u00e1s municipios con la instalaci\u00f3n de nuevas extensiones acad\u00e9micas en Parras,<br>Cuatro Ci\u00e9negas, Frontera, General Cepeda y Francisco I. Madero.<\/p>\n\n\n\n<p>Hoy muchas Universidades del pa\u00eds, incluida la UAdeC sufren ataques y falta de<br>apoyo, pero tambi\u00e9n cuando la sociedad enfrenta grandes problemas por ejemplo<br>la pandemia de COVID-19 busca respuestas y ayuda en las universidades, porque<br>somos incubadoras de innovaci\u00f3n.<\/p>\n\n\n\n<p>\u201cNinguna sociedad moderna ha logrado desarrollarse sin educaci\u00f3n superior,<br>porque uno de los motores del crecimiento es el conocimiento, as\u00ed nos<br>concebimos en la Aut\u00f3noma de Coahuila, Lobos al servicio de nuestro estado y de<br>su gente; gracias a quienes conforman la Universidad hoy le podemos entregar<br>buenas cuentas a Coahuila y nuestro compromiso es hacer m\u00e1s el a\u00f1o que viene<br>a pesar de que las condiciones no son \u00f3ptimas, pero en conjunto como manada,<br>s\u00e9 que seguiremos poniendo en alto el nombre de la Universidad Aut\u00f3noma de<br>Coahuila\u201d, finaliz\u00f3 el Rector.<\/p>\n\n\n\n<p>Durante la ceremonia, el gobernador Miguel \u00c1ngel Riquelme Sol\u00eds, el rector<br>Salvador Hern\u00e1ndez V\u00e9lez y el secretario general, Miguel \u00c1ngel Rodr\u00edguez<br>Calder\u00f3n, entregaron a trav\u00e9s de la Direcci\u00f3n de Investigaci\u00f3n y Posgrado un<br>reconocimiento al coordinador e integrantes del N\u00facleo Acad\u00e9mico B\u00e1sico de la<br>Maestr\u00eda en Econom\u00eda Regional del Centro de Investigaciones Socioecon\u00f3micas,<br>por alcanzar el reconocimiento del Programa Educativo a nivel de Competencia<br>Internacional en el Sistema Nacional de Posgrados (SNP) del Consejo Nacional de<br>Ciencia y Tecnolog\u00eda (CONACyT).<\/p>\n\n\n\n<p>As\u00ed mismo, se reconoci\u00f3 a la Dra. Anna Ilin\u00e1 por haber sido distinguida con el<br>Premio Estatal de Ciencia, Tecnolog\u00eda e Innovaci\u00f3n Coahuila 2021 y haber<br>alcanzado el Nivel III del Sistema Nacional de Investigadores (SNI), siendo la<br>primera cient\u00edfica de la instituci\u00f3n en obtenerlo.<\/p>\n\n\n\n<p>Adem\u00e1s, a la Brigada Lobos al Rescate en su 25 Aniversario, por su aporte a la<br>formaci\u00f3n integral de muchas generaciones de j\u00f3venes, al promover la<br>participaci\u00f3n de los mismos en acciones en favor de la sociedad coahuilense.<\/p>\n\n\n\n<p>Por otro lado, los deportistas universitarios, medallistas de los Campeonatos<br>Nacionales Universitarios 2021, entregaron al gobernador Miguel \u00c1ngel Riquelme<br>Sol\u00eds un reconocimiento como testimonio de gratitud por su apoyo irrestricto a<br>cada una de las tareas sustantivas de la Universidad, especialmente al deporte<br>universitario.<\/p>\n","protected":false},"excerpt":{"rendered":"<p>ARTEAGA, Coahuila. 22 de febrero de 2022. Ante la comunidad universitaria ysociedad en general, el rector de la Universidad Aut\u00f3noma de Coahuila, SalvadorHern\u00e1ndez V\u00e9lez, present\u00f3 el primer informe de actividades de su segundoperiodo en el Centro Cultural Universitario del Campus Arteaga. Como testigo de honor, asisti\u00f3 el gobernador del estado, Miguel \u00c1ngel RiquelmeSol\u00eds, Eduardo Olmos Castro, presidente de la junta de Gobierno del estado deCoahuila, en representaci\u00f3n de Miguel Mery&#8230;<\/p>\n","protected":false},"author":1,"featured_media":7303,"comment_status":"closed","ping_status":"closed","sticky":false,"template":"","format":"standard","meta":{"footnotes":""},"categories":[2],"tags":[],"class_list":["post-7302","post","type-post","status-publish","format-standard","has-post-thumbnail","hentry","category-uadec","wpcat-2-id"],"_links":{"self":[{"href":"https:\/\/www.aquilaguna.com\/index.php\/wp-json\/wp\/v2\/posts\/7302","targetHints":{"allow":["GET"]}}],"collection":[{"href":"https:\/\/www.aquilaguna.com\/index.php\/wp-json\/wp\/v2\/posts"}],"about":[{"href":"https:\/\/www.aquilaguna.com\/index.php\/wp-json\/wp\/v2\/types\/post"}],"author":[{"embeddable":true,"href":"https:\/\/www.aquilaguna.com\/index.php\/wp-json\/wp\/v2\/users\/1"}],"replies":[{"embeddable":true,"href":"https:\/\/www.aquilaguna.com\/index.php\/wp-json\/wp\/v2\/comments?post=7302"}],"version-history":[{"count":1,"href":"https:\/\/www.aquilaguna.com\/index.php\/wp-json\/wp\/v2\/posts\/7302\/revisions"}],"predecessor-version":[{"id":7304,"href":"https:\/\/www.aquilaguna.com\/index.php\/wp-json\/wp\/v2\/posts\/7302\/revisions\/7304"}],"wp:featuredmedia":[{"embeddable":true,"href":"https:\/\/www.aquilaguna.com\/index.php\/wp-json\/wp\/v2\/media\/7303"}],"wp:attachment":[{"href":"https:\/\/www.aquilaguna.com\/index.php\/wp-json\/wp\/v2\/media?parent=7302"}],"wp:term":[{"taxonomy":"category","embeddable":true,"href":"https:\/\/www.aquilaguna.com\/index.php\/wp-json\/wp\/v2\/categories?post=7302"},{"taxonomy":"post_tag","embeddable":true,"href":"https:\/\/www.aquilaguna.com\/index.php\/wp-json\/wp\/v2\/tags?post=7302"}],"curies":[{"name":"wp","href":"https:\/\/api.w.org\/{rel}","templated":true}]}}