{"id":7318,"date":"2022-02-23T17:43:30","date_gmt":"2022-02-23T23:43:30","guid":{"rendered":"https:\/\/www.aquilaguna.com\/?p=7318"},"modified":"2022-02-23T17:43:30","modified_gmt":"2022-02-23T23:43:30","slug":"alcalde-de-torreon-inaugura-curso-sobre-trauma-complejo-y-abuso-sexual","status":"publish","type":"post","link":"https:\/\/www.aquilaguna.com\/index.php\/2022\/02\/23\/alcalde-de-torreon-inaugura-curso-sobre-trauma-complejo-y-abuso-sexual\/","title":{"rendered":"Alcalde de Torre\u00f3n inaugura curso sobre trauma complejo y abuso sexual."},"content":{"rendered":"\n<p>Torre\u00f3n, Coahuila. A 23 de febrero de 2022.<\/p>\n\n\n\n<p>El alcalde de Torre\u00f3n, Rom\u00e1n Alberto Cepeda, inaugur\u00f3 el curso especializado<br>\u201cTrauma complejo y abuso sexual\u201d el cual es organizado por el Sistema para el<br>Desarrollo Integral de la Familia de Torre\u00f3n, en colaboraci\u00f3n con el Instituto<br>Resilia e Instituto Espa\u00f1ol de Resiliencia y la Fundaci\u00f3n Humanae.<\/p>\n\n\n\n<p>El Presidente Municipal reconoci\u00f3 la labor de quienes hicieron posible la<br>realizaci\u00f3n del curso, y mencion\u00f3 que Coahuila y Torre\u00f3n, son de los estados y<br>municipios que cuentan con el mayor n\u00famero de asociaciones no<br>gubernamentales en el pa\u00eds, lo que quiere decir que se tiene la capacidad de<br>organizarse para atender a la sociedad, pues cualquier orden de gobierno no tiene<br>la capacidad de hacerlo por s\u00ed mismo.<\/p>\n\n\n\n<p>Dijo que es importante que en el curso no solo se transmita la ense\u00f1anza, el<br>conocimiento, la capacitaci\u00f3n y el adiestramiento, sino que se ponga en pr\u00e1ctica<br>desde la trinchera del municipio con el fin de contribuir al rescate del tejido social.<br>Destac\u00f3 que cuando suman esfuerzos el gobierno y la sociedad civil organizada<br>se puede salir adelante. Se\u00f1al\u00f3 que se debe seguir trabajando por construir una<br>mejor sociedad.<\/p>\n\n\n\n<p>Por su parte la se\u00f1ora Selina Bremer de Cepeda, Presidenta Honoraria del DIF<br>Torre\u00f3n, destac\u00f3 la presencia de personal de 25 DIF municipales del Estado, y<br>agradeci\u00f3 el apoyo de Laura L\u00f3pez Willy, Directora del Instituto Resilia, as\u00ed como<br>el de los patrocinadores del evento.<\/p>\n\n\n\n<p>Dijo que la capacitaci\u00f3n es una oportunidad para los presentes, como personal del<br>\u00e1rea de psicolog\u00eda, psiquiatr\u00eda, trabajo social, cuidadoras, personal del sector<br>educativo, personal involucrado en la atenci\u00f3n a la salud emocional, estudiantes,<br>personal de la PRONNIF, personal del Instituto Coahuilense de las Mujeres y de<br>diversos organismos de la sociedad civil.<\/p>\n\n\n\n<p>Se\u00f1al\u00f3 que con el curso se da el primer paso para una serie de capacitaciones<br>para poder atender las problem\u00e1ticas que d\u00eda a d\u00eda enfrenta la sociedad.<\/p>\n\n\n\n<p>El curso \u201cTrauma complejo y abuso sexual\u201d tendr\u00e1 una duraci\u00f3n de 22 horas<br>distribuidas en 4 d\u00edas y es impartido por Rafaela Santos, m\u00e9dico especialista en<br>psiquiatr\u00eda y neurociencia, Presidenta del Instituto Espa\u00f1ol de Resiliencia y de la Fundaci\u00f3n Humanae, as\u00ed como por Noelia Mata Novillo, Psic\u00f3loga Especialista en Cl\u00ednica por la Universidad de Madrid.<\/p>\n\n\n\n<p>La situaci\u00f3n de trauma por negligencia, abuso psicol\u00f3gico, f\u00edsico y sexual es una<br>problem\u00e1tica que aqueja a la sociedad, por lo que es urgente dotar a los<br>profesionales de herramientas para reparar de alguna manera el da\u00f1o neurol\u00f3gico<br>y emocional que han sufrido los ni\u00f1os.<\/p>\n\n\n\n<p>Por ello el DIF Torre\u00f3n lanz\u00f3 la convocatoria para que se unieran a la capacitaci\u00f3n<br>a personal de psicolog\u00eda de entidades gubernamentales y de la sociedad civil que<br>tengan a su cuidado a ni\u00f1os, ni\u00f1as y adolescentes en situaci\u00f3n vulnerable<br>El alcalde de Torre\u00f3n Rom\u00e1n Alberto Cepeda estuvo acompa\u00f1ado por su esposa,<br>la se\u00f1ora Selina Bremer de Cepeda, Presidenta Honoraria del DIF Torre\u00f3n; Laura<br>L\u00f3pez Willy, Directora del Instituto Resilia I.A.P. de Torre\u00f3n; Teresa Araiza<br>Llaguno, Secretaria Ejecutiva del Sistema Nacional de Protecci\u00f3n de Ni\u00f1os, Ni\u00f1as<br>y Adolescentes; Sof\u00eda Garc\u00eda Camil, Secretaria de Cultura; Maria Eugenia<br>Villarreal Abusaid, Sub Secretaria de Turismo y Estrella Cardona Belmares,<br>Delegada Regional de la PRONNIF.<\/p>\n","protected":false},"excerpt":{"rendered":"<p>Torre\u00f3n, Coahuila. A 23 de febrero de 2022. El alcalde de Torre\u00f3n, Rom\u00e1n Alberto Cepeda, inaugur\u00f3 el curso especializado\u201cTrauma complejo y abuso sexual\u201d el cual es organizado por el Sistema para elDesarrollo Integral de la Familia de Torre\u00f3n, en colaboraci\u00f3n con el InstitutoResilia e Instituto Espa\u00f1ol de Resiliencia y la Fundaci\u00f3n Humanae. El Presidente Municipal reconoci\u00f3 la labor de quienes hicieron posible larealizaci\u00f3n del curso, y mencion\u00f3 que Coahuila y&#8230;<\/p>\n","protected":false},"author":1,"featured_media":7319,"comment_status":"closed","ping_status":"closed","sticky":false,"template":"","format":"standard","meta":{"footnotes":""},"categories":[5,28,7],"tags":[],"class_list":["post-7318","post","type-post","status-publish","format-standard","has-post-thumbnail","hentry","category-coahuila","category-la-laguna","category-torreon","wpcat-5-id","wpcat-28-id","wpcat-7-id"],"_links":{"self":[{"href":"https:\/\/www.aquilaguna.com\/index.php\/wp-json\/wp\/v2\/posts\/7318","targetHints":{"allow":["GET"]}}],"collection":[{"href":"https:\/\/www.aquilaguna.com\/index.php\/wp-json\/wp\/v2\/posts"}],"about":[{"href":"https:\/\/www.aquilaguna.com\/index.php\/wp-json\/wp\/v2\/types\/post"}],"author":[{"embeddable":true,"href":"https:\/\/www.aquilaguna.com\/index.php\/wp-json\/wp\/v2\/users\/1"}],"replies":[{"embeddable":true,"href":"https:\/\/www.aquilaguna.com\/index.php\/wp-json\/wp\/v2\/comments?post=7318"}],"version-history":[{"count":1,"href":"https:\/\/www.aquilaguna.com\/index.php\/wp-json\/wp\/v2\/posts\/7318\/revisions"}],"predecessor-version":[{"id":7320,"href":"https:\/\/www.aquilaguna.com\/index.php\/wp-json\/wp\/v2\/posts\/7318\/revisions\/7320"}],"wp:featuredmedia":[{"embeddable":true,"href":"https:\/\/www.aquilaguna.com\/index.php\/wp-json\/wp\/v2\/media\/7319"}],"wp:attachment":[{"href":"https:\/\/www.aquilaguna.com\/index.php\/wp-json\/wp\/v2\/media?parent=7318"}],"wp:term":[{"taxonomy":"category","embeddable":true,"href":"https:\/\/www.aquilaguna.com\/index.php\/wp-json\/wp\/v2\/categories?post=7318"},{"taxonomy":"post_tag","embeddable":true,"href":"https:\/\/www.aquilaguna.com\/index.php\/wp-json\/wp\/v2\/tags?post=7318"}],"curies":[{"name":"wp","href":"https:\/\/api.w.org\/{rel}","templated":true}]}}