{"id":7350,"date":"2022-02-25T18:03:18","date_gmt":"2022-02-26T00:03:18","guid":{"rendered":"https:\/\/www.aquilaguna.com\/?p=7350"},"modified":"2022-02-25T18:03:18","modified_gmt":"2022-02-26T00:03:18","slug":"informan-y-orientan-sobre-sexualidad-con-conferencias-y-dinamicas-interactivas-a-jovenes-y-adolescentes","status":"publish","type":"post","link":"https:\/\/www.aquilaguna.com\/index.php\/2022\/02\/25\/informan-y-orientan-sobre-sexualidad-con-conferencias-y-dinamicas-interactivas-a-jovenes-y-adolescentes\/","title":{"rendered":"Informan y Orientan sobre Sexualidad con Conferencias y Din\u00e1micas Interactivas a J\u00f3venes y Adolescentes."},"content":{"rendered":"\n<p>SALTILLO, Coahuila. 25 de febrero de 2022. Con actividades interactivas,<br>diversas din\u00e1micas presenciales y digitales, se llev\u00f3 a cabo la Cuarta Jornada \u201cPor<br>una Sexualidad Informada y Responsable\u201d, que organizan cada a\u00f1o estudiantes y<br>maestros de las Facultades de Psicolog\u00eda y Ciencias de la Comunicaci\u00f3n de la<br>Universidad Aut\u00f3noma de Coahuila en coordinaci\u00f3n con la Secretar\u00eda de Salud del<br>estado.<\/p>\n\n\n\n<p>Autoridades universitarias y de salud, inauguraron el evento en la Sala de<br>Seminarios Emilio J. Talam\u00e1s de la Unidad Camporredondo, en la que destacaron<br>que el objetivo de este trabajo conjunto busca generar un espacio de informaci\u00f3n<br>preciso y concreto con base en las estad\u00edsticas y trabajo acad\u00e9mico en la materia,<br>para generar conciencia y responsabilidad en las relaciones afectivas de las y los<br>j\u00f3venes y con ello coadyuvar en la toma de decisiones para su vida, como un<br>derecho y ejercicio de salud f\u00edsico y mental.<\/p>\n\n\n\n<p>Durante la Jornada, los asistentes presenciales y virtuales a trav\u00e9s de la<br>transmisi\u00f3n en vivo por la p\u00e1gina de la FB de FCC, participaron en la encuesta<br>sobre sexualidad, a trav\u00e9s de sus dispositivos celulares para responder en<br>Instagram y en los estados de Facebook sobre algunos mitos y realidades<br>relacionados al tema.<\/p>\n\n\n\n<p>La charla sobre \u201cMitos y Realidades sobre Sexualidad\u201d, estuvo a cargo de la Dra.<br>Carmen Acevedo del Capasits- Saltillo, quien confirm\u00f3 si es mito o realidad<br>algunos de las preguntas de la encuesta digital, por ejemplo, es verdadero que<br>una mujer al tener relaciones sexuales por primera vez puede embarazarse, o un<br>mito el que un hombre que se masturba pierde la potencia sexual.<\/p>\n\n\n\n<p>Afirm\u00f3 que son mitos que los preservativos masculino y femenino disminuyen el<br>placer sexual, que la p\u00edldora de emergencia puede usarse con frecuencia, que el<br>alcohol y las drogas sirven para tener mejor sexo, o que, aunque no haya<br>penetraci\u00f3n hay riesgo de embarazo o que se puede llegar al orgasmo en cada<br>relaci\u00f3n sexual.<\/p>\n\n\n\n<p>Explic\u00f3 que es mentira que los condones disminuyan el placer sexual, y que al<br>tener pareja es un derecho exigir usarlo, no solo para prevenir embarazos sino<br>para evitar enfermedades de transmisi\u00f3n sexual; la p\u00edldora de emergencia al<br>usarse con regularidad pierde efectividad y altera el sistema hormonal de las<br>mujeres, que el l\u00edquido pre seminal si puede embarazar, que las sustancias t\u00f3xicas demeritan los sentidos al tener relaciones sexuales y que el coito interruptus no es<br>efectivo, entre otros.<\/p>\n\n\n\n<p>Los j\u00f3venes y adolescentes participaron tambi\u00e9n en la Din\u00e1mica de la Loter\u00eda de<br>derechos sexuales y reproductivos de j\u00f3venes y adolescentes, con la cual los<br>ganadores se hicieron acreedores a distintos premios, as\u00ed como a quienes<br>participaron en el concurso de ponerle el pa\u00f1al al beb\u00e9, o de las din\u00e1micas de<br>preguntas.<\/p>\n\n\n\n<p>Posteriormente, el Lic. Arturo Garza Far\u00edas, Psic\u00f3logo y colaborador del programa<br>embarazo adolescente de la Secretar\u00eda de Salud y Secretar\u00eda de la Mujer, ofreci\u00f3<br>la conferencia \u201cEmbarazo a temprana Edad\u201d, en la que dio a conocer los factores<br>de vulnerabilidad del porque sucede esta situaci\u00f3n entre las j\u00f3venes adolescentes<br>de entre 10 a 19 a\u00f1os, los factores son por la falta de un proyecto de vida,<br>abandono escolar, falta de educaci\u00f3n sexual, violencia, inicio temprano a la vida<br>sexual, no uso de m\u00e9todo anticonceptivo y sensaci\u00f3n de invulnerabilidad.<\/p>\n\n\n\n<p>Recomend\u00f3 ubicar uno de los 57 centros de salud y hospitales con servicios<br>amigables gratis, entre ellos la oferta de m\u00e9todos anticonceptivos, orientaci\u00f3n y<br>consejer\u00eda, atenci\u00f3n m\u00e9dica y psicol\u00f3gica, espacios privados y confidenciales con<br>personal sensibilizado que atender\u00e1 a cualquier persona que acuda a solicitar los<br>servicios.<\/p>\n\n\n\n<p>Por su parte la Lic. Laura Salgado, Psic\u00f3loga y Activista Saltillense, con la<br>ponencia \u201cSexualidad y Equidad de G\u00e9nero\u201d, dijo que la congruencia como lo<br>plantean los derechos humanos del libre desarrollo de la personalidad, es saber<br>quien soy yo y las experiencias que me plantean una visi\u00f3n de lo que he vivido, de<br>que todas y todos tenemos particularidades que nos dan una percepci\u00f3n de la<br>vida.<\/p>\n\n\n\n<p>Agreg\u00f3 que la igualdad de g\u00e9nero va como un principio jur\u00eddico y necesitamos<br>desarrollar la estrategia para implementar los instrumentos que ayuden desde la<br>equidad a promover esa igualdad, puesto que la sexualidad se remite a la forma<br>que me identifico, expreso, tomo decisiones y sobre las violencias que han surgido<br>por vivir mi sexualidad de manera informada, libre y placentera.<\/p>\n\n\n\n<p>Las actividades concluyeron con la participaci\u00f3n de la Lic. Marta Carolina S\u00e1nchez<br>Psic\u00f3loga e investigadora en sexualidad con el tema \u201cM\u00e9todos Anticonceptivos y<br>Enfermedades de Transmisi\u00f3n Sexual\u201d, con la que explic\u00f3 los distintos m\u00e9todos<br>preventivos para hombres y mujeres.<\/p>\n","protected":false},"excerpt":{"rendered":"<p>SALTILLO, Coahuila. 25 de febrero de 2022. Con actividades interactivas,diversas din\u00e1micas presenciales y digitales, se llev\u00f3 a cabo la Cuarta Jornada \u201cPoruna Sexualidad Informada y Responsable\u201d, que organizan cada a\u00f1o estudiantes ymaestros de las Facultades de Psicolog\u00eda y Ciencias de la Comunicaci\u00f3n de laUniversidad Aut\u00f3noma de Coahuila en coordinaci\u00f3n con la Secretar\u00eda de Salud delestado. Autoridades universitarias y de salud, inauguraron el evento en la Sala deSeminarios Emilio J. Talam\u00e1s&#8230;<\/p>\n","protected":false},"author":1,"featured_media":7351,"comment_status":"closed","ping_status":"closed","sticky":false,"template":"","format":"standard","meta":{"footnotes":""},"categories":[2],"tags":[],"class_list":["post-7350","post","type-post","status-publish","format-standard","has-post-thumbnail","hentry","category-uadec","wpcat-2-id"],"_links":{"self":[{"href":"https:\/\/www.aquilaguna.com\/index.php\/wp-json\/wp\/v2\/posts\/7350","targetHints":{"allow":["GET"]}}],"collection":[{"href":"https:\/\/www.aquilaguna.com\/index.php\/wp-json\/wp\/v2\/posts"}],"about":[{"href":"https:\/\/www.aquilaguna.com\/index.php\/wp-json\/wp\/v2\/types\/post"}],"author":[{"embeddable":true,"href":"https:\/\/www.aquilaguna.com\/index.php\/wp-json\/wp\/v2\/users\/1"}],"replies":[{"embeddable":true,"href":"https:\/\/www.aquilaguna.com\/index.php\/wp-json\/wp\/v2\/comments?post=7350"}],"version-history":[{"count":1,"href":"https:\/\/www.aquilaguna.com\/index.php\/wp-json\/wp\/v2\/posts\/7350\/revisions"}],"predecessor-version":[{"id":7352,"href":"https:\/\/www.aquilaguna.com\/index.php\/wp-json\/wp\/v2\/posts\/7350\/revisions\/7352"}],"wp:featuredmedia":[{"embeddable":true,"href":"https:\/\/www.aquilaguna.com\/index.php\/wp-json\/wp\/v2\/media\/7351"}],"wp:attachment":[{"href":"https:\/\/www.aquilaguna.com\/index.php\/wp-json\/wp\/v2\/media?parent=7350"}],"wp:term":[{"taxonomy":"category","embeddable":true,"href":"https:\/\/www.aquilaguna.com\/index.php\/wp-json\/wp\/v2\/categories?post=7350"},{"taxonomy":"post_tag","embeddable":true,"href":"https:\/\/www.aquilaguna.com\/index.php\/wp-json\/wp\/v2\/tags?post=7350"}],"curies":[{"name":"wp","href":"https:\/\/api.w.org\/{rel}","templated":true}]}}