{"id":7362,"date":"2022-02-25T18:09:59","date_gmt":"2022-02-26T00:09:59","guid":{"rendered":"https:\/\/www.aquilaguna.com\/?p=7362"},"modified":"2022-02-25T18:10:00","modified_gmt":"2022-02-26T00:10:00","slug":"coahuila-continua-con-la-promocion-y-recuperacion-economica-mars","status":"publish","type":"post","link":"https:\/\/www.aquilaguna.com\/index.php\/2022\/02\/25\/coahuila-continua-con-la-promocion-y-recuperacion-economica-mars\/","title":{"rendered":"COAHUILA CONTIN\u00daA CON LA PROMOCI\u00d3N Y RECUPERACI\u00d3N ECON\u00d3MICA: MARS."},"content":{"rendered":"\n<p>\u00b7\u00a0\u00a0\u00a0\u00a0\u00a0\u00a0<strong><em>Gobernador Miguel Riquelme encabeza Feria del Empleo del 2022<\/em><\/strong>.<\/p>\n\n\n\n<p>Saltillo, Coahuila de Zaragoza; a 25 de Febrero de 2022.- Coahuila contin\u00faa con la promoci\u00f3n econ\u00f3mica, generaci\u00f3n de empleos y capacitaci\u00f3n de mano de obra calificada, destac\u00f3 el gobernador Miguel \u00c1ngel Riquelme Sol\u00eds, tras encabezar la primera Feria del Empleo del 2022 en Saltillo.<\/p>\n\n\n\n<p>En su mensaje, resalt\u00f3 la vinculaci\u00f3n laboral entre empleadores y buscadores de empleo de la Regi\u00f3n Sureste y poder colaborar con la recuperaci\u00f3n econ\u00f3mica de la entidad.Inaugur\u00f3 y realiz\u00f3 el corte de list\u00f3n oficial del Programa de Bolsa de Trabajo Especializada para Profesionistas, y dio a conocer que se tiene la meta de atender a 8 mil 500 buscadores de empleo y colocar a m\u00e1s de 3 mil 500 de ellos.<\/p>\n\n\n\n<p>\u201cHoy sigue Coahuila unido y en marcha hacia la recuperaci\u00f3n de nuestros altos est\u00e1ndares productivos. Gracias a la solidaridad y la cooperaci\u00f3n que prevalece en los actores de la producci\u00f3n hemos afrontado con mucha estrategia la adversidad que se deriv\u00f3 de la pandemia\u201d, declar\u00f3.<\/p>\n\n\n\n<p>Puntualiz\u00f3 que Coahuila se distingue por su paz laboral, el respeto al Estado de Derecho y la seguridad, que generan certidumbre a todos los inversionistas y con ello la generaci\u00f3n de m\u00e1s empleos formales para crear oportunidades de desarrollo.<\/p>\n\n\n\n<p><strong>COAHUILA TRASCIENDE: FEDERACI\u00d3N.<\/strong><\/p>\n\n\n\n<p>El Subcoordinador General de la Unidad del Servicio Nacional de Empleo del Gobierno Federal, Donaciano Dom\u00ednguez Espinosa, destac\u00f3 que Coahuila trasciende en esquemas de profesionalizaci\u00f3n y capacitaci\u00f3n de personal en consejer\u00eda de empleo.<\/p>\n\n\n\n<p>Expuso que en los pr\u00f3ximos d\u00edas se realizar\u00e1n Ferias de Empleo para Profesionistas en las ciudades de Acu\u00f1a, Monclova y Torre\u00f3n; adem\u00e1s de convocar a la entidad para sumarse a la Feria Nacional de Empleo para las Mujeres de Coahuila del 7 al 25 de marzo.<\/p>\n\n\n\n<p>La Secretaria del Trabajo en Coahuila, Nazira Zogbi Castro, destac\u00f3 la nueva implementaci\u00f3n de Bolsa de Trabajo Especializada para Profesionistas, y como ejemplo fueron las 200 vacantes ofertadas para la Regi\u00f3n Sureste. Refrend\u00f3 el compromiso con todos los sectores para que la entidad siga creciendo.<\/p>\n\n\n\n<p>En su intervenci\u00f3n, el Alcalde de Saltillo, Jos\u00e9 Mar\u00eda Fraustro Siller, destac\u00f3 las estrategias implementadas por el Gobierno del Estado durante la pandemia sanitaria, la ruta establecida para la recuperaci\u00f3n econ\u00f3mica y el trabajo en conjunto que se realiza para brindar mejores oportunidades laborales.<\/p>\n\n\n\n<p>En el presidio estuvieron presentes, tambi\u00e9n legisladores locales y federales; Everardo Padilla Flores, Consejero de CANACINTRA Coahuila Sureste y la Secretar\u00eda General de la CTM.<\/p>\n","protected":false},"excerpt":{"rendered":"<p>\u00b7\u00a0\u00a0\u00a0\u00a0\u00a0\u00a0Gobernador Miguel Riquelme encabeza Feria del Empleo del 2022. Saltillo, Coahuila de Zaragoza; a 25 de Febrero de 2022.- Coahuila contin\u00faa con la promoci\u00f3n econ\u00f3mica, generaci\u00f3n de empleos y capacitaci\u00f3n de mano de obra calificada, destac\u00f3 el gobernador Miguel \u00c1ngel Riquelme Sol\u00eds, tras encabezar la primera Feria del Empleo del 2022 en Saltillo. En su mensaje, resalt\u00f3 la vinculaci\u00f3n laboral entre empleadores y buscadores de empleo de la Regi\u00f3n Sureste&#8230;<\/p>\n","protected":false},"author":1,"featured_media":7363,"comment_status":"closed","ping_status":"closed","sticky":false,"template":"","format":"standard","meta":{"footnotes":""},"categories":[5,29,15],"tags":[],"class_list":["post-7362","post","type-post","status-publish","format-standard","has-post-thumbnail","hentry","category-coahuila","category-economia","category-gobierno-de-coahuila","wpcat-5-id","wpcat-29-id","wpcat-15-id"],"_links":{"self":[{"href":"https:\/\/www.aquilaguna.com\/index.php\/wp-json\/wp\/v2\/posts\/7362","targetHints":{"allow":["GET"]}}],"collection":[{"href":"https:\/\/www.aquilaguna.com\/index.php\/wp-json\/wp\/v2\/posts"}],"about":[{"href":"https:\/\/www.aquilaguna.com\/index.php\/wp-json\/wp\/v2\/types\/post"}],"author":[{"embeddable":true,"href":"https:\/\/www.aquilaguna.com\/index.php\/wp-json\/wp\/v2\/users\/1"}],"replies":[{"embeddable":true,"href":"https:\/\/www.aquilaguna.com\/index.php\/wp-json\/wp\/v2\/comments?post=7362"}],"version-history":[{"count":1,"href":"https:\/\/www.aquilaguna.com\/index.php\/wp-json\/wp\/v2\/posts\/7362\/revisions"}],"predecessor-version":[{"id":7364,"href":"https:\/\/www.aquilaguna.com\/index.php\/wp-json\/wp\/v2\/posts\/7362\/revisions\/7364"}],"wp:featuredmedia":[{"embeddable":true,"href":"https:\/\/www.aquilaguna.com\/index.php\/wp-json\/wp\/v2\/media\/7363"}],"wp:attachment":[{"href":"https:\/\/www.aquilaguna.com\/index.php\/wp-json\/wp\/v2\/media?parent=7362"}],"wp:term":[{"taxonomy":"category","embeddable":true,"href":"https:\/\/www.aquilaguna.com\/index.php\/wp-json\/wp\/v2\/categories?post=7362"},{"taxonomy":"post_tag","embeddable":true,"href":"https:\/\/www.aquilaguna.com\/index.php\/wp-json\/wp\/v2\/tags?post=7362"}],"curies":[{"name":"wp","href":"https:\/\/api.w.org\/{rel}","templated":true}]}}