{"id":7365,"date":"2022-02-25T18:18:42","date_gmt":"2022-02-26T00:18:42","guid":{"rendered":"https:\/\/www.aquilaguna.com\/?p=7365"},"modified":"2022-02-25T18:18:42","modified_gmt":"2022-02-26T00:18:42","slug":"regidores-de-morena-votan-en-contra-designacion-de-titular-de-radio-torreon","status":"publish","type":"post","link":"https:\/\/www.aquilaguna.com\/index.php\/2022\/02\/25\/regidores-de-morena-votan-en-contra-designacion-de-titular-de-radio-torreon\/","title":{"rendered":"Regidores de MORENA votan en contra designaci\u00f3n de titular de Radio Torre\u00f3n."},"content":{"rendered":"\n<p>Torre\u00f3n, Coahuila.- Tras\u00a0 discusi\u00f3n y se\u00f1alamientos en contra por parte de\u00a0 regidores de\u00a0 la fracci\u00f3n de MORENA\u00a0 en el cabildo de este municipio,\u00a0 fue\u00a0 aprobado \u00a0 por mayor\u00eda el dictamen que a favor de la designaci\u00f3n\u00a0 de\u00a0 Benjam\u00edn Mijares, como nuevo titular de\u00a0 Radio\u00a0 Torre\u00f3n \u00a0 emitiera previamente a su favor \u00a0 la Comisi\u00f3n de Educaci\u00f3n, Arte y Cultura\u00a0 de tal \u00f3rgano colegiado.\u00a0<\/p>\n\n\n\n<p>El tema, el n\u00famero\u00a0 XXI\u00a0 \u00a0 de la Orden del d\u00eda \u00a0 de la Quinta Sesi\u00f3n Ordinaria\u00a0 \u00a0 celebrada en la Sala de Cabildo, ubicada en el S\u00e9ptimo Piso del Edificio Municipal, a partir de las 11:00 horas, encabezada por el alcalde Rom\u00e1n Alberto Cepeda Gonz\u00e1lez,\u00a0 fue con todo el que mayor inter\u00e9s\u00a0 gener\u00f3 entre los miembros del Cabildo.<\/p>\n\n\n\n<p>En esta Sesi\u00f3n,\u00a0 se conocieron\u00a0 diversos dict\u00e1menes elaborados por las comisiones correspondientes que \u00a0 versaron sobre cambios de\u00a0 domicilio de algunos negocios, mas aportaciones\u00a0 econ\u00f3micas a diversas agrupaciones culturales,\u00a0 y subsidios, as\u00ed como\u00a0 autorizar \u00a0 el \u00a0 \u00a0 Convenio\u00a0 entre el Ayuntamiento y la CERTUC\u00a0 en un programa tendiente a dar certeza jur\u00eddica a personas que carecen aun de escrituraci\u00f3n de\u00a0 las propiedades que ocupan.<\/p>\n\n\n\n<p>La Sesi\u00f3n\u00a0 transcurr\u00eda\u00a0 sin ninguna discordancia expresada por los \u00a0 ediles, y todo cambi\u00f3 a someter a conocimiento y buscar la aprobaci\u00f3n del dict\u00e1men de la Comisi\u00f3n de Educaci\u00f3n Arte y Cultura, \u00a0 en el que este grupo aprobaba\u00a0 la designaci\u00f3n de Benjam\u00edn\u00a0 Mijares como\u00a0 titular de Radio Torre\u00f3n.<\/p>\n\n\n\n<p>El dict\u00e1men\u00a0 presentado al Cabildo\u00a0 corri\u00f3 a cargo de \u00a0 de la Presidenta de la\u00a0 Comisi\u00f3n de\u00a0 Educaci\u00f3n Arte\u00a0 y Cultura \u00a0 sin objeci\u00f3n alguna, no as\u00ed por la regidora de MORENA,\u00a0 la regidora \u00a0 Zazil\u00a0 Pacheco P\u00e9rez\u00a0 en la primera ronda \u00a0 de la discusi\u00f3n que se gener\u00f3 enseguida.<\/p>\n\n\n\n<p>La\u00a0 regidora de MORENA, Zazil Pacheco \u00a0 \u00a0 objet\u00f3\u00a0 la designaci\u00f3n del se\u00f1or Mijares, diciendo que en su trabajo\u00a0 tal\u00a0 comunicador, ha venido ejerciendo, como es\u00a0 del dominio p\u00fablico,\u00a0 una postura pol\u00edtica de la que se\u00a0 se ha convertido en un opositor \u00a0 del Gobierno Federal que encabeza Andr\u00e9s Manuel L\u00f3pez Obrador y el Proyecto de la IV Transformaci\u00f3n,\u00a0 que representa\u00a0 MORENA.<\/p>\n\n\n\n<p>Agregaba que, &#8220;sus preferencias pol\u00edticas y en sus redes sociales como comentarista, ha convertido la calumnia y la denostaci\u00f3n en el instrumento que\u00a0 lo ha hecho perder objetividad, imparcialidad, en la informaci\u00f3n que comunica&#8221;.<\/p>\n\n\n\n<p>Mostr\u00f3 luego \u00a0 algunas capturas de pantalla de redes sociales, donde el mencionado y ya nuevo funcionario de la administraci\u00f3n municipal\u00a0 \u00a0 hace gala de expresiones que la\u00a0 regidora Pacheco considera ofensivos,\u00a0 llamando al Presidente L\u00f3pez Obrador &#8220;miserable&#8221; y\u00a0 \u00a0 bueno, se burla del Presidente p\u00fablicamente&#8221;, dijo.<\/p>\n\n\n\n<p>El Ciudadano Mijares Carre\u00f3n, propuesto para encabezar\u00a0 la Direcci\u00f3n de Radio Torre\u00f3n, dijo, &#8220;es\u00a0 productor y Jefe\u00a0 de Informaci\u00f3n\u00a0 \u00a0 de la\u00a0 empresa Brecha Comunicaci\u00f3n S.A. de C.V. \u00a0 tema que le falt\u00f3 agregar \u00a0 en su curriculum, como socio fundador de esta sociedad desde\u00a0 octubre del 2010, seg\u00fan los refiere la escritura publica\u00a0 239 de la Notaria P\u00fablica N\u00famero 3&#8221;.\u00a0<\/p>\n\n\n\n<p>Adem\u00e1s\u00a0 con datos que\u00a0 dijo la regidora Pacheco\u00a0 se exhiben en el Portal de\u00a0 Transparencia\u00a0 de\u00a0 Torre\u00f3n, \u00a0 los contratos que en Medios impresos\u00a0 medios impresos y radiof\u00f3nicos \u00a0 contratos\u00a0 con los gobiernos de Coahuila e Hidalgo, &#8220;casualmente&#8221;\u00a0 gobiernos emanados del PRI.<\/p>\n\n\n\n<p>Agrego luego que,\u00a0 &#8220;mantiene contratos tambi\u00e9n con el Ayuntamiento de Torre\u00f3n, de ah\u00ed que en este contexto\u00a0 dif\u00edcilmente puede mantener imparcialidad\u00a0 en sus tareas de comunicaci\u00f3n\u00a0 por los compromisos que tiene&#8221;.<\/p>\n\n\n\n<p>&#8220;Radio Torre\u00f3n debe de ser imparcial y no\u00a0 generar con su Director, cualquier conflicto de interes&#8221;.<\/p>\n\n\n\n<p>Agreg\u00f3 luego que, &#8220;el Se\u00f1or Banjam\u00edn Mijares, aparentemente\u00a0 pas\u00f3 sus derechos\u00a0 como socio, a otra persona, hace solo 15 d\u00edas, seg\u00fan nos han informado, pero \u00e9tica y moralmente\u00a0 creo que no&#8221;.<\/p>\n\n\n\n<p>&#8220;De ah\u00ed que solicit\u00f3 que se considere al ciudadano referido para ocupar la Direcci\u00f3n de Radio Torre\u00f3n y se considere un perfil que pueda ejercer\u00a0 tal responsabilidad\u00a0 con\u00a0 objetividad, imparcialidad profesionalismo y cercano a la cultura lagunera&#8221;.<\/p>\n\n\n\n<p>De poco valieron los exhortos a dejar atr\u00e1s posturas partidistas,\u00a0 y \u00a0 la defensa de la libertad de expresi\u00f3n\u00a0 y solicitar\u00a0 un voto de confianza\u00a0 para el susodicho\u00a0 a cargo del regidor priista Enrique Sarmiento\u00a0 y \u00a0 tomo la palabra, en la segunda ronda, el Regidor de MORENA\u00a0 Javier G\u00f3mez Ledezma, ratific\u00f3 su oposici\u00f3n  contra tal\u00a0 designaci\u00f3n, diciendo:<\/p>\n\n\n\n<p>&#8220;Lamento definitivamente este nombramiento, pues por mayor\u00eda va a pasar\u00a0 pues este tipo de votaciones por mayor\u00eda,\u00a0 y no acuerdo, se toma esta decisi\u00f3n, pero al escuchar a mis compa\u00f1eros,\u00a0 parece que estuvi\u00e9ramos hablando de personas distintas&#8221;.<\/p>\n\n\n\n<p>&#8220;Yo tengo\u00a0 toda mi vida viviendo en esta ciudad, escucho\u00a0 la radio todos los d\u00edas y nunca\u00a0 he escuchado\u00a0 hablar a la persona que ustedes definieron&#8221;.<\/p>\n\n\n\n<p>&#8220;Si bien la libertad de expresi\u00f3n\u00a0 es un derecho que todos debemos de defender, a ultranza, pero tambi\u00e9n que lo siga ejerciendo, pero desde donde lo ha hecho siempre, denostando, atacando. El \u00a0 periodismo es una cosa mucho mas seria y profunda a lo que \u00e9l hace todos los d\u00edas atr\u00e1s de un micr\u00f3fono, cuando \u00fanicamente con hip\u00f3tesis, dichos, ataca a quien no est\u00e9 del lado del gobierno donde generalmente tiene los convenios, la empresa para la que trabaja&#8221;.<\/p>\n\n\n\n<p>Una vez mas, afirm\u00f3 que, &#8220;lamento\u00a0 que se d\u00e9 este nombramiento. Se hab\u00eda dicho que\u00a0 \u00edbamos bien en todo lo anterior\u00a0 sin embargo\u00a0 sentamos hoy un precedente. De verdad,\u00a0 no estamos negando la libre expresi\u00f3n a nadie, pero\u00a0 en este caso, darle a esta persona tal cargo en Radio Torre\u00f3n\u00a0 y el Gobierno municipal\u00a0 \u00a0 una estaci\u00f3n publica, de todos los torreonenses, pues me parece\u00a0 algo lamentable&#8221;.<\/p>\n","protected":false},"excerpt":{"rendered":"<p>Torre\u00f3n, Coahuila.- Tras\u00a0 discusi\u00f3n y se\u00f1alamientos en contra por parte de\u00a0 regidores de\u00a0 la fracci\u00f3n de MORENA\u00a0 en el cabildo de este municipio,\u00a0 fue\u00a0 aprobado \u00a0 por mayor\u00eda el dictamen que a favor de la designaci\u00f3n\u00a0 de\u00a0 Benjam\u00edn Mijares, como nuevo titular de\u00a0 Radio\u00a0 Torre\u00f3n \u00a0 emitiera previamente a su favor \u00a0 la Comisi\u00f3n de Educaci\u00f3n, Arte y Cultura\u00a0 de tal \u00f3rgano colegiado.\u00a0 El tema, el n\u00famero\u00a0 XXI\u00a0 \u00a0 de&#8230;<\/p>\n","protected":false},"author":2,"featured_media":0,"comment_status":"closed","ping_status":"","sticky":false,"template":"","format":"standard","meta":{"footnotes":""},"categories":[5,28,19,7],"tags":[],"class_list":["post-7365","post","type-post","status-publish","format-standard","hentry","category-coahuila","category-la-laguna","category-morena","category-torreon","wpcat-5-id","wpcat-28-id","wpcat-19-id","wpcat-7-id"],"_links":{"self":[{"href":"https:\/\/www.aquilaguna.com\/index.php\/wp-json\/wp\/v2\/posts\/7365","targetHints":{"allow":["GET"]}}],"collection":[{"href":"https:\/\/www.aquilaguna.com\/index.php\/wp-json\/wp\/v2\/posts"}],"about":[{"href":"https:\/\/www.aquilaguna.com\/index.php\/wp-json\/wp\/v2\/types\/post"}],"author":[{"embeddable":true,"href":"https:\/\/www.aquilaguna.com\/index.php\/wp-json\/wp\/v2\/users\/2"}],"replies":[{"embeddable":true,"href":"https:\/\/www.aquilaguna.com\/index.php\/wp-json\/wp\/v2\/comments?post=7365"}],"version-history":[{"count":1,"href":"https:\/\/www.aquilaguna.com\/index.php\/wp-json\/wp\/v2\/posts\/7365\/revisions"}],"predecessor-version":[{"id":7366,"href":"https:\/\/www.aquilaguna.com\/index.php\/wp-json\/wp\/v2\/posts\/7365\/revisions\/7366"}],"wp:attachment":[{"href":"https:\/\/www.aquilaguna.com\/index.php\/wp-json\/wp\/v2\/media?parent=7365"}],"wp:term":[{"taxonomy":"category","embeddable":true,"href":"https:\/\/www.aquilaguna.com\/index.php\/wp-json\/wp\/v2\/categories?post=7365"},{"taxonomy":"post_tag","embeddable":true,"href":"https:\/\/www.aquilaguna.com\/index.php\/wp-json\/wp\/v2\/tags?post=7365"}],"curies":[{"name":"wp","href":"https:\/\/api.w.org\/{rel}","templated":true}]}}