{"id":7367,"date":"2022-02-25T19:44:53","date_gmt":"2022-02-26T01:44:53","guid":{"rendered":"https:\/\/www.aquilaguna.com\/?p=7367"},"modified":"2022-02-25T19:44:53","modified_gmt":"2022-02-26T01:44:53","slug":"asegura-alcalde-de-torreon-que-actuara-sin-contemplaciones-a-quienes-resulten-responsables-de-quebranto-de-simas-torreon","status":"publish","type":"post","link":"https:\/\/www.aquilaguna.com\/index.php\/2022\/02\/25\/asegura-alcalde-de-torreon-que-actuara-sin-contemplaciones-a-quienes-resulten-responsables-de-quebranto-de-simas-torreon\/","title":{"rendered":"Asegura alcalde de Torre\u00f3n que actuar\u00e1 sin contemplaciones a quienes resulten responsables de quebranto de SIMAS-Torre\u00f3n."},"content":{"rendered":"\n<p>Torre\u00f3n, Coahuila.- Asegura el alcalde Rom\u00e1n Alberto Cepeda tras\u00a0 reiterar\u00a0 el desastre financiero y t\u00e9cnico \u00a0 que registra\u00a0 le Sistema Municipal de Agua y Saneamiento de Torre\u00f3n,\u00a0 que suma\u00a0 mas de 240 millones de pesos\u00a0 de d\u00e9ficit,\u00a0 mas 800 millones que acumula en cuentas\u00a0 por cobrar por los servicios que presta,\u00a0 litigios judiciales \u00a0 que\u00a0 entabl\u00f3 y no se finiquitan, escasez de \u00a0 caudales suficientes de agua para el abasto de la poblaci\u00f3n tras\u00a0 contar con 40 pozos de abasto\u00a0 colapsados o caducos \u00a0 de los poco mas de\u00a0 90 con los que cuenta, etc., etc.,\u00a0 no\u00a0 habr\u00e1 contemplaci\u00f3n alguna para quienes\u00a0 resulten\u00a0 probables o susceptibles de que se finquen las responsabilidades\u00a0 correspondientes.<\/p>\n\n\n\n<p>Lo anterior luego de conocerse, al menos de manera formal\u00a0 el avance\u00a0 que revelara\u00a0 \u00a0 el\u00a0 Titular de la paramunicipal ingeniero Lauro Villarreal Navarro,\u00a0 ante\u00a0 la\u00a0 Comisi\u00f3n de Regidores \u00a0 miembros de la Comisi\u00f3n del Agua en el Cabildo del municipio\u00a0 tras su encuentro con \u00a0 el\u00a0 funcionario citado, pero en reuni\u00f3n privada, pues\u00a0 ni tan solo conoci\u00f3 del\u00a0 tal encuentro\u00a0 los Medios, mas all\u00e1 que por la tarde se gir\u00f3 un escueto bolet\u00edn.\u00a0<\/p>\n\n\n\n<p>En principio se\u00a0 dec\u00eda que seria el alcalde quien este mismo d\u00eda estar\u00eda presidiendo una rueda de prensa para tratar el caso de SIMAS de manera mas prolija, pero no result\u00f3 as\u00ed, todo devino en breve y a veces convulsa y confusa\u00a0 entrevista, a toda prisa dada la premura del alcalde,\u00a0 que iba ya rumbo a otra reuni\u00f3n.\u00a0<\/p>\n\n\n\n<p>Brevemente indic\u00f3 que est\u00e1 en marcha \u00a0 la\u00a0 licitaci\u00f3n para la perforaci\u00f3n\u00a0 y equipamiento de cuando menos\u00a0 ocho nuevos pozos de abasto, de cara a la temporada \u00a0 veraniega y\u00a0 en la que se \u00a0 registra\u00a0 la mayor demanda de agua entre la poblaci\u00f3n.<\/p>\n\n\n\n<p>No defini\u00f3 con claridad\u00a0 de donde se estar\u00e1n\u00a0 tomando los recursos para tales obras,\u00a0 si es que la\u00a0 empresa SIMAS, est\u00e1 pr\u00e1cticamente\u00a0 en quiebra, lo que posiblemente\u00a0 se conozca en lo d\u00edas siguientes.<\/p>\n\n\n\n<p>Expreso tambi\u00e9n que,\u00a0 &#8220;las responsabilidades\u00a0 que\u00a0 se generen\u00a0 por los \u00a0 quebrantos de SIMAS por parte de sus anteriores\u00a0 administradores, est\u00e1 aun en proceso, este no ha sido agotado, pues se corren todas las formalidades de la ley al respecto, y ser\u00e1 al t\u00e9rmino de los plazos que la misma ley fija cuando se puedan desprenden las posibles responsabilidades, si es que\u00a0 se incurri\u00f3 en ella y quienes deber\u00e1n responder\u00a0 por \u00a0 tales situaciones&#8221;.\u00a0<\/p>\n\n\n\n<p>Eso, reafirm\u00f3 ante los representantes de los Medios, no habr\u00e1 contemplaci\u00f3n alguna de su parte, para quienes resulten responsables\u00a0 de los quebrantos o da\u00f1os que registre el patrimonio de la \u00fanica empresa paramunicipal de Torre\u00f3n.<\/p>\n","protected":false},"excerpt":{"rendered":"<p>Torre\u00f3n, Coahuila.- Asegura el alcalde Rom\u00e1n Alberto Cepeda tras\u00a0 reiterar\u00a0 el desastre financiero y t\u00e9cnico \u00a0 que registra\u00a0 le Sistema Municipal de Agua y Saneamiento de Torre\u00f3n,\u00a0 que suma\u00a0 mas de 240 millones de pesos\u00a0 de d\u00e9ficit,\u00a0 mas 800 millones que acumula en cuentas\u00a0 por cobrar por los servicios que presta,\u00a0 litigios judiciales \u00a0 que\u00a0 entabl\u00f3 y no se finiquitan, escasez de \u00a0 caudales suficientes de agua para el abasto&#8230;<\/p>\n","protected":false},"author":2,"featured_media":0,"comment_status":"closed","ping_status":"","sticky":false,"template":"","format":"standard","meta":{"footnotes":""},"categories":[5,28,82,7],"tags":[],"class_list":["post-7367","post","type-post","status-publish","format-standard","hentry","category-coahuila","category-la-laguna","category-simas","category-torreon","wpcat-5-id","wpcat-28-id","wpcat-82-id","wpcat-7-id"],"_links":{"self":[{"href":"https:\/\/www.aquilaguna.com\/index.php\/wp-json\/wp\/v2\/posts\/7367","targetHints":{"allow":["GET"]}}],"collection":[{"href":"https:\/\/www.aquilaguna.com\/index.php\/wp-json\/wp\/v2\/posts"}],"about":[{"href":"https:\/\/www.aquilaguna.com\/index.php\/wp-json\/wp\/v2\/types\/post"}],"author":[{"embeddable":true,"href":"https:\/\/www.aquilaguna.com\/index.php\/wp-json\/wp\/v2\/users\/2"}],"replies":[{"embeddable":true,"href":"https:\/\/www.aquilaguna.com\/index.php\/wp-json\/wp\/v2\/comments?post=7367"}],"version-history":[{"count":1,"href":"https:\/\/www.aquilaguna.com\/index.php\/wp-json\/wp\/v2\/posts\/7367\/revisions"}],"predecessor-version":[{"id":7368,"href":"https:\/\/www.aquilaguna.com\/index.php\/wp-json\/wp\/v2\/posts\/7367\/revisions\/7368"}],"wp:attachment":[{"href":"https:\/\/www.aquilaguna.com\/index.php\/wp-json\/wp\/v2\/media?parent=7367"}],"wp:term":[{"taxonomy":"category","embeddable":true,"href":"https:\/\/www.aquilaguna.com\/index.php\/wp-json\/wp\/v2\/categories?post=7367"},{"taxonomy":"post_tag","embeddable":true,"href":"https:\/\/www.aquilaguna.com\/index.php\/wp-json\/wp\/v2\/tags?post=7367"}],"curies":[{"name":"wp","href":"https:\/\/api.w.org\/{rel}","templated":true}]}}