{"id":7388,"date":"2022-02-28T20:32:41","date_gmt":"2022-03-01T02:32:41","guid":{"rendered":"https:\/\/www.aquilaguna.com\/?p=7388"},"modified":"2022-02-28T20:32:42","modified_gmt":"2022-03-01T02:32:42","slug":"asiste-mars-a-sesion-solemne-del-congreso-por-el-aniversario-100-de-el-siglo-de-torreon","status":"publish","type":"post","link":"https:\/\/www.aquilaguna.com\/index.php\/2022\/02\/28\/asiste-mars-a-sesion-solemne-del-congreso-por-el-aniversario-100-de-el-siglo-de-torreon\/","title":{"rendered":"ASISTE MARS A SESI\u00d3N SOLEMNE DEL CONGRESO POR EL ANIVERSARIO 100 DE \u2018EL SIGLO DE TORRE\u00d3N\u2019."},"content":{"rendered":"\n<p>Torre\u00f3n, Coahuila de Zaragoza; a 28 de Febrero de 2022.- El gobernador Miguel \u00c1ngel Riquelme Sol\u00eds asisti\u00f3 como invitado de honor a la Sesi\u00f3n Solemne que el Honorable Congreso del Estado realiz\u00f3 en esta ciudad con motivo del 100 Aniversario de El Siglo de Torre\u00f3n.<\/p>\n\n\n\n<p>Acompa\u00f1ado por su hom\u00f3logo de Durango, Jos\u00e9 Rosas Aispuro Torres, Riquelme Sol\u00eds mencion\u00f3 que como coahuilense, lagunero y titular del Ejecutivo Estatal, es un verdadero honor tener la oportunidad de celebrar el centenario de un peri\u00f3dico excepcional: El Siglo de Torre\u00f3n.<\/p>\n\n\n\n<p>El Mandatario coahuilense destac\u00f3 que pocos medios period\u00edsticos en el Pa\u00eds pueden preciarse de ello, y para esta entidad y su Gobierno es un orgullo tenerlo desde su fundaci\u00f3n por don Antonio de Juambelz y Bracho.<\/p>\n\n\n\n<p>Expres\u00f3 que desde su nacimiento, este medio se propuso formar y forjar opini\u00f3n, y desde entonces fue registro y memoria de los grandes acontecimientos de nuestra historia a lo largo de 100 a\u00f1os.<\/p>\n\n\n\n<p>Miguel Riquelme expuso que en los primeros a\u00f1os de este medio informativo, tiempos de cambios y de transformaciones, de opini\u00f3n p\u00fablica, democr\u00e1tica, formada y forjada en d\u00e9cadas de informaci\u00f3n, El Siglo fue un veh\u00edculo de difusi\u00f3n del conocimiento e impulsor de conciencias.<\/p>\n\n\n\n<p>Se\u00f1al\u00f3 que durante 100 a\u00f1os este medio ha sido testigo fiel y leal colaborador de los m\u00e1s importantes cambios sociales. Ha sido simiente de generaciones de periodistas poseedores del m\u00e1s alto sentido de la \u00e9tica profesional y del servicio a la comunidad.<\/p>\n\n\n\n<p>Su influencia positiva y anal\u00edtica en los procesos hist\u00f3ricos y pol\u00edticos es innegable.<\/p>\n\n\n\n<p>Riquelme Sol\u00eds subray\u00f3 que siempre ha mantenido firme su determinaci\u00f3n por transitar por los caminos de la patria y de luchar, con su pluma y su palabra, por las causas superiores de nuestro pueblo y de la naci\u00f3n.<\/p>\n\n\n\n<p>\u201cNos sentimos sumamente honrados, en conjunto con los Poderes del Estado y la sociedad, el Gobierno de Durango, de celebrar el primer Centenario del Siglo de Torre\u00f3n.<\/p>\n\n\n\n<p>\u201cMuchas felicidades a todo su equipo: Directivos, redactores, columnistas, investigadores, reporteros, dise\u00f1adores, fot\u00f3grafos y todo personal administrativo y de apoyo\u201d, expres\u00f3.<\/p>\n\n\n\n<p>El Gobernador de Coahuila reconoci\u00f3 que los m\u00faltiples premios acreditan su calidad, trascendencia y vigencia.<\/p>\n\n\n\n<p>Afirm\u00f3, adem\u00e1s, que seguir\u00e1 luchando con el acompa\u00f1amiento de organismos internacionales por proteger y garantizar los derechos de la labor period\u00edstica y de quienes la defienden, y dese\u00f3 larga vida institucional a este medio informativo.<\/p>\n\n\n\n<p>Por su parte, Antonio Gonz\u00e1lez-Karg de Juambelz, Director General de El Siglo de Torre\u00f3n, expres\u00f3 que su fundador logr\u00f3 que este peri\u00f3dico tuviera larga vida y se debe a La Comarca Lagunera, que le ha acompa\u00f1ado en el desarrollo de 100 a\u00f1os.<\/p>\n\n\n\n<p>\u201cSomos un lugar en el que aprender que la historia m\u00e1s humilde de un hombre es la de todos nosotros, nuestra fuerza es nuestra gente\u201d, cit\u00f3.<\/p>\n\n\n\n<p>\u201cEl legado de nuestro fundador, de nuestra casa editora es integridad, esp\u00edritu de libertad: so\u00f1ar por un mejor futuro\u201d, a\u00f1adi\u00f3 el directivo.<\/p>\n\n\n\n<p>Expres\u00f3 adem\u00e1s que la digitalizaci\u00f3n les puso un reto, el de reinventarse, pero han dado respuestas a las demandas del presente, con historias narradas por todos los formatos.<\/p>\n\n\n\n<p>\u201cHay que ser tercamente cl\u00e1sicos, libres\u201d, ratific\u00f3, y por tan larga vida agradeci\u00f3 a todos los que leen este peri\u00f3dico.<\/p>\n\n\n\n<p>El diputado Eduardo Olmos Castro, Presidente de la Junta de Gobierno del Congreso del Estado, dijo que hoy la historia de Torre\u00f3n est\u00e1 unida a un referente period\u00edstico, como lo es El Siglo de Torre\u00f3n.<\/p>\n\n\n\n<p>Inform\u00f3 que por tal motivo, se llev\u00f3 a cabo la Sesi\u00f3n Solemne en esta ciudad, y que existen muchas m\u00e1s de 100 razones para comentar la relaci\u00f3n de El Siglo con la Ciudad de Torre\u00f3n.<\/p>\n\n\n\n<p>Record\u00f3 que su primer ejemplar, el del 28 de febrero de 1922, fue entregado a sus lectores por 10 centavos y donde se hablaba de la pavimentaci\u00f3n.<\/p>\n\n\n\n<p>Olmos Castro agreg\u00f3 que este peri\u00f3dico inform\u00f3 del asesinato de \u201cPancho Villa\u201d, y que aqu\u00ed se dio oportunidad a Magdalena Mondrag\u00f3n, que fue la primera mujer en dirigir un peri\u00f3dico en Am\u00e9rica Latina.<\/p>\n\n\n\n<p>Afirm\u00f3 que nunca debe olvidarse que el fortalecimiento de la democracia est\u00e1 relacionado a tener medios cr\u00edticos e independientes.<\/p>\n\n\n\n<p>De la misma manera, se\u00f1al\u00f3 que mientras era Alcalde de esta ciudad, este medio sufri\u00f3 un ataque debido a la inseguridad: \u201cEse d\u00eda la prensa no fue silenciada, por el contrario, mantuvo su entereza\u201d, asegur\u00f3.<\/p>\n\n\n\n<p>\u201cLa prensa es el instrumento m\u00e1s eficaz y m\u00e1s activo en el progreso, por eso las y los diputados proteger\u00e1n la labor period\u00edstica en la entidad.<\/p>\n\n\n\n<p>\u201cEl alma de un peri\u00f3dico yace en su anhelo de proporcionar lo mejor a su p\u00fablico: larga vida a El Siglo de Torre\u00f3n\u201d, puntualiz\u00f3.<\/p>\n\n\n\n<p>En su momento, el Gobernador duranguense, Jos\u00e9 Rosas Aispuro Torres, dijo que hablar de este medio es hablar de la evoluci\u00f3n de esta tierra.<\/p>\n\n\n\n<p>\u201cEl periodismo requiere comprender a los dem\u00e1s, nadie puede escribir de algo sin haber compartido un tramo de vida; agradezco que me invitaran a esta Sesi\u00f3n Solemne\u201d, sostuvo.<\/p>\n\n\n\n<p>Mencion\u00f3 que sus fundadores fueron capaces de vencer al desierto y convertir a esta zona en un polo de desarrollo nacional, una regi\u00f3n que hermana a Durango y a Coahuila y que es de las m\u00e1s pr\u00f3speras del Pa\u00eds.<\/p>\n\n\n\n<p>\u201cEl Siglo es un referente de La Laguna y del periodismo independiente, de \u00e9tica profesional y el ejercicio digno de la libertad de prensa.<\/p>\n\n\n\n<p>\u201cAfortunadamente esta zona est\u00e1 lejos de la inseguridad del pasado, ni la pandemia silenci\u00f3 la sala de redacci\u00f3n, pues este medio sigui\u00f3 con su compromiso de informar a la sociedad\u201d, se\u00f1al\u00f3 Rosas Aispuro.<\/p>\n\n\n\n<p>Indic\u00f3 que su deber como Gobierno es garantizar que nadie sea perseguido por su manera de pensar: \u201cMi reconocimiento, a nombre de los duranguenses, por estos primeros 100 a\u00f1os de historia\u201d.<\/p>\n\n\n\n<p>A esta sesi\u00f3n solemne se dieron cita, adem\u00e1s, el Presidente del Tribunal Superior de Justicia, Miguel Felipe Mery Ayup; el Coronel de Infanter\u00eda El\u00edas Alejandro Palomares Villegas, en representaci\u00f3n del General de Divisi\u00f3n Norberto Cort\u00e9s; y la senadora Ver\u00f3nica Mart\u00ednez Garc\u00eda.<\/p>\n\n\n\n<p>As\u00ed como diputados federales, locales, funcionarios estatales y regionales, escritores, representantes del sector cultural y educativo, empresarios, as\u00ed como empleados del peri\u00f3dico homenajeado por los 100 a\u00f1os de su fundaci\u00f3n.<\/p>\n","protected":false},"excerpt":{"rendered":"<p>Torre\u00f3n, Coahuila de Zaragoza; a 28 de Febrero de 2022.- El gobernador Miguel \u00c1ngel Riquelme Sol\u00eds asisti\u00f3 como invitado de honor a la Sesi\u00f3n Solemne que el Honorable Congreso del Estado realiz\u00f3 en esta ciudad con motivo del 100 Aniversario de El Siglo de Torre\u00f3n. Acompa\u00f1ado por su hom\u00f3logo de Durango, Jos\u00e9 Rosas Aispuro Torres, Riquelme Sol\u00eds mencion\u00f3 que como coahuilense, lagunero y titular del Ejecutivo Estatal, es un verdadero&#8230;<\/p>\n","protected":false},"author":1,"featured_media":7389,"comment_status":"closed","ping_status":"closed","sticky":false,"template":"","format":"standard","meta":{"footnotes":""},"categories":[5,15],"tags":[],"class_list":["post-7388","post","type-post","status-publish","format-standard","has-post-thumbnail","hentry","category-coahuila","category-gobierno-de-coahuila","wpcat-5-id","wpcat-15-id"],"_links":{"self":[{"href":"https:\/\/www.aquilaguna.com\/index.php\/wp-json\/wp\/v2\/posts\/7388","targetHints":{"allow":["GET"]}}],"collection":[{"href":"https:\/\/www.aquilaguna.com\/index.php\/wp-json\/wp\/v2\/posts"}],"about":[{"href":"https:\/\/www.aquilaguna.com\/index.php\/wp-json\/wp\/v2\/types\/post"}],"author":[{"embeddable":true,"href":"https:\/\/www.aquilaguna.com\/index.php\/wp-json\/wp\/v2\/users\/1"}],"replies":[{"embeddable":true,"href":"https:\/\/www.aquilaguna.com\/index.php\/wp-json\/wp\/v2\/comments?post=7388"}],"version-history":[{"count":1,"href":"https:\/\/www.aquilaguna.com\/index.php\/wp-json\/wp\/v2\/posts\/7388\/revisions"}],"predecessor-version":[{"id":7390,"href":"https:\/\/www.aquilaguna.com\/index.php\/wp-json\/wp\/v2\/posts\/7388\/revisions\/7390"}],"wp:featuredmedia":[{"embeddable":true,"href":"https:\/\/www.aquilaguna.com\/index.php\/wp-json\/wp\/v2\/media\/7389"}],"wp:attachment":[{"href":"https:\/\/www.aquilaguna.com\/index.php\/wp-json\/wp\/v2\/media?parent=7388"}],"wp:term":[{"taxonomy":"category","embeddable":true,"href":"https:\/\/www.aquilaguna.com\/index.php\/wp-json\/wp\/v2\/categories?post=7388"},{"taxonomy":"post_tag","embeddable":true,"href":"https:\/\/www.aquilaguna.com\/index.php\/wp-json\/wp\/v2\/tags?post=7388"}],"curies":[{"name":"wp","href":"https:\/\/api.w.org\/{rel}","templated":true}]}}