{"id":7396,"date":"2022-03-01T19:05:48","date_gmt":"2022-03-02T01:05:48","guid":{"rendered":"https:\/\/www.aquilaguna.com\/?p=7396"},"modified":"2022-03-01T19:05:48","modified_gmt":"2022-03-02T01:05:48","slug":"realizan-alumnos-de-la-uadec-una-estancia-con-la-ministra-de-la-suprema-corte-de-justicia-de-la-nacion-ana-margarita-rios-farjat","status":"publish","type":"post","link":"https:\/\/www.aquilaguna.com\/index.php\/2022\/03\/01\/realizan-alumnos-de-la-uadec-una-estancia-con-la-ministra-de-la-suprema-corte-de-justicia-de-la-nacion-ana-margarita-rios-farjat\/","title":{"rendered":"Realizan Alumnos de la UAdeC una Estancia con la Ministra de la Suprema Corte de Justicia de la Naci\u00f3n, Ana Margarita R\u00edos Farjat."},"content":{"rendered":"\n<p>SALTILLO, Coahuila. 1 de marzo de 2022.- Para inaugurar las actividades de la<br>\u201cC\u00e1tedra de Derechos Humanos Ministra Ana Margarita R\u00edos Farjat\u201d, que se<br>instituy\u00f3 en septiembre de 2021 en la Universidad Aut\u00f3noma de Coahuila, tres<br>alumnos de la Facultad de Jurisprudencia realizar\u00e1n una estancia en l\u00ednea de tres<br>meses en el Programa de Pr\u00e1cticas Judiciales de la Suprema Corte de Justicia de<br>la Naci\u00f3n en la ponencia de la ministra Ana Margarita R\u00edos Farjat.<\/p>\n\n\n\n<p>La \u201cC\u00e1tedra de Derechos Humanos Ministra Ana Margarita R\u00edos Farjat\u201d fue<br>impulsada por la Defensor\u00eda de los Derechos Humanos Universitarios de la<br>UAdeC en su quinto aniversario, por lo que la titular de esta dependencia, la Dra.<br>Magda Yadira Robles Garza, coment\u00f3 que como primera actividad del a\u00f1o de<br>dicha c\u00e1tedra se abri\u00f3 la convocatoria para alumnos de derecho de la instituci\u00f3n<br>para realizar una estancia en la ponencia de la Ministra Ana Margarita R\u00edos Farjat.<\/p>\n\n\n\n<p>Se\u00f1al\u00f3 que los alumnos que se postularon deb\u00edan cursar del quinto semestre en<br>adelante y para seleccionarlos se tom\u00f3 en cuenta que tuvieran un promedio arriba<br>de 85, adem\u00e1s se revis\u00f3 cada curriculum para conocer cuales materias hab\u00edan<br>cursado y de parte de la ponencia les realizaron una entrevista para conocer sus<br>valores, capacidad de trabajar en equipo, esp\u00edritu de servicio y colaboraci\u00f3n.<\/p>\n\n\n\n<p>Robles Garza, se\u00f1al\u00f3 que lo que vivir\u00e1n los j\u00f3venes ser\u00e1 una experiencia muy<br>enriquecedora, porque no solamente van a aprender sobre derecho y derechos<br>humanos, sino que tambi\u00e9n de redacci\u00f3n, argumentaci\u00f3n, a trabajar en equipo con<br>otros estudiantes y con el personal de la ministra, ya que estar\u00e1n en contacto con<br>los secretarios de estudio y cuenta y tendr\u00e1n en reuniones semanales para discutir<br>casos.<\/p>\n\n\n\n<p>Fernanda God\u00ednez Varela, alumna de octavo semestre de la Facultad de<br>Jurisprudencia, realizar\u00e1 su estancia en el \u00c1rea Administrativa y ya se encuentra<br>trabajando con sus asesores y enfoc\u00e1ndose en tareas espec\u00edficas como<br>res\u00famenes de dict\u00e1menes.<\/p>\n\n\n\n<p>Se\u00f1al\u00f3 que haber sido elegida para realizar esta estancia es uno de los logros<br>m\u00e1s grandes en su carrera estudiantil y profesional, por lo que recalc\u00f3 que espera<br>aprender mucho de esta experiencia, ya que adem\u00e1s marcar\u00e1 un precedente muy<br>importante en su curriculum.<\/p>\n\n\n\n<p>\u201cHay que aprovechar todas las oportunidades, acepto todos los retos, tal vez en el<br>momento me presione y est\u00e9 estresada, pero siempre saco todo adelante, yo creo<br>que por eso estoy donde estoy y les digo a todos que no dejen pasar nada de lo<br>que se les presente\u201d, dijo.<\/p>\n\n\n\n<p>Fernanda God\u00ednez, coment\u00f3 que la estancia es remunerada y se realizar\u00e1 en<br>l\u00ednea, por lo que ser\u00e1 como un trabajo estilo home office, pues se les asignar\u00e1n<br>tareas y tendr\u00e1n un tiempo determinado para terminarlas, por lo que podr\u00e1n<br>trabajar cuando tengan tiempo libre de su carga acad\u00e9mica.<\/p>\n\n\n\n<p>Por su parte, Virginia Elena Cepeda Garc\u00eda, quien cursa el d\u00e9cimo semestre en el<br>plantel, estar\u00e1 desarroll\u00e1ndose en el \u00c1rea Penal y trabajar\u00e1 en dict\u00e1menes de<br>proyectos de sentencia y se\u00f1al\u00f3 que realizar esta estancia significa cumplir una de<br>sus m\u00e1s grandes metas, ya que desde ni\u00f1a sinti\u00f3 inter\u00e9s por el derecho, pues<br>viene de una familia que est\u00e1 integrada por abogados.<\/p>\n\n\n\n<p>\u201cSiempre me ha llamado la carrera de derecho y con el hecho de estar en la<br>estancia con la Suprema Corte se me cumple un sue\u00f1o, s\u00e9 que voy a aprender<br>mucho, ya que muchas cosas son nuevas para m\u00ed y eso me hace investigar,<br>consultar y prepararme m\u00e1s para la siguiente vez y estar al nivel que est\u00e1n<br>buscando\u201d, dijo.<\/p>\n\n\n\n<p>Virginia Cepeda, se\u00f1al\u00f3 que formar parte del Programa de Pr\u00e1cticas Judiciales de<br>la Suprema Corte de Justicia de la Naci\u00f3n le abrir\u00e1 muchas puertas, pues se<br>tomar\u00e1 en cuenta su capacitaci\u00f3n y se\u00f1al\u00f3 que es posible que al terminar esta<br>estancia se les ampl\u00ede y contin\u00faen colaborando.<\/p>\n\n\n\n<p>Mientras que, Jes\u00fas Alberto S\u00e1nchez Rodr\u00edguez, tambi\u00e9n de d\u00e9cimo semestre,<br>realizar\u00e1 de igual manera su estancia en el \u00c1rea Penal y revisar\u00e1 acciones de<br>inconstitucionalidad, sentencias y proyectos de sentencias y recalc\u00f3 que es una<br>gran oportunidad para conocer c\u00f3mo trabaja la corte en otro nivel.<\/p>\n\n\n\n<p>\u201cCreo que realizar esta estancia me ayudar\u00e1 a saber c\u00f3mo organizar mis tiempos,<br>voy a aprender mucho, el haber sido seleccionado es algo muy satisfactorio para<br>m\u00ed, muchas veces aspir\u00e9 a distintos programas y en ocasiones no se me hab\u00eda<br>dado la oportunidad, pero lleg\u00f3 esta y la quiero aprovechar al m\u00e1ximo\u201d, dijo.<\/p>\n\n\n\n<p>Jes\u00fas Alberto S\u00e1nchez, invita a todos los alumnos de la Universidad Aut\u00f3noma de<br>Coahuila a aprovechar cada una de las oportunidades que se les presenten y a no<br>desanimarse y esforzarse en todo lo que hagan.<\/p>\n","protected":false},"excerpt":{"rendered":"<p>SALTILLO, Coahuila. 1 de marzo de 2022.- Para inaugurar las actividades de la\u201cC\u00e1tedra de Derechos Humanos Ministra Ana Margarita R\u00edos Farjat\u201d, que seinstituy\u00f3 en septiembre de 2021 en la Universidad Aut\u00f3noma de Coahuila, tresalumnos de la Facultad de Jurisprudencia realizar\u00e1n una estancia en l\u00ednea de tresmeses en el Programa de Pr\u00e1cticas Judiciales de la Suprema Corte de Justicia dela Naci\u00f3n en la ponencia de la ministra Ana Margarita R\u00edos Farjat&#8230;.<\/p>\n","protected":false},"author":1,"featured_media":7397,"comment_status":"closed","ping_status":"closed","sticky":false,"template":"","format":"standard","meta":{"footnotes":""},"categories":[2],"tags":[],"class_list":["post-7396","post","type-post","status-publish","format-standard","has-post-thumbnail","hentry","category-uadec","wpcat-2-id"],"_links":{"self":[{"href":"https:\/\/www.aquilaguna.com\/index.php\/wp-json\/wp\/v2\/posts\/7396","targetHints":{"allow":["GET"]}}],"collection":[{"href":"https:\/\/www.aquilaguna.com\/index.php\/wp-json\/wp\/v2\/posts"}],"about":[{"href":"https:\/\/www.aquilaguna.com\/index.php\/wp-json\/wp\/v2\/types\/post"}],"author":[{"embeddable":true,"href":"https:\/\/www.aquilaguna.com\/index.php\/wp-json\/wp\/v2\/users\/1"}],"replies":[{"embeddable":true,"href":"https:\/\/www.aquilaguna.com\/index.php\/wp-json\/wp\/v2\/comments?post=7396"}],"version-history":[{"count":1,"href":"https:\/\/www.aquilaguna.com\/index.php\/wp-json\/wp\/v2\/posts\/7396\/revisions"}],"predecessor-version":[{"id":7398,"href":"https:\/\/www.aquilaguna.com\/index.php\/wp-json\/wp\/v2\/posts\/7396\/revisions\/7398"}],"wp:featuredmedia":[{"embeddable":true,"href":"https:\/\/www.aquilaguna.com\/index.php\/wp-json\/wp\/v2\/media\/7397"}],"wp:attachment":[{"href":"https:\/\/www.aquilaguna.com\/index.php\/wp-json\/wp\/v2\/media?parent=7396"}],"wp:term":[{"taxonomy":"category","embeddable":true,"href":"https:\/\/www.aquilaguna.com\/index.php\/wp-json\/wp\/v2\/categories?post=7396"},{"taxonomy":"post_tag","embeddable":true,"href":"https:\/\/www.aquilaguna.com\/index.php\/wp-json\/wp\/v2\/tags?post=7396"}],"curies":[{"name":"wp","href":"https:\/\/api.w.org\/{rel}","templated":true}]}}