{"id":7414,"date":"2022-03-02T08:03:21","date_gmt":"2022-03-02T14:03:21","guid":{"rendered":"https:\/\/www.aquilaguna.com\/?p=7414"},"modified":"2022-03-02T08:14:40","modified_gmt":"2022-03-02T14:14:40","slug":"piensa-senador-armando-guadiana-que-reforma-electrica-va","status":"publish","type":"post","link":"https:\/\/www.aquilaguna.com\/index.php\/2022\/03\/02\/piensa-senador-armando-guadiana-que-reforma-electrica-va\/","title":{"rendered":"Piensa Senador Armando Guadiana que reforma el\u00e9ctrica va."},"content":{"rendered":"\n<p>Torre\u00f3n, Coahuila.- El Senador Armando Guadiana&nbsp; Tijerina, &#8220;p\u00edensa&#8221;&nbsp; que la reforma el\u00e9ctrica y energ\u00e9tica propuesta&nbsp; a los legisladores federales &#8220;se tienen que aprobar&#8221;, si bien&nbsp; &#8220;el transitorio dos deber\u00eda eliminarse porque no puede tasarse&nbsp; igual a&nbsp; quienes obraron mal&nbsp; y a la gente buena en los contratos&#8221;.<\/p>\n\n\n\n<p>Preguntado sobre tal transitorio citado, el Senador Guadiana,&nbsp; ilustr\u00f3 que el mismo se refiere a, &#8220;que todos los contratos solicitudes y peticiones nuevas, como es el caso de parques e\u00f3licos, solares o plantas de ciclo combinado, a todos ya se les acab\u00f3 el corrido&#8221;.<\/p>\n\n\n\n<p>Luego de tan florida&nbsp; explicaci\u00f3n, el legislador morenista afirm\u00f3, &nbsp; &#8220;pienso que tales contratos, se cancelan&#8221;.<\/p>\n\n\n\n<p>&nbsp;&#8220;Todos los que est\u00e1n mal, y los que est\u00e1n bien, pues siguen&#8221;.<\/p>\n\n\n\n<p>Reconoci\u00f3 que entre estos &#8220;buenos contratos&#8221; hay fondo de las Afores, de fondos de ahorro, ahorros de Estados Unidos y otros pa\u00edses que&nbsp; est\u00e1n metidos en esos negocios.<\/p>\n\n\n\n<p>De ah\u00ed, expreso, &#8220;que hay que analizarlos a todos, de uno a uno&#8221;.<\/p>\n\n\n\n<p>Manifest\u00f3  que&nbsp; a la reforma el\u00e9ctrica, &#8220;aun le falta tiempo para definirla,&nbsp; toda vez que la C\u00e1mara de Diputados tiene que revisar, analizar&nbsp; los contratos existentes, uno a uno&#8221;.&nbsp;&nbsp;<\/p>\n\n\n\n<p><strong>DE CHAPULINES HABLANDO.&nbsp;<\/strong><\/p>\n\n\n\n<p>En otro tema, y ante el acompa\u00f1amiento, quiz\u00e1s circunstancial,&nbsp; al&nbsp; hacer su arribo como invitado a un acto oficial celebrado en esta ciudad, flanqueado por el senador Ricardo Monreal&nbsp; y Dante Delgado  l\u00edder de&nbsp; Movimiento Ciudadano,&nbsp; raudo aclar\u00f3&nbsp; tal compa\u00f1\u00eda con este ultimo, diciendo que,  &#8220;yo estoy con&nbsp; MORENA, no soy chapulin&#8221;, pero se le record\u00f3 su paso como militante priista,&nbsp; por lo que acab\u00f3 aceptando,&nbsp; que&nbsp;&#8220;solo una vez lo he sido. Chueco o derecho&#8221;.<\/p>\n","protected":false},"excerpt":{"rendered":"<p>Torre\u00f3n, Coahuila.- El Senador Armando Guadiana&nbsp; Tijerina, &#8220;p\u00edensa&#8221;&nbsp; que la reforma el\u00e9ctrica y energ\u00e9tica propuesta&nbsp; a los legisladores federales &#8220;se tienen que aprobar&#8221;, si bien&nbsp; &#8220;el transitorio dos deber\u00eda eliminarse porque no puede tasarse&nbsp; igual a&nbsp; quienes obraron mal&nbsp; y a la gente buena en los contratos&#8221;. Preguntado sobre tal transitorio citado, el Senador Guadiana,&nbsp; ilustr\u00f3 que el mismo se refiere a, &#8220;que todos los contratos solicitudes y peticiones nuevas,&#8230;<\/p>\n","protected":false},"author":2,"featured_media":0,"comment_status":"closed","ping_status":"","sticky":false,"template":"","format":"standard","meta":{"footnotes":""},"categories":[52,31,19,51],"tags":[],"class_list":["post-7414","post","type-post","status-publish","format-standard","hentry","category-energia","category-gobierno-federal","category-morena","category-senado","wpcat-52-id","wpcat-31-id","wpcat-19-id","wpcat-51-id"],"_links":{"self":[{"href":"https:\/\/www.aquilaguna.com\/index.php\/wp-json\/wp\/v2\/posts\/7414","targetHints":{"allow":["GET"]}}],"collection":[{"href":"https:\/\/www.aquilaguna.com\/index.php\/wp-json\/wp\/v2\/posts"}],"about":[{"href":"https:\/\/www.aquilaguna.com\/index.php\/wp-json\/wp\/v2\/types\/post"}],"author":[{"embeddable":true,"href":"https:\/\/www.aquilaguna.com\/index.php\/wp-json\/wp\/v2\/users\/2"}],"replies":[{"embeddable":true,"href":"https:\/\/www.aquilaguna.com\/index.php\/wp-json\/wp\/v2\/comments?post=7414"}],"version-history":[{"count":2,"href":"https:\/\/www.aquilaguna.com\/index.php\/wp-json\/wp\/v2\/posts\/7414\/revisions"}],"predecessor-version":[{"id":7420,"href":"https:\/\/www.aquilaguna.com\/index.php\/wp-json\/wp\/v2\/posts\/7414\/revisions\/7420"}],"wp:attachment":[{"href":"https:\/\/www.aquilaguna.com\/index.php\/wp-json\/wp\/v2\/media?parent=7414"}],"wp:term":[{"taxonomy":"category","embeddable":true,"href":"https:\/\/www.aquilaguna.com\/index.php\/wp-json\/wp\/v2\/categories?post=7414"},{"taxonomy":"post_tag","embeddable":true,"href":"https:\/\/www.aquilaguna.com\/index.php\/wp-json\/wp\/v2\/tags?post=7414"}],"curies":[{"name":"wp","href":"https:\/\/api.w.org\/{rel}","templated":true}]}}