{"id":7418,"date":"2022-03-02T08:14:23","date_gmt":"2022-03-02T14:14:23","guid":{"rendered":"https:\/\/www.aquilaguna.com\/?p=7418"},"modified":"2022-03-02T08:14:23","modified_gmt":"2022-03-02T14:14:23","slug":"afirma-rodrigo-fuentes-que-pri-votara-contra-reforma-energetica","status":"publish","type":"post","link":"https:\/\/www.aquilaguna.com\/index.php\/2022\/03\/02\/afirma-rodrigo-fuentes-que-pri-votara-contra-reforma-energetica\/","title":{"rendered":"Afirma Rodrigo Fuentes que PRI votar\u00e1 contra Reforma Energ\u00e9tica."},"content":{"rendered":"\n<p>Torre\u00f3n, Coahuila.-\u00a0 Sigue vigente el acuerdo de los diversos grupos parlamentarios\u00a0 en la C\u00e1mara de Diputados, para que se discuta\u00a0 los contenidos de la iniciativa que sobre la Reforma El\u00e9ctrica y de Energ\u00eda \u00a0 que fuera enviada \u00a0 por el Presidente L\u00f3pez Obrador,\u00a0 all\u00e1 por el mes de junio,\u00a0 y solo tras la realizaci\u00f3n de la consulta de\u00a0 revocaci\u00f3n de mandato.<\/p>\n\n\n\n<p>Ratific\u00f3 \u00a0 tal informaci\u00f3n\u00a0 el diputado federal Rodrigo Fuentes Avila, agregando que, &#8220;tal decisi\u00f3n de los participantes para que esta discusi\u00f3n, no se contamine con los temas pol\u00edticos&#8221;.<\/p>\n\n\n\n<p>Expreso que, &#8220;se discutieron todos los puntos, por parte de acad\u00e9micos, ambientalistas, empresarios\u00a0 \u00a0 y dem\u00e1s ciudadanos \u00a0 que se manifiestan ya sea a favor o en contra, pero la decisi\u00f3n final del controversial tema, ser\u00e1 decisi\u00f3n de todos y cada uno de las diputadas y diputados, que ser\u00e1 su decisiones, es pues\u00a0 cuesti\u00f3n de votos&#8221;.<\/p>\n\n\n\n<p>Nosotros, afirm\u00f3, &#8220;hemos sido muy claros,\u00a0 y me atrevo hablar por los diputados del PRI, bancada de la cual forma parte, \u00a0 ya que,\u00a0 pues los he escuchado&#8221;, anticipando que, &#8220;vamos a votar en contra&#8221;.<\/p>\n\n\n\n<p>Afirm\u00f3, &#8220;tenemos claridad de lo que se esta viviendo\u00a0 el pa\u00eds en este momento y tenemos\u00a0 que actuar con responsabilidad para con el futuro en el tema de las energ\u00edas limpias, una prueba de ello, es lo que tenemos en Coahuila&#8221;.<\/p>\n\n\n\n<p>Record\u00f3 que en este Estado, &#8220;tenemos el parque\u00a0 solar mas importante de latinoam\u00e9rica, y que las empresas de las que luego se queja el gobierno, son empresas que viene a hacer una sociedad con los ejidatarios&#8221;.<\/p>\n\n\n\n<p>&#8220;Los ejidatarios, son los due\u00f1os de las tierras&#8221;, citando\u00a0 el Parque ubicado en terrenos del Ejido Villanueva, municipio de Viesca,\u00a0 indicando que, &#8220;es la empresa\u00a0 quienes\u00a0 les est\u00e1n rentando tales superficies, y que constituyen\u00a0 una interesante fuente de ingresos y luego, pues como les habr\u00e1s de decir que tal beneficio\u00a0 ya no va a existir&#8221;.<\/p>\n\n\n\n<p>&#8220;Que en este tema, hay muchas cosas que hay que corregir, pues bueno a corregirlas, pero no necesitan para ello una reforma constitucional solo para corregir posibles errores que registra el gobierno&#8221;.<\/p>\n\n\n\n<p>&#8220;Entonces pues\u00a0 corrijamos los reglamentos, las leyes secundarias para lo cual no es necesario reforma constitucional alguna&#8221;.<\/p>\n\n\n\n<p>Sobre todo, afirma,\u00a0 &#8220;lo que esperamos es que el gobierno, asuma\u00a0 la rector\u00eda,\u00a0 que asuman su responsabilidad&#8221;.<\/p>\n\n\n\n<p>No la est\u00e1n asumiendo, afirma con todo respeto, &#8220;\u00bfpues qu\u00e9 experiencia puede tener el Director de la CFE?, \u00a0toda vez que \u00e9l, es solo bueno para desaparecer periodistas&#8221;.<\/p>\n","protected":false},"excerpt":{"rendered":"<p>Torre\u00f3n, Coahuila.-\u00a0 Sigue vigente el acuerdo de los diversos grupos parlamentarios\u00a0 en la C\u00e1mara de Diputados, para que se discuta\u00a0 los contenidos de la iniciativa que sobre la Reforma El\u00e9ctrica y de Energ\u00eda \u00a0 que fuera enviada \u00a0 por el Presidente L\u00f3pez Obrador,\u00a0 all\u00e1 por el mes de junio,\u00a0 y solo tras la realizaci\u00f3n de la consulta de\u00a0 revocaci\u00f3n de mandato. Ratific\u00f3 \u00a0 tal informaci\u00f3n\u00a0 el diputado federal Rodrigo Fuentes&#8230;<\/p>\n","protected":false},"author":2,"featured_media":0,"comment_status":"closed","ping_status":"","sticky":false,"template":"","format":"standard","meta":{"footnotes":""},"categories":[66,52,16],"tags":[],"class_list":["post-7418","post","type-post","status-publish","format-standard","hentry","category-diputados","category-energia","category-pri","wpcat-66-id","wpcat-52-id","wpcat-16-id"],"_links":{"self":[{"href":"https:\/\/www.aquilaguna.com\/index.php\/wp-json\/wp\/v2\/posts\/7418","targetHints":{"allow":["GET"]}}],"collection":[{"href":"https:\/\/www.aquilaguna.com\/index.php\/wp-json\/wp\/v2\/posts"}],"about":[{"href":"https:\/\/www.aquilaguna.com\/index.php\/wp-json\/wp\/v2\/types\/post"}],"author":[{"embeddable":true,"href":"https:\/\/www.aquilaguna.com\/index.php\/wp-json\/wp\/v2\/users\/2"}],"replies":[{"embeddable":true,"href":"https:\/\/www.aquilaguna.com\/index.php\/wp-json\/wp\/v2\/comments?post=7418"}],"version-history":[{"count":1,"href":"https:\/\/www.aquilaguna.com\/index.php\/wp-json\/wp\/v2\/posts\/7418\/revisions"}],"predecessor-version":[{"id":7419,"href":"https:\/\/www.aquilaguna.com\/index.php\/wp-json\/wp\/v2\/posts\/7418\/revisions\/7419"}],"wp:attachment":[{"href":"https:\/\/www.aquilaguna.com\/index.php\/wp-json\/wp\/v2\/media?parent=7418"}],"wp:term":[{"taxonomy":"category","embeddable":true,"href":"https:\/\/www.aquilaguna.com\/index.php\/wp-json\/wp\/v2\/categories?post=7418"},{"taxonomy":"post_tag","embeddable":true,"href":"https:\/\/www.aquilaguna.com\/index.php\/wp-json\/wp\/v2\/tags?post=7418"}],"curies":[{"name":"wp","href":"https:\/\/api.w.org\/{rel}","templated":true}]}}