{"id":7421,"date":"2022-03-02T18:17:45","date_gmt":"2022-03-03T00:17:45","guid":{"rendered":"https:\/\/www.aquilaguna.com\/?p=7421"},"modified":"2022-03-02T18:17:46","modified_gmt":"2022-03-03T00:17:46","slug":"reflexionaran-sobre-el-fotoperiodismo-contemporaneo-en-la-facultad-de-ciencias-de-la-comunicacion","status":"publish","type":"post","link":"https:\/\/www.aquilaguna.com\/index.php\/2022\/03\/02\/reflexionaran-sobre-el-fotoperiodismo-contemporaneo-en-la-facultad-de-ciencias-de-la-comunicacion\/","title":{"rendered":"Reflexionar\u00e1n sobre el Fotoperiodismo Contempor\u00e1neo en la Facultad de Ciencias de la Comunicaci\u00f3n."},"content":{"rendered":"\n<p>SALTILLO, Coahuila. 2 de marzo de 2022.- La Facultad de Ciencias de la<br>Comunicaci\u00f3n de la Universidad Aut\u00f3noma de Coahuila, invita a la charla<br>\u201cReflexiones sobre el Fotoperiodismo contempor\u00e1neo (1970 a la fecha)\u201d el pr\u00f3ximo<br>viernes 4 de marzo a las 12:00 horas por medio del Facebook Live \u201cCuerpo<br>acad\u00e9mico Cultura e Identidad\u201d.<\/p>\n\n\n\n<p>La actividad no requiere de registro previo y se realiza en coordinaci\u00f3n con la<br>Especialidad en Periodismo de la FCC y en el marco del seminario que lleva a<br>cabo el Cuerpo Acad\u00e9mico \u201cCultura e Identidad\u201d del mismo plantel; ser\u00e1 impartida<br>por Pedro Valtierra, fot\u00f3grafo y fundador de la agencia de fotograf\u00eda y revista<br>\u201cCuartoscuro\u201d, de la cual es director desde 1986.<\/p>\n\n\n\n<p>Valtierra naci\u00f3 en Fresnillo, Zacatecas el 29 de junio de 1955, se inici\u00f3 en 1973<br>como auxiliar de laboratorio de fotograf\u00eda y a partir de 1975, se desempe\u00f1\u00f3 como<br>fot\u00f3grafo en la Presidencia de la Rep\u00fablica; se ha destacado por su gran labor foto<br>period\u00edstica dando testimonio de los sucesos noticiosos internacionales m\u00e1s<br>importantes en los \u00faltimos 30 a\u00f1os.<\/p>\n\n\n\n<p>En el \u00e1mbito nacional, el fot\u00f3grafo realiz\u00f3 una cobertura fotogr\u00e1fica de gran<br>importancia hist\u00f3rica para nuestro pa\u00eds como la nacionalizaci\u00f3n de la banca en<br>1982, los terremotos de 1985, los conflictos poselectorales de 1988, el<br>levantamiento armado del Ejercito Zapatista de Liberaci\u00f3n Nacional (EZLN) en<br>1994, el asesinato de Luis Donaldo Colosio, adem\u00e1s de reportajes sobre aspectos<br>socioculturales de M\u00e9xico como la migraci\u00f3n y las comunidades ind\u00edgenas.<\/p>\n\n\n\n<p>Pedro Valtierra ha retratado a destacados personajes de la historia como ex<br>presidentes, pol\u00edticos, l\u00edderes religiosos, empresarios, escritores, artistas entre los<br>que destacan Jorge Luis Borges, Octavio Paz, Jaime Sabines, Jos\u00e9 Saramago,<br>Gabriel Garc\u00eda M\u00e1rquez, Elena Poniatowska, Rufino Tamayo, Jos\u00e9 Luis Cuevas,<br>Carlos Monsiv\u00e1is y Mar\u00eda F\u00e9lix.<\/p>\n\n\n\n<p>No te pierdas esta charla el viernes 4 de marzo a las 12:00 horas en la p\u00e1gina<br><a href=\"https:\/\/www.facebook.com\/cultura.e.identidad.cuerpo.academico.uadec\" target=\"_blank\" rel=\"noreferrer noopener\">https:\/\/www.facebook.com\/cultura.e.identidad.cuerpo.academico.uadec<\/a>, para m\u00e1s<br>informaci\u00f3n, visitar en Facebook \u201cFacultad de Ciencias de la Comunicaci\u00f3n<br>UAdeC.\u201d o llamar a los tel\u00e9fonos (844) 417 97 17 y (844) 417 00 62.<\/p>\n","protected":false},"excerpt":{"rendered":"<p>SALTILLO, Coahuila. 2 de marzo de 2022.- La Facultad de Ciencias de laComunicaci\u00f3n de la Universidad Aut\u00f3noma de Coahuila, invita a la charla\u201cReflexiones sobre el Fotoperiodismo contempor\u00e1neo (1970 a la fecha)\u201d el pr\u00f3ximoviernes 4 de marzo a las 12:00 horas por medio del Facebook Live \u201cCuerpoacad\u00e9mico Cultura e Identidad\u201d. La actividad no requiere de registro previo y se realiza en coordinaci\u00f3n con laEspecialidad en Periodismo de la FCC y en&#8230;<\/p>\n","protected":false},"author":1,"featured_media":7422,"comment_status":"closed","ping_status":"closed","sticky":false,"template":"","format":"standard","meta":{"footnotes":""},"categories":[2],"tags":[],"class_list":["post-7421","post","type-post","status-publish","format-standard","has-post-thumbnail","hentry","category-uadec","wpcat-2-id"],"_links":{"self":[{"href":"https:\/\/www.aquilaguna.com\/index.php\/wp-json\/wp\/v2\/posts\/7421","targetHints":{"allow":["GET"]}}],"collection":[{"href":"https:\/\/www.aquilaguna.com\/index.php\/wp-json\/wp\/v2\/posts"}],"about":[{"href":"https:\/\/www.aquilaguna.com\/index.php\/wp-json\/wp\/v2\/types\/post"}],"author":[{"embeddable":true,"href":"https:\/\/www.aquilaguna.com\/index.php\/wp-json\/wp\/v2\/users\/1"}],"replies":[{"embeddable":true,"href":"https:\/\/www.aquilaguna.com\/index.php\/wp-json\/wp\/v2\/comments?post=7421"}],"version-history":[{"count":1,"href":"https:\/\/www.aquilaguna.com\/index.php\/wp-json\/wp\/v2\/posts\/7421\/revisions"}],"predecessor-version":[{"id":7423,"href":"https:\/\/www.aquilaguna.com\/index.php\/wp-json\/wp\/v2\/posts\/7421\/revisions\/7423"}],"wp:featuredmedia":[{"embeddable":true,"href":"https:\/\/www.aquilaguna.com\/index.php\/wp-json\/wp\/v2\/media\/7422"}],"wp:attachment":[{"href":"https:\/\/www.aquilaguna.com\/index.php\/wp-json\/wp\/v2\/media?parent=7421"}],"wp:term":[{"taxonomy":"category","embeddable":true,"href":"https:\/\/www.aquilaguna.com\/index.php\/wp-json\/wp\/v2\/categories?post=7421"},{"taxonomy":"post_tag","embeddable":true,"href":"https:\/\/www.aquilaguna.com\/index.php\/wp-json\/wp\/v2\/tags?post=7421"}],"curies":[{"name":"wp","href":"https:\/\/api.w.org\/{rel}","templated":true}]}}