{"id":7437,"date":"2022-03-02T21:11:37","date_gmt":"2022-03-03T03:11:37","guid":{"rendered":"https:\/\/www.aquilaguna.com\/?p=7437"},"modified":"2022-03-02T21:11:37","modified_gmt":"2022-03-03T03:11:37","slug":"aqui-laguna-110","status":"publish","type":"post","link":"https:\/\/www.aquilaguna.com\/index.php\/2022\/03\/02\/aqui-laguna-110\/","title":{"rendered":"Aqu\u00ed Laguna."},"content":{"rendered":"\n<p>\u00a1Centenario! Con el que empez\u00f3 la semana presente y que en los hechos, transparent\u00f3 la siempre\u00a0 singular, por no decir espesa relaci\u00f3n que se mantiene en \u00e9ste pa\u00eds, desde hace ya mas de cien a\u00f1os, los podres de los Medios con los poderes p\u00fablicos\u00a0 en turno, que en lo p\u00fablico parecen siempre distantes, incluso\u00a0 \u00a0 enfrentados, pero\u00a0 en la realidad\u00a0 y a trav\u00e9s de m\u00faltiples vasos\u00a0 comunicantes, \u00a0 son\u00a0 de lo mas que estrecho,\u00a0 ya que prensa y poder p\u00fablico,\u00a0 parece\u00a0 v\u00edas paralelas, que siguen el mismo camino, siempre juntos, con\u00a0 distancia razonable\u00a0 o muy estrecha esta \u00faltima, hasta extinta en algunas ocasiones. De ah\u00ed que\u00a0 no resulte extra\u00f1o, como se volcaron en \u00a0 la celebraci\u00f3n centenaria de un diario regional, el poder en turno en\u00a0 sus\u00a0 \u00e1mbitos estatales y del municipio, brindando homenaje a trav\u00e9s de\u00a0 sesiones solemnes del Congreso del Estado en su honor, as\u00ed tambi\u00e9n con trascendidas comidas y cenas a\u00a0 selecto\u00a0 grupo de invitados.<\/p>\n\n\n\n<p>Bien pues\u00a0 por tales felicitaciones pues en este mundo pocas cosas, as\u00ed sean\u00a0 hombres o empresas logran arribar a\u00a0 la centenaria fecha y en el \u00a0 caso de la empresa en cuesti\u00f3n, de reconocer la persistencia, la tenacidad\u00a0 que impuso tal logro de parte no solo\u00a0 de su fundador, sino tambi\u00e9n quienes junto con \u00e9l,\u00a0 sus trabajadores\u00a0 y su cuerpo de redactores\u00a0 dieron cuerpo a \u00a0 la\u00a0 larga trayectoria, como lo es la publicaci\u00f3n ininterrumpida de las ediciones\u00a0 que abarcan\u00a0 un siglo de existencia en \u00e9ste mundo\u00a0 a trav\u00e9s de los avatares que impone la vida y las que marcan\u00a0 su relaci\u00f3n con el poder p\u00fablico, no solo con sus lectores\u00a0 y que hoy se encuentra\u00a0 en manos\u00a0 sus herederos, que lograron en un margen \u00a0 poco o mucho seg\u00fan se vea, en \u00e9sta \u00a0 regi\u00f3n\u00a0 en un segmento de sus pobladores, en especial, los que habitan las zonas urbanas, imponer\u00a0 su visi\u00f3n del mundo\u00a0 y marcar rumbo desde\u00a0 tal perspectiva, que no son otras que las generaron y generan\u00a0 los intereses que conformar el disco duro de\u00a0 su\u00a0 capital\u00a0 social pol\u00edtico e ideol\u00f3gico, si no, por qu\u00e9\u00a0 o para qu\u00e9 las presencias de un Ricardo Monreal, de una Dante Delgado \u00a0 por citar a algunos.<\/p>\n\n\n\n<p>Hoy el cumplea\u00f1ero\u00a0 centenario, tiene ante si el resto de sobrevivir y mas que nada sobresalir,\u00a0 que impone el cambio tecnol\u00f3gico, que tiende a eliminar las ediciones impresas,\u00a0 una vez que\u00a0 como paso inicial\u00a0 elimin\u00f3\u00a0 en especial, el monopolio\u00a0 de\u00a0 la gestaci\u00f3n de la opini\u00f3n p\u00fablica,\u00a0 al atomizar\u00a0 y dispersar\u00a0 de inmediato \u00a0 la\u00a0 informaci\u00f3n\u00a0 y opini\u00f3n \u00a0 de cualquier\u00a0 persona y desde cualquier\u00a0 lugar del mundo y que\u00a0 \u00a0 como lo hemos visto potencializ\u00f3 la pandemia, de la cual parece, solo parece, estamos saliendo.<\/p>\n\n\n\n<p>Con todo y ello,\u00a0 es de desear que la empresa period\u00edstica centenaria en esta ciudad de Torre\u00f3n\u00a0 tenga aun \u00a0 larga vida, \u00a0 en la que logre culminar\u00a0 su inacabada transici\u00f3n que\u00a0 la\u00a0 irrupci\u00f3n acelerada e imparable ya\u00a0 que el\u00a0 cambio tecnol\u00f3gico\u00a0 impone al mundo&#8230;<\/p>\n\n\n\n<p>Y un d\u00eda despu\u00e9s \u00a1martes de carnaval!\u00a0 preludio de silencio\u00a0 y recogimiento\u00a0 que otrora\u00a0 \u00a0 impon\u00eda\u00a0 la larga, larga cuaresma cristiana que vivieron a\u00f1os atr\u00e1s, nuestro abuelos. En tal fecha el mundillo pol\u00edtico de Coahuila, el quien es quien en esto espacio\u00a0 del quehacer humano,\u00a0 fue concentrado en Torre\u00f3n, todos los poderes estatales y de los 38 municipios\u00a0 por quien puede hacerlo, y\u00a0 que no es otro que el Gobernador Miguel Angel\u00a0 Riquelme\u00a0 Solis, se hicieron presentes en uno de los amplios salones del Centro de Convenciones\u00a0 para dar paso a la presentaci\u00f3n estelar, de Manolo, digo,\u00a0 no de su programa &#8220;Mejora Coahuila&#8221;, con el que se pretende elevar el nivel de vida de los coahuilenses, no solo de los mas pobres, con todo y que ya una amplia franja de la poblaci\u00f3n roza tales linderos, tarea a cargo\u00a0 del Secretario de Inclusi\u00f3n y Desarrollo Social en el Estado, licenciado Manolo Jim\u00e9nez Salinas, acto \u00a0 que mencionaron, no sin la jiribilla correspondiente \u00a0 diversos participantes en los actos laudatorios v celebrados en\u00a0 la v\u00edspera,\u00a0 rumiaron y esparcieron la versi\u00f3n de que el acto del martes,\u00a0 iba a corresponder\u00a0a un virtual &#8220;destape&#8221; de quien imputan ser el Delf\u00edn del Gobernador,\u00a0 y que finalmente en los hechos no result\u00f3 tal, si bien\u00a0 en tales concentraciones, la grilla \u00a0 brilla en su esplendor, que finalmente resulta ser\u00a0 signo de los tiempos pol\u00edtico-electorales que ya corren en Coahuila, as\u00ed sean de  manea del todo\u00a0 informal, y que tambi\u00e9n incluyen\u00a0 la persistente rumorolog\u00eda de que es inminente el\u00a0 cambio en la dirigencia del\u00a0 Partido Revolucionario institucional, que en los hechos se encuentra mas firme\u00a0 que nunca, cuando apenas empieza el cambio de los directivos\u00a0 municipales.<\/p>\n\n\n\n<p>As\u00ed tambi\u00e9n en esta \u2018&#8221;bola&#8221;, se arroja el\u00a0 nombre del alcalde de Torre\u00f3n Rom\u00e1n Alberto Cepeda, como\u00a0 aspirante a la postulaci\u00f3n\u00a0 priista o de\u00a0 la alianza tripartidista,\u00a0 como su candidato a gobernador, \u00a0 versi\u00f3n que \u00a0hace alzar las cejas a mas de cuatro, \u00a0 con todo y que tal canto de sirenas puede dar paso a complicaciones \u00a0 por dem\u00e1s serias en la plataforma tricolor, a la que tambi\u00e9n\u00a0 insiste en subirse\u00a0 el saltillense Jerico Abramo, aun l\u00edder de la bandada legislativa federal del tricolor y quien p\u00fablicamente \u00a0 ha expresado su intenci\u00f3n de alcanzar\u00a0 la postulaci\u00f3n citada&#8230;<\/p>\n\n\n\n<p>Y eso\u00a0 por ahora\u00a0 no es privativo del PRI, veamos lo que pasa en las filas de MORENA, donde \u00a0 un d\u00eda si y el otro tambi\u00e9n el Senador Armando Guadiana Tijerina \u00a0 no deja de\u00a0 expresar su deseo de entrar en la contienda sucesoria, a la que est\u00e1n mas que apuntados,\u00a0 Javier Guerrero Garc\u00edia, que\u00a0 fiel a su estilo,\u00a0 nada que\u00a0 hace\u00a0 ruido, anotando ahora\u00a0 ya no solo a\u00a0 fallido aspirante a alcalde Luis Fernando Salazar\u00a0 Fern\u00e1ndez, sino a Ricardo Mej\u00eda Verdeja, dicen que el todopoderoso Subsecretario de Seguridad P\u00fablica en el pa\u00eds, rimbombante\u00a0 designaci\u00f3n que de poco sirve a los mexicanos, con todo y los miles de elementos\u00a0 de la Guardia Nacional, cual cuerpo paramilitarizado, que de poco o nada\u00a0 han servido para frenar la acci\u00f3n\u00a0 criminal que\u00a0 azota a\u00a0 mas de nueve estados del pa\u00eds, que ni tan solo figuras como el Senador Monreal, puede ya atajar el sol con un dedo, y si bien titubeante reconoce la necesidad de revisar la estrategia que el Gobierno Federal aplica en el tema de la seguridad p\u00fablica.<\/p>\n\n\n\n<p>En este tema, y sobre todo en los resultados que arroja\u00a0 Mej\u00eda Verdeja es donde debe de residir\u00a0 &#8220;su fuerza pol\u00edtica&#8221;\u00a0 y no de sus \u00e9xitos como trepador, una vez que personajes del Morenismo donde se camuflagea el lagunero, como es el caso del Senador Ricardo Monreal, se atreve a decir p\u00fablicamente \u00a0 de la necesidad\u00a0 de cambiar de estrategias en \u00a0 el tema de seguridad p\u00fablica\u00a0 pues Mej\u00eda\u00a0 Verdeja, conocido\u00a0 en estas tierras con el mote de &#8220;el bebesuario&#8221;\u00a0 salio del PRI, &#8220;por no tener oportunidades&#8221;, tras haber sido diputado local\u00a0 en los tiempos de Montemayor Seguy, posteriormente ingres\u00f3 a la administraci\u00f3n estatal, bajo la protecci\u00f3n de Ra\u00fal Sifuentes, como\u00a0 ojos y oreja del r\u00e9gimen, pues\u00a0 hay que decirlo,\u00a0 Mej\u00eda Verdeja\u00a0 registra talento en el\u00a0 oficio de ser\u00a0 polic\u00eda chino en temas\u00a0 pues a los que es por dem\u00e1s proclive&#8230;<\/p>\n\n\n\n<p>Y hablando de calcetines, se conoci\u00f3 que apenas \u00a0 hace solo unos d\u00edas, abandonaron \u00e9sta ciudad un grupo de elementos de la Auditor\u00eda Superior de Hacienda que realizaron silenciosa\u00a0 investigaci\u00f3n sobre cuentas del pasado\u00a0 no tan reciente, correspondiente a entregas de recursos federales ejercidos por la autoridad municipal&#8230;<\/p>\n\n\n\n<p>Diremos hoy, quien dar\u00e1 certeza a los pobladores de la ciudad de Torre\u00f3n que su salud no registrar\u00e1, para nada afectaci\u00f3n alguna, con la vistosa fuga de\u00a0 Tri\u00f3xido\u00a0 de Azufre registrada \u00e9ste d\u00eda\u00a0 sobre la ciudad de Torre\u00f3n, en una empresa de la cual el decano del periodismo regional, ni tan solo\u00a0 oso escribir su nombre\u2026<\/p>\n\n\n\n<p>Y si bien la letalidad del virus\u00a0 del Covid,\u00a0 \u00e9sta pandemia, sigue a la baja,\u00a0 no es momento aun de descuidar la guardia en su contra. Cuidemos de\u00a0 nuestra vida y con ello, la de todos los dem\u00e1s.<\/p>\n","protected":false},"excerpt":{"rendered":"<p>\u00a1Centenario! Con el que empez\u00f3 la semana presente y que en los hechos, transparent\u00f3 la siempre\u00a0 singular, por no decir espesa relaci\u00f3n que se mantiene en \u00e9ste pa\u00eds, desde hace ya mas de cien a\u00f1os, los podres de los Medios con los poderes p\u00fablicos\u00a0 en turno, que en lo p\u00fablico parecen siempre distantes, incluso\u00a0 \u00a0 enfrentados, pero\u00a0 en la realidad\u00a0 y a trav\u00e9s de m\u00faltiples vasos\u00a0 comunicantes, \u00a0 son\u00a0 de&#8230;<\/p>\n","protected":false},"author":2,"featured_media":0,"comment_status":"closed","ping_status":"","sticky":false,"template":"","format":"standard","meta":{"footnotes":""},"categories":[8],"tags":[],"class_list":["post-7437","post","type-post","status-publish","format-standard","hentry","category-aqui-laguna","wpcat-8-id"],"_links":{"self":[{"href":"https:\/\/www.aquilaguna.com\/index.php\/wp-json\/wp\/v2\/posts\/7437","targetHints":{"allow":["GET"]}}],"collection":[{"href":"https:\/\/www.aquilaguna.com\/index.php\/wp-json\/wp\/v2\/posts"}],"about":[{"href":"https:\/\/www.aquilaguna.com\/index.php\/wp-json\/wp\/v2\/types\/post"}],"author":[{"embeddable":true,"href":"https:\/\/www.aquilaguna.com\/index.php\/wp-json\/wp\/v2\/users\/2"}],"replies":[{"embeddable":true,"href":"https:\/\/www.aquilaguna.com\/index.php\/wp-json\/wp\/v2\/comments?post=7437"}],"version-history":[{"count":1,"href":"https:\/\/www.aquilaguna.com\/index.php\/wp-json\/wp\/v2\/posts\/7437\/revisions"}],"predecessor-version":[{"id":7438,"href":"https:\/\/www.aquilaguna.com\/index.php\/wp-json\/wp\/v2\/posts\/7437\/revisions\/7438"}],"wp:attachment":[{"href":"https:\/\/www.aquilaguna.com\/index.php\/wp-json\/wp\/v2\/media?parent=7437"}],"wp:term":[{"taxonomy":"category","embeddable":true,"href":"https:\/\/www.aquilaguna.com\/index.php\/wp-json\/wp\/v2\/categories?post=7437"},{"taxonomy":"post_tag","embeddable":true,"href":"https:\/\/www.aquilaguna.com\/index.php\/wp-json\/wp\/v2\/tags?post=7437"}],"curies":[{"name":"wp","href":"https:\/\/api.w.org\/{rel}","templated":true}]}}