{"id":7445,"date":"2022-03-03T18:42:37","date_gmt":"2022-03-04T00:42:37","guid":{"rendered":"https:\/\/www.aquilaguna.com\/?p=7445"},"modified":"2022-03-03T18:42:38","modified_gmt":"2022-03-04T00:42:38","slug":"aprueban-en-comision-integracion-de-consejo-directivo-del-simv","status":"publish","type":"post","link":"https:\/\/www.aquilaguna.com\/index.php\/2022\/03\/03\/aprueban-en-comision-integracion-de-consejo-directivo-del-simv\/","title":{"rendered":"Aprueban en Comisi\u00f3n, integraci\u00f3n de Consejo Directivo del SIMV."},"content":{"rendered":"\n<p>Torre\u00f3n, Coahuila a 03 de marzo de 2022.<\/p>\n\n\n\n<p>Este jueves, se llev\u00f3 a cabo la Segunda Sesi\u00f3n de la Comisi\u00f3n del Sistema<br>Integral de Mantenimiento Vial, en la cual, los ediles aprobaron de forma un\u00e1nime,<br>la propuesta del alcalde Rom\u00e1n Alberto Cepeda Gonz\u00e1lez, para la conformaci\u00f3n<br>del Consejo Directivo del Sistema Integral de Mantenimiento Vial (SIMV).<\/p>\n\n\n\n<p>Dicho grupo, estar\u00e1 integrado por Rom\u00e1n Alberto Cepeda Gonz\u00e1lez, como<br>presidente, Roberto Escalante Rodr\u00edguez, secretario, Manuel Calder\u00f3n Cort\u00e9s,<br>gerente de finanzas y a propuesta del Contralor Municipal, Miguel \u00c1ngel Z\u00fa\u00f1iga,<br>\u00c1ngel S\u00e1nchez Olvera, como comisario; adem\u00e1s de la presencia de \u00d3scar<br>Gerardo Luj\u00e1n Fern\u00e1ndez, como tesorero.<\/p>\n\n\n\n<p>La labor de vocales del Consejo, estar\u00e1 a cargo de Juan Adolfo Von Bertrab, Luis<br>Alberto Morales Cort\u00e9s, Francisco Torres Su\u00e1rez, Fernando Villarreal Cu\u00e9llar,<br>Jos\u00e9 Lauro Cort\u00e9s Villarreal y Felipe Gonz\u00e1lez Miranda en lugar de Christian<br>Gonz\u00e1lez Zambrano.<\/p>\n\n\n\n<p>El presidente de la Comisi\u00f3n, mencion\u00f3 la importancia de esta propuesta, la cual<br>apoyar\u00e1 en el manejo de los recursos y la informaci\u00f3n que debe enviarse a la<br>Entidad Superior del Estado para las cuentas p\u00fablicas. De esta forma, ser\u00e1<br>turnada a la sesi\u00f3n de Cabildo para su an\u00e1lisis y en su caso, aprobaci\u00f3n de<br>validez.<\/p>\n\n\n\n<p>La actividad cont\u00f3 con la presencia del presidente de la Comisi\u00f3n, Omar Morales<br>Rodr\u00edguez y los regidores, M\u00f3nica Segura Le\u00f3n, Felipe Eduardo Gonz\u00e1lez<br>Miranda, Ana Luisa Cepeda \u00c1lvarez, Enrique Sarmiento \u00c1lvarez, Cristian Manuel<br>L\u00f3pez Ch\u00e1vez y Jos\u00e9 Armando Gonz\u00e1lez Murillo.<\/p>\n","protected":false},"excerpt":{"rendered":"<p>Torre\u00f3n, Coahuila a 03 de marzo de 2022. Este jueves, se llev\u00f3 a cabo la Segunda Sesi\u00f3n de la Comisi\u00f3n del SistemaIntegral de Mantenimiento Vial, en la cual, los ediles aprobaron de forma un\u00e1nime,la propuesta del alcalde Rom\u00e1n Alberto Cepeda Gonz\u00e1lez, para la conformaci\u00f3ndel Consejo Directivo del Sistema Integral de Mantenimiento Vial (SIMV). Dicho grupo, estar\u00e1 integrado por Rom\u00e1n Alberto Cepeda Gonz\u00e1lez, comopresidente, Roberto Escalante Rodr\u00edguez, secretario, Manuel Calder\u00f3n Cort\u00e9s,gerente&#8230;<\/p>\n","protected":false},"author":1,"featured_media":0,"comment_status":"closed","ping_status":"closed","sticky":false,"template":"","format":"standard","meta":{"footnotes":""},"categories":[5,28,7],"tags":[],"class_list":["post-7445","post","type-post","status-publish","format-standard","hentry","category-coahuila","category-la-laguna","category-torreon","wpcat-5-id","wpcat-28-id","wpcat-7-id"],"_links":{"self":[{"href":"https:\/\/www.aquilaguna.com\/index.php\/wp-json\/wp\/v2\/posts\/7445","targetHints":{"allow":["GET"]}}],"collection":[{"href":"https:\/\/www.aquilaguna.com\/index.php\/wp-json\/wp\/v2\/posts"}],"about":[{"href":"https:\/\/www.aquilaguna.com\/index.php\/wp-json\/wp\/v2\/types\/post"}],"author":[{"embeddable":true,"href":"https:\/\/www.aquilaguna.com\/index.php\/wp-json\/wp\/v2\/users\/1"}],"replies":[{"embeddable":true,"href":"https:\/\/www.aquilaguna.com\/index.php\/wp-json\/wp\/v2\/comments?post=7445"}],"version-history":[{"count":1,"href":"https:\/\/www.aquilaguna.com\/index.php\/wp-json\/wp\/v2\/posts\/7445\/revisions"}],"predecessor-version":[{"id":7446,"href":"https:\/\/www.aquilaguna.com\/index.php\/wp-json\/wp\/v2\/posts\/7445\/revisions\/7446"}],"wp:attachment":[{"href":"https:\/\/www.aquilaguna.com\/index.php\/wp-json\/wp\/v2\/media?parent=7445"}],"wp:term":[{"taxonomy":"category","embeddable":true,"href":"https:\/\/www.aquilaguna.com\/index.php\/wp-json\/wp\/v2\/categories?post=7445"},{"taxonomy":"post_tag","embeddable":true,"href":"https:\/\/www.aquilaguna.com\/index.php\/wp-json\/wp\/v2\/tags?post=7445"}],"curies":[{"name":"wp","href":"https:\/\/api.w.org\/{rel}","templated":true}]}}