{"id":7502,"date":"2022-03-07T19:30:07","date_gmt":"2022-03-08T01:30:07","guid":{"rendered":"https:\/\/www.aquilaguna.com\/?p=7502"},"modified":"2022-03-07T19:30:08","modified_gmt":"2022-03-08T01:30:08","slug":"presenta-mars-carrera-coahuila-1000-adventure","status":"publish","type":"post","link":"https:\/\/www.aquilaguna.com\/index.php\/2022\/03\/07\/presenta-mars-carrera-coahuila-1000-adventure\/","title":{"rendered":"PRESENTA MARS CARRERA \u2018COAHUILA 1000 ADVENTURE\u2019."},"content":{"rendered":"\n<p>\u00b7\u00a0\u00a0\u00a0\u00a0\u00a0\u00a0<em>\u00a0Se estima una derrama econ\u00f3mica de 45 mdp: CANACO Torre\u00f3n.<\/em><\/p>\n\n\n\n<p>\u00b7&nbsp;&nbsp;&nbsp;&nbsp;&nbsp;&nbsp;<em>&nbsp;Se desarrollar\u00e1 del 4 al 7 de agosto.<\/em><\/p>\n\n\n\n<p>Torre\u00f3n, Coahuila de Zaragoza; a 7 de Marzo de 2022.- El gobernador Miguel \u00c1ngel Riquelme Sol\u00eds present\u00f3 la d\u00e9cimo segunda edici\u00f3n de la \u201cCoahuila 1000 Adventure\u201d, con la que, dijo, se da a conocer la seguridad que se brinda a los competidores en la entidad, adem\u00e1s de ser de las mejores rutas del Pa\u00eds.<\/p>\n\n\n\n<p>El Mandatario estatal se\u00f1al\u00f3 que la estrategia de trabajo en el manejo de la pandemia permite que esta carrera se desarrolle, y afirm\u00f3 que continuar\u00e1n con los protocolos, pues lo que ha caracterizado a Coahuila es que no se ha bajado la guardia.<\/p>\n\n\n\n<p>En rueda de prensa, se inform\u00f3 que, de nueva cuenta, se har\u00e1 la prueba anticovid a los pilotos, y que se tendr\u00e1n los tres helic\u00f3pteros del Estado al servicio de la misma, as\u00ed como ambulancias para si se requiere alg\u00fan traslado.<\/p>\n\n\n\n<p>\u201cSoy aficionado a la carrera y en esta ocasi\u00f3n saldr\u00e9 de aqu\u00ed de Torre\u00f3n, de aqu\u00ed dar\u00e9 el banderazo\u201d, anunci\u00f3, mientras que en Piedras Negras y Saltillo, la encargada de hacerlo ser\u00eda la Secretaria de Turismo y Desarrollo de Pueblos M\u00e1gicos, Azucena Ramos Ramos.<\/p>\n\n\n\n<p>Riquelme Sol\u00eds expres\u00f3 su gusto de presentar este tipo de eventos, de talla internacional y que son la suma del trabajo de la sociedad para dar una buena recepci\u00f3n a los turistas y visitantes que recorren 12 municipios coahuilenses.<\/p>\n\n\n\n<p>Asimismo, dio la bienvenida a Jos\u00e9 H\u00e9ctor Tejada Shaar, presidente Nacional de la C\u00e1mara Nacional de Comercio Servytur, pues su presencia habla muy bien de la reactivaci\u00f3n econ\u00f3mica de la entidad.<\/p>\n\n\n\n<p>Reiter\u00f3 adem\u00e1s que al igual que con esta c\u00e1mara, el Estado tiene buena relaci\u00f3n con otras.<\/p>\n\n\n\n<p>Mariano Serna Mu\u00f1oz, titular de la CANACO Torre\u00f3n, inform\u00f3 que el recorrido de esta carrera se celebrar\u00e1 del 4 al 7 de agosto, y que habr\u00e1 dos rutas tur\u00edsticas, donde se espera contar con 250 pilotos; adem\u00e1s del rally, que espera una participaci\u00f3n de hasta 150 participantes incluidos de Estados Unidos y Puerto Rico.<\/p>\n\n\n\n<p>Se\u00f1al\u00f3 que la derrama econ\u00f3mica a la que se aspira es de 45 millones de pesos, y que se respetar\u00e1n todos los protocolos sanitarios que marca la Secretar\u00eda de Salud.<\/p>\n\n\n\n<p>Serna Mu\u00f1oz anunci\u00f3 que para los competidores habr\u00e1 la bolsa a repartir de un mill\u00f3n de pesos, y que el pr\u00f3ximo lunes inician las inscripciones, que estar\u00e1n abiertas hasta el 31 de julio.<\/p>\n\n\n\n<p>\u201cEsta carrera es important\u00edsima para nosotros, hay mucha promoci\u00f3n del Estado; esta es la carrera de Coahuila\u201d, confirm\u00f3.<\/p>\n\n\n\n<p>Rom\u00e1n Alberto Cepeda Gonz\u00e1lez, Alcalde de Torre\u00f3n, coment\u00f3 que se suman a la organizaci\u00f3n, pues buscan que este programa deportivo siga siendo un referente nacional e internacional.<\/p>\n\n\n\n<p>En su participaci\u00f3n, Jos\u00e9 H\u00e9ctor Tejada Shaar, presidente nacional CANACO Servytur, se\u00f1al\u00f3 que el turismo representa cerca del 9 por ciento del PIB Nacional, y a veces no se reconocen los beneficios intangibles de estos evento en el turismo.<\/p>\n\n\n\n<p>Por su parte, Azucena Ramos Ramos, Secretaria de Turismo y Desarrollo de Pueblos M\u00e1gicos del Estado, coment\u00f3 que Coahuila 1000 Canaco Adventure es el mejor rally tur\u00edstico y ruta extrema de M\u00e9xico, que se realiza con veh\u00edculos todo terreno, conducidos por pilotos nacionales e internacionales.<\/p>\n\n\n\n<p>\u201cDurante los \u00faltimos dos a\u00f1os, en Coahuila nos hemos mantenido firmes en la reactivaci\u00f3n econ\u00f3mica, apegados a las estrategias marcadas por los Subcomit\u00e9s T\u00e9cnicos Regionales de Salud. Con el apoyo del Gobierno del Estado, los Municipios y la Iniciativa Privada, seguimos avanzando seguros\u201d, indic\u00f3.<\/p>\n\n\n\n<p>Afirm\u00f3 que con pasos s\u00f3lidos y de manera coordinada como sector turismo, est\u00e1n listos para participar en la organizaci\u00f3n y recepci\u00f3n de visitantes con motivo de este importante evento deportivo, que ha dado a la entidad una gran proyecci\u00f3n a nivel nacional e internacional.<\/p>\n\n\n\n<p>Este a\u00f1o, la ruta atravesar\u00e1 12 localidades: Piedras Negras, Jim\u00e9nez, Zaragoza, M\u00fazquiz, San Buenaventura, Ocampo, Cuatro Ci\u00e9negas, Francisco I. Madero, San Pedro, Matamoros, Viesca y Torre\u00f3n.<\/p>\n\n\n\n<p>Sostuvo que durante 2021 se logr\u00f3 un balance positivo, con la asistencia de m\u00e1s de mil personas, entre pilotos, copilotos, familiares, acompa\u00f1antes y p\u00fablico en general, provenientes de nueve estados de la Rep\u00fablica y cuatro pa\u00edses.<\/p>\n\n\n\n<p>La presentaci\u00f3n de esta carrera se llev\u00f3 a cabo en el Centro de Convenciones de Torre\u00f3n, a la que acudieron integrantes de la CANACO Torre\u00f3n, organizadores del evento, funcionarios estatales, municipales y medios de comunicaci\u00f3n.<\/p>\n","protected":false},"excerpt":{"rendered":"<p>\u00b7\u00a0\u00a0\u00a0\u00a0\u00a0\u00a0\u00a0Se estima una derrama econ\u00f3mica de 45 mdp: CANACO Torre\u00f3n. \u00b7&nbsp;&nbsp;&nbsp;&nbsp;&nbsp;&nbsp;&nbsp;Se desarrollar\u00e1 del 4 al 7 de agosto. Torre\u00f3n, Coahuila de Zaragoza; a 7 de Marzo de 2022.- El gobernador Miguel \u00c1ngel Riquelme Sol\u00eds present\u00f3 la d\u00e9cimo segunda edici\u00f3n de la \u201cCoahuila 1000 Adventure\u201d, con la que, dijo, se da a conocer la seguridad que se brinda a los competidores en la entidad, adem\u00e1s de ser de las mejores rutas&#8230;<\/p>\n","protected":false},"author":1,"featured_media":7503,"comment_status":"closed","ping_status":"closed","sticky":false,"template":"","format":"standard","meta":{"footnotes":""},"categories":[5,33,15],"tags":[],"class_list":["post-7502","post","type-post","status-publish","format-standard","has-post-thumbnail","hentry","category-coahuila","category-deporte","category-gobierno-de-coahuila","wpcat-5-id","wpcat-33-id","wpcat-15-id"],"_links":{"self":[{"href":"https:\/\/www.aquilaguna.com\/index.php\/wp-json\/wp\/v2\/posts\/7502","targetHints":{"allow":["GET"]}}],"collection":[{"href":"https:\/\/www.aquilaguna.com\/index.php\/wp-json\/wp\/v2\/posts"}],"about":[{"href":"https:\/\/www.aquilaguna.com\/index.php\/wp-json\/wp\/v2\/types\/post"}],"author":[{"embeddable":true,"href":"https:\/\/www.aquilaguna.com\/index.php\/wp-json\/wp\/v2\/users\/1"}],"replies":[{"embeddable":true,"href":"https:\/\/www.aquilaguna.com\/index.php\/wp-json\/wp\/v2\/comments?post=7502"}],"version-history":[{"count":1,"href":"https:\/\/www.aquilaguna.com\/index.php\/wp-json\/wp\/v2\/posts\/7502\/revisions"}],"predecessor-version":[{"id":7504,"href":"https:\/\/www.aquilaguna.com\/index.php\/wp-json\/wp\/v2\/posts\/7502\/revisions\/7504"}],"wp:featuredmedia":[{"embeddable":true,"href":"https:\/\/www.aquilaguna.com\/index.php\/wp-json\/wp\/v2\/media\/7503"}],"wp:attachment":[{"href":"https:\/\/www.aquilaguna.com\/index.php\/wp-json\/wp\/v2\/media?parent=7502"}],"wp:term":[{"taxonomy":"category","embeddable":true,"href":"https:\/\/www.aquilaguna.com\/index.php\/wp-json\/wp\/v2\/categories?post=7502"},{"taxonomy":"post_tag","embeddable":true,"href":"https:\/\/www.aquilaguna.com\/index.php\/wp-json\/wp\/v2\/tags?post=7502"}],"curies":[{"name":"wp","href":"https:\/\/api.w.org\/{rel}","templated":true}]}}