{"id":7511,"date":"2022-03-07T19:46:07","date_gmt":"2022-03-08T01:46:07","guid":{"rendered":"https:\/\/www.aquilaguna.com\/?p=7511"},"modified":"2022-03-07T19:46:39","modified_gmt":"2022-03-08T01:46:39","slug":"7511","status":"publish","type":"post","link":"https:\/\/www.aquilaguna.com\/index.php\/2022\/03\/07\/7511\/","title":{"rendered":"Condena alcalde de Torre\u00f3n violencia en estadio de futbol."},"content":{"rendered":"\n<p>Torre\u00f3n, Coahuila.- Tras lamentar los lamentables hechos de violencia registrada&nbsp; en el marco de un&nbsp; encuentro deportivo&nbsp; en&nbsp; la Ciudad de Quer\u00e9taro, el alcalde&nbsp; Roman Alberto Cepeda&nbsp; Gonzalez,&nbsp; que&nbsp; &#8220;no estamos ajenos a registrar &nbsp; un hecho tan lamentable como el que se dio la semana pasada, de ah\u00ed que es importante, reforzar, tomar nota y lo que estamos haciendo mejorarlo y evitar cualquier tipo de incidentes de esta naturaleza&#8221;.&nbsp;<\/p>\n\n\n\n<p>Abund\u00f3 esta &nbsp; ma\u00f1ana el edil se sum\u00f3 a la serie de condenas que registra a lo largo del pa\u00eds, la violencia que envolvi\u00f3 a los asistentes a &nbsp; el encuentro deportivo y que arroja decenas de&nbsp; lesionados, algunos de ellos, de gravedad.<\/p>\n\n\n\n<p>Indic\u00f3 que,&nbsp; &#8220;ha quedado en evidencia que la afici\u00f3n&nbsp; en la Laguna, es una afici\u00f3n comprometida donde se privilegia el deporte y la&nbsp; relaci\u00f3n con la familia y que as\u00ed se debe continuar, que respeta y la delincuencia no&#8221;.<\/p>\n\n\n\n<p>Cero tolerancia&nbsp; afirm\u00f3, &#8220;como en cualquier orden, y mucho menos en un espacio deportivo como lo fue este&#8221;.<\/p>\n\n\n\n<p><strong>DIA INTERNACIONAL DE LA MUJER.<\/strong><\/p>\n\n\n\n<p>En&nbsp; otro tema, el edil externo sus felicitaciones de manera anticipada a la&nbsp; poblaci\u00f3n femenina, de Torre\u00f3n, de Coahuila y del Mundo, seg\u00fan enlist\u00f3, con motivo de la celebraci\u00f3n del D\u00eda Internacional de la Mujer, que se celebra este 8 de marzo.<\/p>\n\n\n\n<p>Expreso, &#8220;su reconocimiento, mi aprecio, mi cari\u00f1o, todo&#8221;, dijo efusivo.&nbsp;<\/p>\n\n\n\n<p>Preguntado, dio a conocer que&nbsp; en materia de paridad, el Cabildo &nbsp; de Torre\u00f3n&nbsp; que preside,&nbsp; &#8220;cuenta con el 50% de integrantes femeninas, por un lado, pero&nbsp; tambi\u00e9n es importante se\u00f1alar, que&nbsp; mas del 90 % &nbsp; de los hogares de Coahuila, pero especialmente en Torre\u00f3n se registra&nbsp; una&nbsp; aportaci\u00f3n econ\u00f3mica de la mujer y esto, es un Indicador por muchas razones&#8221;.<\/p>\n\n\n\n<p>Adem\u00e1s, indic\u00f3, &#8220;muchas de nuestras organizaciones no gubernamentales son presididas por&nbsp; mujeres y este es un tema de&nbsp; reconocer la aportaci\u00f3n femenina en&nbsp; nuestras vidas,&nbsp; y por ello mismo el ser inclusivos &nbsp; en todos los sentidos&#8221;.<\/p>\n\n\n\n<p>&#8220;Creo que es importante que reconocer&nbsp; a la mujer no es una moda, si no&nbsp; algo que se tiene que ver, en materia de salarios, en posiciones, en la toma de decisiones y en todos los \u00f3rdenes&#8221;.<\/p>\n\n\n\n<p><strong>ARCHIVO.<\/strong><\/p>\n\n\n\n<p>En&nbsp; relaci\u00f3n al cambio del titular del Archivo Municipal como consecuencia del cambio de administraci\u00f3n, el alcalde&nbsp; repiti\u00f3 que tal designaci\u00f3n&nbsp; &#8220;se realizar\u00e1 a trav\u00e9s de una terna, y&nbsp; esta semana habr\u00e1 de deslindar la identidad de quien resulte&nbsp; seleccionado para tal tarea&#8221;.<\/p>\n","protected":false},"excerpt":{"rendered":"<p>Torre\u00f3n, Coahuila.- Tras lamentar los lamentables hechos de violencia registrada&nbsp; en el marco de un&nbsp; encuentro deportivo&nbsp; en&nbsp; la Ciudad de Quer\u00e9taro, el alcalde&nbsp; Roman Alberto Cepeda&nbsp; Gonzalez,&nbsp; que&nbsp; &#8220;no estamos ajenos a registrar &nbsp; un hecho tan lamentable como el que se dio la semana pasada, de ah\u00ed que es importante, reforzar, tomar nota y lo que estamos haciendo mejorarlo y evitar cualquier tipo de incidentes de esta naturaleza&#8221;.&nbsp;&#8230;<\/p>\n","protected":false},"author":2,"featured_media":0,"comment_status":"closed","ping_status":"","sticky":false,"template":"","format":"standard","meta":{"footnotes":""},"categories":[5,28,7],"tags":[],"class_list":["post-7511","post","type-post","status-publish","format-standard","hentry","category-coahuila","category-la-laguna","category-torreon","wpcat-5-id","wpcat-28-id","wpcat-7-id"],"_links":{"self":[{"href":"https:\/\/www.aquilaguna.com\/index.php\/wp-json\/wp\/v2\/posts\/7511","targetHints":{"allow":["GET"]}}],"collection":[{"href":"https:\/\/www.aquilaguna.com\/index.php\/wp-json\/wp\/v2\/posts"}],"about":[{"href":"https:\/\/www.aquilaguna.com\/index.php\/wp-json\/wp\/v2\/types\/post"}],"author":[{"embeddable":true,"href":"https:\/\/www.aquilaguna.com\/index.php\/wp-json\/wp\/v2\/users\/2"}],"replies":[{"embeddable":true,"href":"https:\/\/www.aquilaguna.com\/index.php\/wp-json\/wp\/v2\/comments?post=7511"}],"version-history":[{"count":2,"href":"https:\/\/www.aquilaguna.com\/index.php\/wp-json\/wp\/v2\/posts\/7511\/revisions"}],"predecessor-version":[{"id":7513,"href":"https:\/\/www.aquilaguna.com\/index.php\/wp-json\/wp\/v2\/posts\/7511\/revisions\/7513"}],"wp:attachment":[{"href":"https:\/\/www.aquilaguna.com\/index.php\/wp-json\/wp\/v2\/media?parent=7511"}],"wp:term":[{"taxonomy":"category","embeddable":true,"href":"https:\/\/www.aquilaguna.com\/index.php\/wp-json\/wp\/v2\/categories?post=7511"},{"taxonomy":"post_tag","embeddable":true,"href":"https:\/\/www.aquilaguna.com\/index.php\/wp-json\/wp\/v2\/tags?post=7511"}],"curies":[{"name":"wp","href":"https:\/\/api.w.org\/{rel}","templated":true}]}}