{"id":7514,"date":"2022-03-07T19:53:16","date_gmt":"2022-03-08T01:53:16","guid":{"rendered":"https:\/\/www.aquilaguna.com\/?p=7514"},"modified":"2022-03-07T19:53:16","modified_gmt":"2022-03-08T01:53:16","slug":"inauguran-nuevo-parque-en-la-ciudad","status":"publish","type":"post","link":"https:\/\/www.aquilaguna.com\/index.php\/2022\/03\/07\/inauguran-nuevo-parque-en-la-ciudad\/","title":{"rendered":"Inauguran nuevo Parque en la ciudad."},"content":{"rendered":"\n<p>Torre\u00f3n, Coahuila.- Fue\u00a0 puesto en\u00a0 marcha y al servicio de los torreonenses\u00a0 un nuevo Parque, el recreativo\u00a0 de\u00a0 La Hilandera La Fe , ubicado\u00a0 poniente de\u00a0 la ciudad, sobre los terrenos que ocupara una de las primeras instalaciones industriales en la comarca \u00a0 y que con una inversi\u00f3n inicial de 34 millones de\u00a0 pesos, rescata \u00a0 el hist\u00f3rico sitio.\u00a0\u00a0<\/p>\n\n\n\n<p>En \u00a0 este acto,\u00a0 presidido por el Gobernador Miguel\u00a0 Angel Riquelme Solis, se cont\u00f3 con la presencia del alcalde\u00a0 Rom\u00e1n Alberto Cepeda, diputados federales, estatales,\u00a0 miembros del cabildo, funcionarios estatales y dirigencias\u00a0 empresariales, as\u00ed como nutrido grupo de vecinos del populoso sector poniente, y que hace\u00a0 solo algunos a\u00f1os, fuera el zona\u00a0 del sicariato que enrrareci\u00f3 con su violencia a \u00a0 esta ciudad, y que hoy se destina \u00a0 a la convivencia de la comunidad.\u00a0<\/p>\n\n\n\n<p>Correspondi\u00f3 al licenciado Miguel Algara, titular de la Secretar\u00eda de Infraestructura estatal, dar a conocer\u00a0 la inversi\u00f3n y pormenores t\u00e9cnicos de la obra entregada.<\/p>\n\n\n\n<p>El costo de esta fase inicial sum\u00f3, dijo, 34 millones de pesos, que incluyen el terreno, la demoliciones, limpiezas , 8,000 metros cuadrados de banquetas, 4,589 metros cuadrados de \u00e1reas verdes,1,715 metros cuadrados de estacionamiento y la colocaci\u00f3n de 69 luminarias, juegos infantiles, se\u00f1alamientos, sistema de riego y andadores.<\/p>\n\n\n\n<p>La obra beneficia a los pobladores del poniente\u00a0 de la ciudad, con una visi\u00f3n de mejorar la imagen urbana y la calidad de vida de sus pobladores.<\/p>\n\n\n\n<p>El alcalde Rom\u00e1n Alberto Cepeda \u00a0 afirm\u00d3 en la participaci\u00f3n con la que se abri\u00f3 el acto, &#8220;esta plaza de la Hilandera La F\u00e9,\u00a0 representa un lugar de esparcimiento, pero sobre todo, representa la voluntad, el acuerdo, la coordinaci\u00f3n que tiene el Gobierno del Estado con este municipio de Torre\u00f3n, para salir adelante, como lo hemos demostrado desde el primer minuto de gobierno que tiene que ver con el esfuerzo, el trabajo, pero sobre todo con hechos&#8221;.<\/p>\n\n\n\n<p>En su intervenci\u00f3n con la que se cerr\u00f3 el acto, el Gobernador de Coahuila, Ingeniero Miguel Angel Riquelme Solis \u00a0 tras saludo a los asistentes, en especial a los vecinos\u00a0 de la obra mencionada que han dado sentido a este sitio emblem\u00e1tico en la historia de Torre\u00f3n.<\/p>\n\n\n\n<p>&#8220;Todos debemos recordar, que desde que fui alcalde en conjunto con la ciudadan\u00eda emprendimos una amplia estrategia para invitar a la comunidad para hacer esfuerzos que merec\u00edan distintos enfoques, una pol\u00edtica integral que entre todo tenemos que trabajar y emprender para poder recuperar este espacio&#8221;.<\/p>\n\n\n\n<p>No se nos olvida, dijo, &#8220;por quienes estaban ocupados, de los lugares emblem\u00e1ticos estaban sitiados, con muy pocas oportunidades para nuestros j\u00f3venes&#8221;.<\/p>\n\n\n\n<p>Este tipo de proyectos, sostuvo, &#8220;han confirmado su alto impacto social, nadie nos cuenta, lo hemos\u00a0 visto como se transformo la vida de la gente. Hoy tenemos\u00a0 obras como el Complejo deportivo y cultural\u00a0 de La Jabonera, La Unidad Deportiva de la Compresora y seguimos\u00a0 aqu\u00ed mismo, sin lugar a duda,\u00a0 trabajando en conjunto hoy recuperamos este\u00a0 gran espacio que es\u00a0 La Hilandera La F\u00e9&#8221;.<\/p>\n","protected":false},"excerpt":{"rendered":"<p>Torre\u00f3n, Coahuila.- Fue\u00a0 puesto en\u00a0 marcha y al servicio de los torreonenses\u00a0 un nuevo Parque, el recreativo\u00a0 de\u00a0 La Hilandera La Fe , ubicado\u00a0 poniente de\u00a0 la ciudad, sobre los terrenos que ocupara una de las primeras instalaciones industriales en la comarca \u00a0 y que con una inversi\u00f3n inicial de 34 millones de\u00a0 pesos, rescata \u00a0 el hist\u00f3rico sitio.\u00a0\u00a0 En \u00a0 este acto,\u00a0 presidido por el Gobernador Miguel\u00a0 Angel Riquelme&#8230;<\/p>\n","protected":false},"author":2,"featured_media":0,"comment_status":"closed","ping_status":"","sticky":false,"template":"","format":"standard","meta":{"footnotes":""},"categories":[5,28,7],"tags":[],"class_list":["post-7514","post","type-post","status-publish","format-standard","hentry","category-coahuila","category-la-laguna","category-torreon","wpcat-5-id","wpcat-28-id","wpcat-7-id"],"_links":{"self":[{"href":"https:\/\/www.aquilaguna.com\/index.php\/wp-json\/wp\/v2\/posts\/7514","targetHints":{"allow":["GET"]}}],"collection":[{"href":"https:\/\/www.aquilaguna.com\/index.php\/wp-json\/wp\/v2\/posts"}],"about":[{"href":"https:\/\/www.aquilaguna.com\/index.php\/wp-json\/wp\/v2\/types\/post"}],"author":[{"embeddable":true,"href":"https:\/\/www.aquilaguna.com\/index.php\/wp-json\/wp\/v2\/users\/2"}],"replies":[{"embeddable":true,"href":"https:\/\/www.aquilaguna.com\/index.php\/wp-json\/wp\/v2\/comments?post=7514"}],"version-history":[{"count":1,"href":"https:\/\/www.aquilaguna.com\/index.php\/wp-json\/wp\/v2\/posts\/7514\/revisions"}],"predecessor-version":[{"id":7515,"href":"https:\/\/www.aquilaguna.com\/index.php\/wp-json\/wp\/v2\/posts\/7514\/revisions\/7515"}],"wp:attachment":[{"href":"https:\/\/www.aquilaguna.com\/index.php\/wp-json\/wp\/v2\/media?parent=7514"}],"wp:term":[{"taxonomy":"category","embeddable":true,"href":"https:\/\/www.aquilaguna.com\/index.php\/wp-json\/wp\/v2\/categories?post=7514"},{"taxonomy":"post_tag","embeddable":true,"href":"https:\/\/www.aquilaguna.com\/index.php\/wp-json\/wp\/v2\/tags?post=7514"}],"curies":[{"name":"wp","href":"https:\/\/api.w.org\/{rel}","templated":true}]}}