{"id":7532,"date":"2022-03-08T17:48:02","date_gmt":"2022-03-08T23:48:02","guid":{"rendered":"https:\/\/www.aquilaguna.com\/?p=7532"},"modified":"2022-03-08T17:48:02","modified_gmt":"2022-03-08T23:48:02","slug":"invita-coahuila-a-feria-nacional-para-la-inclusion-laboral-de-las-mujeres-2022-en-torreon","status":"publish","type":"post","link":"https:\/\/www.aquilaguna.com\/index.php\/2022\/03\/08\/invita-coahuila-a-feria-nacional-para-la-inclusion-laboral-de-las-mujeres-2022-en-torreon\/","title":{"rendered":"INVITA COAHUILA A FERIA NACIONAL PARA LA INCLUSI\u00d3N LABORAL DE LAS MUJERES 2022, EN TORRE\u00d3N."},"content":{"rendered":"\n<p>Torre\u00f3n, Coahuila de Zaragoza; a 8 de Marzo de 2022.- El Gobierno de Coahuila, a trav\u00e9s de la Secretar\u00eda del Trabajo y del Servicio Nacional del Empleo (SNE) Laguna, invita a la Feria Nacional para la Inclusi\u00f3n Laboral de las Mujeres 2022.<\/p>\n\n\n\n<p>La Secretar\u00eda del Trabajo&nbsp; detall\u00f3 que este evento se organiza de la mano con el Centro de Justicia y Empoderamiento para las Mujeres de Torre\u00f3n, en el marco del D\u00eda Internacional de la Mujer.<\/p>\n\n\n\n<p>Se ofrecer\u00e1n m\u00e1s de 500 vacantes, en un evento que ser\u00e1 ma\u00f1ana 9 de marzo en las instalaciones del centro, ubicado en Francisco Sarabia No. 10, de la Colonia San Felipe, de las 08:00 a las 14:00 horas.<\/p>\n\n\n\n<p>\u201cEstas vacantes se ponen a disposici\u00f3n de las mujeres para que puedan adquirir empleo, y as\u00ed poder reducir la brecha laboral que aun existe en Coahuila y a nivel nacional.<\/p>\n\n\n\n<p>Es un trabajo multifuncional que hacemos las diferentes instituciones para ponerlas al servicio de las mujeres\u201d.<\/p>\n\n\n\n<p>Participar\u00e1n 21 empresas, entre ellas:<\/p>\n\n\n\n<p>&#8211; Lagupanificadora<\/p>\n\n\n\n<p>&#8211; Centro Penitenciario #18<\/p>\n\n\n\n<p>&#8211; Integra Capital Humano<\/p>\n\n\n\n<p>&#8211; Sears<\/p>\n\n\n\n<p>&#8211; Toyota Boshoku<\/p>\n\n\n\n<p>&#8211; Linamar<\/p>\n\n\n\n<p>&#8211; Cimaco<\/p>\n\n\n\n<p>&#8211; Canaco<\/p>\n\n\n\n<p>&#8211; Lala<\/p>\n\n\n\n<p>&#8211; Canacintra<\/p>\n\n\n\n<p>&#8211; Palliser<\/p>\n\n\n\n<p>&#8211; Megacable<\/p>\n\n\n\n<p>&#8211; Zapater\u00eda Moderna<\/p>\n\n\n\n<p>&#8211; Farmacias Guadalajara<\/p>\n\n\n\n<p>&#8211; Grupo Valmur Smart Selection<\/p>\n\n\n\n<p>&#8211; Tiendas OXXO<\/p>\n\n\n\n<p>&#8211; Instituto Municipal de la Mujer<\/p>\n\n\n\n<p>&#8211; Centro de Justicia y Empoderamiento para la Mujer<\/p>\n\n\n\n<p>&#8211; Centro VALPAR<\/p>\n\n\n\n<p>&#8211; Icatec<\/p>\n\n\n\n<p>Los sueldos de las opciones que se promueven llegan a los 20 mil mensuales.<\/p>\n\n\n\n<p>Advirti\u00f3 que la invitaci\u00f3n es abierta, se hace en el marco de esta fecha, sin embargo tambi\u00e9n pueden acudir hombres que requieran de una oportunidad de trabajo.<\/p>\n\n\n\n<p>Subray\u00f3 que la recuperaci\u00f3n econ\u00f3mica para Coahuila sigue siendo importante, es lo que se ha enfatizado desde el inicio de la pandemia.<\/p>\n\n\n\n<p>La finalidad del Gobierno Estatal es vincular a las empresas con la ciudadan\u00eda, y viceversa, poder brindar oportunidades de empleo formal y con todas las prestaciones de Ley a las y los ciudadanos de esta regi\u00f3n.<\/p>\n\n\n\n<p>La Secretar\u00eda del Trabajo sugiri\u00f3 a los interesados en acudir, que lleven dos o tres solicitudes de empleo elaboradas para que las puedan distribuir entre las empresas en las que aspiran a trabajar.<\/p>\n\n\n\n<p>Para mayores informes, se pueden comunicar a los tel\u00e9fonos de las oficinas del SNE:&nbsp; 871 712 2760, 871712 7865, 871 71115 81 y 871 711 1582 o enviar un correo a&nbsp;<a href=\"mailto:snetorreon@hotmail.com\" target=\"_blank\" rel=\"noreferrer noopener\">snetorreon@hotmail.com<\/a><\/p>\n","protected":false},"excerpt":{"rendered":"<p>Torre\u00f3n, Coahuila de Zaragoza; a 8 de Marzo de 2022.- El Gobierno de Coahuila, a trav\u00e9s de la Secretar\u00eda del Trabajo y del Servicio Nacional del Empleo (SNE) Laguna, invita a la Feria Nacional para la Inclusi\u00f3n Laboral de las Mujeres 2022. La Secretar\u00eda del Trabajo&nbsp; detall\u00f3 que este evento se organiza de la mano con el Centro de Justicia y Empoderamiento para las Mujeres de Torre\u00f3n, en el marco&#8230;<\/p>\n","protected":false},"author":1,"featured_media":7533,"comment_status":"closed","ping_status":"closed","sticky":false,"template":"","format":"standard","meta":{"footnotes":""},"categories":[5,43,48,15],"tags":[],"class_list":["post-7532","post","type-post","status-publish","format-standard","has-post-thumbnail","hentry","category-coahuila","category-empleo","category-genero","category-gobierno-de-coahuila","wpcat-5-id","wpcat-43-id","wpcat-48-id","wpcat-15-id"],"_links":{"self":[{"href":"https:\/\/www.aquilaguna.com\/index.php\/wp-json\/wp\/v2\/posts\/7532","targetHints":{"allow":["GET"]}}],"collection":[{"href":"https:\/\/www.aquilaguna.com\/index.php\/wp-json\/wp\/v2\/posts"}],"about":[{"href":"https:\/\/www.aquilaguna.com\/index.php\/wp-json\/wp\/v2\/types\/post"}],"author":[{"embeddable":true,"href":"https:\/\/www.aquilaguna.com\/index.php\/wp-json\/wp\/v2\/users\/1"}],"replies":[{"embeddable":true,"href":"https:\/\/www.aquilaguna.com\/index.php\/wp-json\/wp\/v2\/comments?post=7532"}],"version-history":[{"count":1,"href":"https:\/\/www.aquilaguna.com\/index.php\/wp-json\/wp\/v2\/posts\/7532\/revisions"}],"predecessor-version":[{"id":7534,"href":"https:\/\/www.aquilaguna.com\/index.php\/wp-json\/wp\/v2\/posts\/7532\/revisions\/7534"}],"wp:featuredmedia":[{"embeddable":true,"href":"https:\/\/www.aquilaguna.com\/index.php\/wp-json\/wp\/v2\/media\/7533"}],"wp:attachment":[{"href":"https:\/\/www.aquilaguna.com\/index.php\/wp-json\/wp\/v2\/media?parent=7532"}],"wp:term":[{"taxonomy":"category","embeddable":true,"href":"https:\/\/www.aquilaguna.com\/index.php\/wp-json\/wp\/v2\/categories?post=7532"},{"taxonomy":"post_tag","embeddable":true,"href":"https:\/\/www.aquilaguna.com\/index.php\/wp-json\/wp\/v2\/tags?post=7532"}],"curies":[{"name":"wp","href":"https:\/\/api.w.org\/{rel}","templated":true}]}}