{"id":759,"date":"2021-03-07T19:06:58","date_gmt":"2021-03-08T01:06:58","guid":{"rendered":"https:\/\/www.aquilaguna.com\/?p=759"},"modified":"2021-03-07T19:06:58","modified_gmt":"2021-03-08T01:06:58","slug":"aqui-laguna-11","status":"publish","type":"post","link":"https:\/\/www.aquilaguna.com\/index.php\/2021\/03\/07\/aqui-laguna-11\/","title":{"rendered":"Aqu\u00ed Laguna."},"content":{"rendered":"\n<p>\u00a1Vaya,! \u00a1Vallas! La de l\u00e1minas de cuatro metros de altura, muy bien alineaditas, representaci\u00f3n f\u00edsica de los muros que restan aun por escalar, por derribar a las mujeres en este pa\u00eds, y una de las contradicciones que aun no se resuelven con todo y el avance que registran las luchas de la mujer por alcanzar los estadios de igualdad, en una sociedad con profundas ra\u00edces patriarcales y que afloran, a la menor provocaci\u00f3n, como es el caso en el que el Presidente Andr\u00e9s Manuel L\u00f3pez Obrador es exhibido, con la sola colocaci\u00f3n de la valla que rodea la fachada principal del palacio nacional que habita, que seg\u00fan refr\u00e1n popular &#8220;el miedo, no anda en burro&#8221;, con todo y que afirma &#8220;es solo para proteger&#8221;, las paredes del inmueble de las agresiones que visionariamente anticipa infligir\u00e1n &#8220;los infiltrados&#8221; en los grupos de mujeres y colectivos que las agrupan en este d\u00eda, seg\u00fan convocatorias que circulan en redes sociales, se manifiesten en la amplia y simb\u00f3lica plancha del Z\u00f3calo en la capital del pa\u00eds que realicen dice &#8220;provocadores conservadores&#8221;, en las esperadas manifestaciones que con motivo de una conmemoraci\u00f3n mas del D\u00eda Internacional de la Mujer, que tiene celebraci\u00f3n formal en nuestro pa\u00eds desde hace 46 a\u00f1os, si bien tal fecha nace en el vecino pa\u00eds hace ya 111 a\u00f1os y que es motivo reiterar, de rememorar la lucha por alcanzar la igualdad de g\u00e9nero, sin cortapisas, naci\u00f3 y pasa por las luchas laborales emprendidas luego que la mujer ingres\u00f3 de lleno al mercado del trabajo, espacio conquistado aun antes del ejercicio de derechos pol\u00edticos plenos en nuestro pa\u00eds y que hoy se ejercen en contextos desiguales, por mas y que el marco legal los garantice igualdad a secas, disposici\u00f3n que culturalmente se rezaga y se rezaga y ah\u00ed advertimos que en el marco de la pandemia que aun no acaba, si bien desciende la reclusi\u00f3n ha tenido efectos negativos para las mujeres, seg\u00fan se advierte, en la expresi\u00f3n mas grave de la violencia, es decir, en el n\u00famero de femenicidios, de violaciones, de acoso que se registra nuestro pa\u00eds solo en este \u00faltimo a\u00f1o y citar luego, la que viven muchas mujeres y sus hijos e en el interior de sus hogares, v\u00edctimas de la persistente violencia dom\u00e9stica, pues obligadas han estado a dormir con el enemigo, que habita la misma casa y por ello mismo &#8220;cargan con la cruz&#8221;, como dec\u00edan las mujeres de las generaciones pasadas, si bien ya no tan resignadamente.<br><br>De ah\u00ed la importancia que cobra para las presentes generaciones la creaci\u00f3n y vigencia de instituciones que protegen a la mujeres de la carga cultural, y que se expresa en violencia que aun se padece y que en Coahuila, desde el sexenio anterior, se crearon los Centros de Justicia y Empoderamiento para la Mujer, cual instrumentos de los cuales la mujer agredida, violentada, puede acudir o realizar llamadas de auxilio sabedora de que encontrar\u00e1 respuesta.<br><br>Los varones sabe ya que no son ya impunes, pues la fuerza de una instituci\u00f3n del Estado creada exprofeso las protege, mas all\u00e1 de los discursos melosos que hab\u00edamos venido escuchando desde hace muchos ayeres, en cada conmemoraci\u00f3n de este famoso d\u00eda.<br><br><br>Estad\u00edsticas en mano, en Torre\u00f3n la Licenciada Martha Rodr\u00edguez Romero quien tiene a su cargo el Centro de Justicia citado, muestra los resultados tangibles alcanzados en la defensa y protecci\u00f3n de la mujer, de acciones tangibles, valorables que muestran la validez de las estrategias desplegadas para alcanzar tal objetivo, si bien alcanzar estadios de mayores alcances en materia de igualdad de g\u00e9nero y el vivir en una sociedad libre de violencia el camino es aun largo, pero toca a cada mujer luchar por ello, esforzarse por alcanzar mayor educaci\u00f3n formal, acad\u00e9mica, laboral, que las capacite para contribuir a crear las condiciones de igualdad que se buscan en la competencia por un sitio en el mercado laboral, pero mas aun alcanzar los los estadios emocionales necesarios para ser due\u00f1as de de sus destinos, que obvio incluye con todo y los avances, ser compa\u00f1eras y madres, y con ello el desempe\u00f1o de la aun no diluida y distribuidas tareas hist\u00f3ricas, es decir, la crianza de los hijos y el desarrollo de las los quehaceres dom\u00e9sticos, sobre todo estos \u00faltimos,pero ya no hay que desesperarnos, ya est\u00e1n aqu\u00ed, robots de primera generaci\u00f3n que afirman y a realizan algunas de estas ultimas.<br><br><br>Y bien por el Gobernador Miguel Angel Riquelme Solis, quien no se anduvo por las ramas y habl\u00f3 fuerte, pero sobre todo claro, sobre su papel ante el proceso electoral federal en marcha en el acto celebrado en Saltillo capital en el cual el PRI tom\u00f3 la protesta a quienes ser\u00e1n &#8220;bien planchaditos&#8221; sus candidatos a alcaldes y diputados federales toda vez que solo registr\u00f3 un cambio inicial al ubicar a Sahmir Fern\u00e1ndez, en el sitio que originalmente hab\u00eda sido anunciado para Jos\u00e9 Antonio Guti\u00e9rrez Jard\u00f3n, pero no mas. El mensaje tiene sin duda destinatario.<br><br>Con todo y ello el PRI de nueva cuenta mostr\u00f3 m\u00fasculo, pero sobre todo ventaja en tiempo sobre el resto de quienes resulten ser sus contendientes bajo las diferentes banderas partidistas, que a mas tardar, tendr\u00e1n solo del 25 al 29 del presente, tiempo para hacer los registros correspondientes y cuando la mayor\u00eda de estos no concluye en tanto ni tan siquiera inician los procesos de selecci\u00f3n de sus candidatos que estar\u00e1n sujetos a la equidad de genero, y diremos que en algunos partidos, como es el caso del resucitado Partido Encuentro Social, sus personeros, uno de los cuales ya se alz\u00f3 con la candidatura a la alcald\u00eda de Torre\u00f3n -Juan Jos\u00e9 Arellano Ram\u00edrez-, que se coloc\u00f3 de paso tambi\u00e9n como dirigente regional de tales siglas y anda por ah\u00ed material y literalmente &#8220;rasgu\u00f1ando&#8221; ilusos que quieran figurar como sus candidatos o bien hacerse cargo de las inexistentes filas partidistas y sus comit\u00e9s municipales en los municipios laguneros a cambio de que se dejen tomar fotograf\u00edas montando algunos de sus caballos de su &#8220;centro de equinoterapia&#8221;, su \u00fanica bandera, luego de haber fracasado en reunir las siete mil firmas necesarias para poder haber figurado como candidato independiente a la presidencia de la Perla de la Laguna. Algunos morir\u00e1n enga\u00f1ados, como se dice por ah\u00ed.<br><br><br>Felicite, pues lo merece, a la Doctora Sandra L\u00f3pez Chavarria que alcanz\u00f3 su primer a\u00f1o de gesti\u00f3n al frente de la Unidad Torre\u00f3n de la Universidad Aut\u00f3noma de Coahuila y lo hizo bien, con una intervenci\u00f3n de nivel, dio a conocer de los esfuerzos por asumir y alcanzar las metas acad\u00e9micas en este atropellado a\u00f1o con los menores costos posibles, representados estos en deserci\u00f3n y rezagos que a marchas forzadas se han podido ir superando con capacitaci\u00f3n de docentes, aumento al n\u00famero de becarios y resilencia, sobre todo \u00e9sta ultima parte de todos lo quienes integran la comunidad universitaria.<br><br>El acto informativo cont\u00f3 con la presencia y la felicitaci\u00f3n correspondiente del Rector Salvador Hern\u00e1ndez V\u00e9lez, quien tambi\u00e9n a marchas forzadas se recupera del severo ataque de coronavirus quien dio a conocer el reinicio de actividades presenciales a partir del pr\u00f3ximo mes de abril, que en este caso y semestre sera mixto, pues afirma que &#8220;la educaci\u00f3n a distancia lleg\u00f3 para quedarse&#8221;.<br><br><br>Y a no confiarnos, si bien el coronavirus baja su incidencia y virulencia, est\u00e1 aun entre nosotros.<\/p>\n","protected":false},"excerpt":{"rendered":"<p>\u00a1Vaya,! \u00a1Vallas! La de l\u00e1minas de cuatro metros de altura, muy bien alineaditas, representaci\u00f3n f\u00edsica de los muros que restan aun por escalar, por derribar a las mujeres en este pa\u00eds, y una de las contradicciones que aun no se resuelven con todo y el avance que registran las luchas de la mujer por alcanzar los estadios de igualdad, en una sociedad con profundas ra\u00edces patriarcales y que afloran, a&#8230;<\/p>\n","protected":false},"author":2,"featured_media":0,"comment_status":"closed","ping_status":"","sticky":false,"template":"","format":"standard","meta":{"footnotes":""},"categories":[8],"tags":[],"class_list":["post-759","post","type-post","status-publish","format-standard","hentry","category-aqui-laguna","wpcat-8-id"],"_links":{"self":[{"href":"https:\/\/www.aquilaguna.com\/index.php\/wp-json\/wp\/v2\/posts\/759","targetHints":{"allow":["GET"]}}],"collection":[{"href":"https:\/\/www.aquilaguna.com\/index.php\/wp-json\/wp\/v2\/posts"}],"about":[{"href":"https:\/\/www.aquilaguna.com\/index.php\/wp-json\/wp\/v2\/types\/post"}],"author":[{"embeddable":true,"href":"https:\/\/www.aquilaguna.com\/index.php\/wp-json\/wp\/v2\/users\/2"}],"replies":[{"embeddable":true,"href":"https:\/\/www.aquilaguna.com\/index.php\/wp-json\/wp\/v2\/comments?post=759"}],"version-history":[{"count":1,"href":"https:\/\/www.aquilaguna.com\/index.php\/wp-json\/wp\/v2\/posts\/759\/revisions"}],"predecessor-version":[{"id":760,"href":"https:\/\/www.aquilaguna.com\/index.php\/wp-json\/wp\/v2\/posts\/759\/revisions\/760"}],"wp:attachment":[{"href":"https:\/\/www.aquilaguna.com\/index.php\/wp-json\/wp\/v2\/media?parent=759"}],"wp:term":[{"taxonomy":"category","embeddable":true,"href":"https:\/\/www.aquilaguna.com\/index.php\/wp-json\/wp\/v2\/categories?post=759"},{"taxonomy":"post_tag","embeddable":true,"href":"https:\/\/www.aquilaguna.com\/index.php\/wp-json\/wp\/v2\/tags?post=759"}],"curies":[{"name":"wp","href":"https:\/\/api.w.org\/{rel}","templated":true}]}}