{"id":761,"date":"2021-03-08T11:28:56","date_gmt":"2021-03-08T17:28:56","guid":{"rendered":"https:\/\/www.aquilaguna.com\/?p=761"},"modified":"2021-03-08T11:28:57","modified_gmt":"2021-03-08T17:28:57","slug":"dia-internacional-de-la-mujer","status":"publish","type":"post","link":"https:\/\/www.aquilaguna.com\/index.php\/2021\/03\/08\/dia-internacional-de-la-mujer\/","title":{"rendered":"D\u00cdA INTERNACIONAL DE LA MUJER."},"content":{"rendered":"\n<p><strong>Por Fernando Rangel de Le\u00f3n<\/strong><\/p>\n\n\n\n<p>El 8 de marzo de 1857, en Nueva York, por protestar en las calles contra<br>sus patrones por pagarles la mitad del salario de los hombres, hacerlas <br>embarazadas, tener jornadas de diez horas o m\u00e1s, y ser sus condiciones de<br>trabajo infrahumanas; las mujeres trabajadoras fueron reprimidas por la <br>causando la muerte de 129 de ellas; siendo \u00e9ste un antecedente del <br>de los obreros que culmin\u00f3 con los M\u00e1rtires de Chicago, el 1\u00b0 de mayo de <br>que dio lugar a el D\u00eda del Trabajo; y que acogi\u00f3 las demandas laborales de <br>trabajadoras, como el descanso antes, durante y despu\u00e9s del embarazo, y de <br>lactancia; as\u00ed como de las guarder\u00edas.<\/p>\n\n\n\n<p><br>Adem\u00e1s las mujeres han demandado la igualdad con el hombre en lo<br>social, econ\u00f3mico, cultural, deportivo, pol\u00edtico, etc\u00e9tera; habiendo logrado <br>mucho el reconocimiento a su derecho a votar y ser votadas para los cargos <br>elecci\u00f3n popular, que fue reconocido por el Estado en las leyes en 1953; que <br>ha llevado a ocupar todos los puestos de elecci\u00f3n popular; falt\u00e1ndole solo <br>Presidencia de la Rep\u00fablica; la que probablemente obtenga en 2024; pues <br>primera vez en la historia 9 de los veinte integrantes del gabinete del <br>Andr\u00e9 Manuel L\u00f3pez Obrador, son mujeres; el 50.8% son senadoras, el  <br>diputadas; y hay 7 mujeres candidatas de las 15 gubernaturas; y en lo<br>administrativo y judicial la mujer ocupa un alto porcentaje en los altos puestos.<\/p>\n\n\n\n<p>Fue la trabajadora alemana Clara Zetkin, quien en 1910, propuso un d\u00eda<br>internacional de la mujer; oficializ\u00e1ndolo el 8 de marzo, la ONU, en 1977, en <br>las mujeres de todo el mundo lo celebran de distintas formas seg\u00fan los <br>del lugar y el tiempo que les toca vivir.<\/p>\n\n\n\n<p><br>Ahorita, ante los comicios del pr\u00f3ximo domingo 6 de junio, las mujeres de<br>M\u00e9xico, celebrar\u00e1n su d\u00eda manifest\u00e1ndose masivamente unas en favor de la <br>otras en contra; por lo que el Gobierno de la ciudad de M\u00e9xico, ha tomado <br>las precauciones para que no se da\u00f1e a las personas y a los edificios <br>blind\u00e1ndolos contra los posibles actos vand\u00e1licos causados por an\u00e1rquicos<br>azuzados por los opositores.<\/p>\n\n\n\n<p><br>Esta celebraci\u00f3n del D\u00eda Internacional de la Mujer, es la segunda con el<br>COVID-19, que como hace un a\u00f1o no impidi\u00f3 que un grupo de mujeres<br>progresistas lo celebraran con un acto en la plaza principal de Torre\u00f3n, en <br>destac\u00f3 la participaci\u00f3n de una estudiante de la PVC, que ataviada con el <br>de Sor Juana In\u00e9s de la Cruz, declam\u00f3 uno de sus m\u00e1s conocidos versos.<\/p>\n\n\n\n<p><br>Mientras las mujeres celebren el 8 de marzo, pac\u00edfica y respetuosamente,<br>todos los hombres las apoyaremos porque somos iguales a ella en todo, <br>que ellas hacen posible el milagro de la vida.<\/p>\n","protected":false},"excerpt":{"rendered":"<p>Por Fernando Rangel de Le\u00f3n El 8 de marzo de 1857, en Nueva York, por protestar en las calles contrasus patrones por pagarles la mitad del salario de los hombres, hacerlas embarazadas, tener jornadas de diez horas o m\u00e1s, y ser sus condiciones detrabajo infrahumanas; las mujeres trabajadoras fueron reprimidas por la causando la muerte de 129 de ellas; siendo \u00e9ste un antecedente del de los obreros que culmin\u00f3 con&#8230;<\/p>\n","protected":false},"author":1,"featured_media":0,"comment_status":"closed","ping_status":"closed","sticky":false,"template":"","format":"standard","meta":{"footnotes":""},"categories":[6],"tags":[],"class_list":["post-761","post","type-post","status-publish","format-standard","hentry","category-fernando-rangel","wpcat-6-id"],"_links":{"self":[{"href":"https:\/\/www.aquilaguna.com\/index.php\/wp-json\/wp\/v2\/posts\/761","targetHints":{"allow":["GET"]}}],"collection":[{"href":"https:\/\/www.aquilaguna.com\/index.php\/wp-json\/wp\/v2\/posts"}],"about":[{"href":"https:\/\/www.aquilaguna.com\/index.php\/wp-json\/wp\/v2\/types\/post"}],"author":[{"embeddable":true,"href":"https:\/\/www.aquilaguna.com\/index.php\/wp-json\/wp\/v2\/users\/1"}],"replies":[{"embeddable":true,"href":"https:\/\/www.aquilaguna.com\/index.php\/wp-json\/wp\/v2\/comments?post=761"}],"version-history":[{"count":1,"href":"https:\/\/www.aquilaguna.com\/index.php\/wp-json\/wp\/v2\/posts\/761\/revisions"}],"predecessor-version":[{"id":762,"href":"https:\/\/www.aquilaguna.com\/index.php\/wp-json\/wp\/v2\/posts\/761\/revisions\/762"}],"wp:attachment":[{"href":"https:\/\/www.aquilaguna.com\/index.php\/wp-json\/wp\/v2\/media?parent=761"}],"wp:term":[{"taxonomy":"category","embeddable":true,"href":"https:\/\/www.aquilaguna.com\/index.php\/wp-json\/wp\/v2\/categories?post=761"},{"taxonomy":"post_tag","embeddable":true,"href":"https:\/\/www.aquilaguna.com\/index.php\/wp-json\/wp\/v2\/tags?post=761"}],"curies":[{"name":"wp","href":"https:\/\/api.w.org\/{rel}","templated":true}]}}